[{"command":"settings","settings":{"pluralDelimiter":"\u0003","suppressDeprecationErrors":true,"ajaxPageState":{"libraries":"eJxLzi9K1S_ITC4pLUpNy8zJ0UmpzEvMzUyOT80rySypjM_JLC7RL87IL4_PBaoEALH_EqY","theme":"ivory","theme_token":null},"ajaxTrustedUrl":[],"user":{"uid":0,"permissionsHash":"9c975576f1b96e43d31b3ff34c1ca6b53b6096ff14d83974ef00f2d68011e8fb"}},"merge":true},{"command":"add_css","data":[{"rel":"stylesheet","media":"all","href":"\/core\/themes\/stable9\/css\/core\/components\/progress.module.css?te7139"},{"rel":"stylesheet","media":"all","href":"\/core\/themes\/stable9\/css\/core\/components\/ajax-progress.module.css?te7139"},{"rel":"stylesheet","media":"all","href":"\/themes\/contrib\/gin\/dist\/css\/components\/ajax.css?te7139"}]},{"command":"add_js","selector":"body","data":[{"src":"\/core\/assets\/vendor\/jquery\/jquery.min.js?v=4.0.0"},{"src":"\/sites\/default\/files\/js\/js_d-vnMCVcm62poJDWZlvQBKmmovo43M5e-K1h1hoM2I8.js?scope=footer\u0026delta=1\u0026language=de-geb\u0026theme=ivory\u0026include=eJxLqcxLzM1Mjk_NK8ksqYzPySwu0S_OyC-Pz80vSgUAtBcL_w"}]},{"command":"showMoreTeasers","id":"del--paragraph-656569","content":"\u003Ca href=\u0022\/service\/software-neue-version-ist-auf-verschiedenen-endgeraeten-nutzbar\u0022  class=\u0022teaser teaser--standard\u0022 aria-label=\u0022Neue Version ist auf verschiedenen Endger\u00e4ten nutzbar\r\u0022\u003E\n      \u003Cdiv class=\u0022teaser-content--image\u0022\u003E\n        \u003Cfigure class=\u0022image--figure\u0022\u003E\n        \u003Cpicture\u003E\n                        \u003Csource srcset=\u0022\/sites\/default\/files\/styles\/teaser_standard__m\/public\/aurora\/2026\/03\/525850.jpeg.webp?itok=5BhxgiVR 1x\u0022 media=\u0022(min-width: 48.0625em) and (max-width: 64em)\u0022 type=\u0022image\/webp\u0022 width=\u0022323\u0022 height=\u0022181\u0022\/\u003E\n                  \u003Csource srcset=\u0022\/sites\/default\/files\/styles\/teaser_standard__l\/public\/aurora\/2026\/03\/525850.jpeg.webp?itok=iITcHKjc 1x\u0022 media=\u0022(min-width: 64.0625em)\u0022 type=\u0022image\/webp\u0022 width=\u0022203\u0022 height=\u0022114\u0022\/\u003E\n                  \u003Csource srcset=\u0022\/sites\/default\/files\/styles\/teaser_standard__m\/public\/aurora\/2026\/03\/525850.jpeg?itok=-CumOBQQ 1x\u0022 media=\u0022(min-width: 48.0625em) and (max-width: 64em)\u0022 type=\u0022image\/jpeg\u0022 width=\u0022323\u0022 height=\u0022181\u0022\/\u003E\n                  \u003Csource srcset=\u0022\/sites\/default\/files\/styles\/teaser_standard__l\/public\/aurora\/2026\/03\/525850.jpeg?itok=hZCNzOvb 1x\u0022 media=\u0022(min-width: 64.0625em)\u0022 type=\u0022image\/jpeg\u0022 width=\u0022203\u0022 height=\u0022114\u0022\/\u003E\n                          \u003Cimg loading=\u0022eager\u0022 data-caption-hide width=\u0022708\u0022 height=\u0022397\u0022 data-zoomed=\u0022https:\/\/www.geb-info.de\/sites\/default\/files\/styles\/content__zoomed\/public\/aurora\/2026\/03\/525850.jpeg?itok=-pX93nD0\u0022 src=\u0022\/sites\/default\/files\/styles\/teaser_standard__s\/public\/aurora\/2026\/03\/525850.jpeg?itok=FZBRwjd_\u0022 title=\u0022Der geteilte Bildschirm zeigt Geb\u00e4udedaten in einer Tabelle auf der linken Seite und ein 3D-Architekturmodell auf der rechten Seite. - \u00a9 Bild: ZUB Systems\u0022 \/\u003E\n\n    \u003C\/picture\u003E\n      \u003Cfigcaption class=\u0022image--figcaption\u0022\u003E\n          \u003Cdiv class=\u0022copyright\u0022\u003EBild: ZUB Systems\u003C\/div\u003E\n          \u003C\/figcaption\u003E\n\u003C\/figure\u003E\n\n\n    \u003C\/div\u003E\n    \u003Cdiv class=\u0022teaser-content\u0022\u003E\n                    \u003Cdiv class=\u0022teaser-content--kicker\u0022\u003E\n                    Software\n        \u003C\/div\u003E\n                                              \n                        \n        \u003Ch4 class=\u0022teaser-content--headline\u0022\u003E\n                                Neue Version ist auf verschiedenen Endger\u00e4ten \n                              \u003Cspan class=\u0022headline-last-word-arrow\u0022\u003Enutzbar                      \u003C\/span\u003E\n        \u003C\/h4\u003E\n            \u003Cdiv class=\u0022teaser-content--publishing-date\u0022\u003E\u003Ctime datetime=\u00222026-04-07T12:09:23Z\u0022\u003E07.04.2026\u003C\/time\u003E\n\u003C\/div\u003E\u003Cspan class=\u0022teaser-content--publishing-date-divider\u0022\u003E - \u003C\/span\u003E\u003Cdiv class=\u0022teaser-content--body\u0022\u003E  \u003Cp\u003EDie Software ZUB E-CAD 6 von ZUB Systems bietet Energieberatenden eine Grundlage f\u00fcr die Geb\u00e4udebilanzierung. Die neue Version erleichtert die Ermittlung von Fl\u00e4chen, Volumina und Zonen gem\u00e4\u00df DIN V 18599-10 und erm\u00f6glicht durch eine COM-Schnittstelle zur Energieberatersoftware ZUB Helena eine...\u003C\/p\u003E\n\n\n\u003C\/div\u003E\n                        \u003Cspan class=\u0022read-more-arrow-container\u0022\u003E\n            \u003Cspan class=\u0022read-more-angled-arrow\u0022\u003E \u003C\/span\u003E\n          \u003C\/span\u003E\n                  \u003C\/div\u003E\n    \u003C\/a\u003E\n\u003Ca href=\u0022\/gebaeudekonzepte\/berliner-quartier-entsteht-modulbauweise\u0022  class=\u0022teaser teaser--standard\u0022 aria-label=\u0022Berliner Quartier entsteht in Modulbauweise\u0022\u003E\n      \u003Cdiv class=\u0022teaser-content--image\u0022\u003E\n        \u003Cfigure class=\u0022image--figure\u0022\u003E\n        \u003Cpicture\u003E\n                        \u003Csource srcset=\u0022\/sites\/default\/files\/styles\/teaser_standard__m\/public\/aurora\/2026\/03\/526353.jpeg.webp?itok=wMgORoJy 1x\u0022 media=\u0022(min-width: 48.0625em) and (max-width: 64em)\u0022 type=\u0022image\/webp\u0022 width=\u0022323\u0022 height=\u0022215\u0022\/\u003E\n                  \u003Csource srcset=\u0022\/sites\/default\/files\/styles\/teaser_standard__l\/public\/aurora\/2026\/03\/526353.jpeg.webp?itok=dtrmi_UP 1x\u0022 media=\u0022(min-width: 64.0625em)\u0022 type=\u0022image\/webp\u0022 width=\u0022203\u0022 height=\u0022135\u0022\/\u003E\n                  \u003Csource srcset=\u0022\/sites\/default\/files\/styles\/teaser_standard__m\/public\/aurora\/2026\/03\/526353.jpeg?itok=8oE0zuJ5 1x\u0022 media=\u0022(min-width: 48.0625em) and (max-width: 64em)\u0022 type=\u0022image\/jpeg\u0022 width=\u0022323\u0022 height=\u0022215\u0022\/\u003E\n                  \u003Csource srcset=\u0022\/sites\/default\/files\/styles\/teaser_standard__l\/public\/aurora\/2026\/03\/526353.jpeg?itok=LvXXmvYm 1x\u0022 media=\u0022(min-width: 64.0625em)\u0022 type=\u0022image\/jpeg\u0022 width=\u0022203\u0022 height=\u0022135\u0022\/\u003E\n                          \u003Cimg alt=\u0022Die vorgefertigten Module f\u00fcr das Berliner Quartier werden im Werk F\u00fcrstenwalde produziert und vor Ort montiert.\u0022 loading=\u0022eager\u0022 data-caption-hide width=\u0022597\u0022 height=\u0022398\u0022 data-zoomed=\u0022https:\/\/www.geb-info.de\/sites\/default\/files\/styles\/content__zoomed\/public\/aurora\/2026\/03\/526353.jpeg?itok=_xgipZtL\u0022 src=\u0022\/sites\/default\/files\/styles\/teaser_standard__s\/public\/aurora\/2026\/03\/526353.jpeg?itok=bIqsTY38\u0022 title=\u0022\u00a9 DEUTSCHE ROCKWOOL GmbH \u0026amp; Co. KG\u0022 \/\u003E\n\n    \u003C\/picture\u003E\n      \u003Cfigcaption class=\u0022image--figcaption\u0022\u003E\n          \u003Cdiv class=\u0022copyright\u0022\u003EDEUTSCHE ROCKWOOL GmbH \u0026 Co. KG\u003C\/div\u003E\n          \u003C\/figcaption\u003E\n\u003C\/figure\u003E\n\n\n    \u003C\/div\u003E\n    \u003Cdiv class=\u0022teaser-content\u0022\u003E\n                    \u003Cdiv class=\u0022teaser-content--kicker\u0022\u003E\n                    \n        \u003C\/div\u003E\n                                              \n                        \n        \u003Ch4 class=\u0022teaser-content--headline\u0022\u003E\n                                Berliner Quartier entsteht in \n                              \u003Cspan class=\u0022headline-last-word-arrow\u0022\u003EModulbauweise                      \u003C\/span\u003E\n        \u003C\/h4\u003E\n            \u003Cdiv class=\u0022teaser-content--publishing-date\u0022\u003E\u003Ctime datetime=\u00222026-04-06T04:00:04Z\u0022\u003E06.04.2026\u003C\/time\u003E\n\u003C\/div\u003E\u003Cspan class=\u0022teaser-content--publishing-date-divider\u0022\u003E - \u003C\/span\u003E\u003Cdiv class=\u0022teaser-content--body\u0022\u003E\u003Cp\u003EIm Berliner Nordosten entstehen \u00fcber 1.500 Wohnungen und Gewerbeeinheiten in modularer Stahlbauweise. D\u00e4mmstoffe aus Steinwolle bieten W\u00e4rme-, Schall- und Brandschutz.\u003C\/p\u003E\n\u003C\/div\u003E\n                        \u003Cspan class=\u0022read-more-arrow-container\u0022\u003E\n            \u003Cspan class=\u0022read-more-angled-arrow\u0022\u003E \u003C\/span\u003E\n          \u003C\/span\u003E\n                  \u003C\/div\u003E\n    \u003C\/a\u003E\n\u003Ca href=\u0022\/service\/leitfaden-bewertungstool-erleichtert-qng-zertifizierung-oeffentlicher-gebaeude\u0022  class=\u0022teaser teaser--standard\u0022 aria-label=\u0022Bewertungstool erleichtert QNG-\u00adZertifizierung \u00f6ffentlicher \u00adGeb\u00e4ude\r\u0022\u003E\n      \u003Cdiv class=\u0022teaser-content--image\u0022\u003E\n        \u003Cfigure class=\u0022image--figure\u0022\u003E\n        \u003Cpicture\u003E\n                        \u003Csource srcset=\u0022\/sites\/default\/files\/styles\/teaser_standard__m\/public\/aurora\/2026\/02\/517093.jpeg.webp?itok=4kpikgwL 1x\u0022 media=\u0022(min-width: 48.0625em) and (max-width: 64em)\u0022 type=\u0022image\/webp\u0022 width=\u0022323\u0022 height=\u0022159\u0022\/\u003E\n                  \u003Csource srcset=\u0022\/sites\/default\/files\/styles\/teaser_standard__l\/public\/aurora\/2026\/02\/517093.jpeg.webp?itok=oxwP6ZLC 1x\u0022 media=\u0022(min-width: 64.0625em)\u0022 type=\u0022image\/webp\u0022 width=\u0022203\u0022 height=\u0022100\u0022\/\u003E\n                  \u003Csource srcset=\u0022\/sites\/default\/files\/styles\/teaser_standard__m\/public\/aurora\/2026\/02\/517093.jpeg?itok=euthIbsY 1x\u0022 media=\u0022(min-width: 48.0625em) and (max-width: 64em)\u0022 type=\u0022image\/jpeg\u0022 width=\u0022323\u0022 height=\u0022159\u0022\/\u003E\n                  \u003Csource srcset=\u0022\/sites\/default\/files\/styles\/teaser_standard__l\/public\/aurora\/2026\/02\/517093.jpeg?itok=9KaP9U7L 1x\u0022 media=\u0022(min-width: 64.0625em)\u0022 type=\u0022image\/jpeg\u0022 width=\u0022203\u0022 height=\u0022100\u0022\/\u003E\n                          \u003Cimg loading=\u0022eager\u0022 data-caption-hide width=\u0022708\u0022 height=\u0022349\u0022 data-zoomed=\u0022https:\/\/www.geb-info.de\/sites\/default\/files\/styles\/content__zoomed\/public\/aurora\/2026\/02\/517093.jpeg?itok=N_flmD6B\u0022 src=\u0022\/sites\/default\/files\/styles\/teaser_standard__s\/public\/aurora\/2026\/02\/517093.jpeg?itok=eDf7Gwa-\u0022 title=\u0022Modernes Geb\u00e4ude mit gro\u00dfen Glasfenstern und vertikalen S\u00e4ulen, umgeben von Gras und blattlosen B\u00e4umen. - \u00a9 Bild: LNB\u0022 \/\u003E\n\n    \u003C\/picture\u003E\n      \u003Cfigcaption class=\u0022image--figcaption\u0022\u003E\n          \u003Cdiv class=\u0022copyright\u0022\u003EBild: LNB\u003C\/div\u003E\n          \u003C\/figcaption\u003E\n\u003C\/figure\u003E\n\n\n    \u003C\/div\u003E\n    \u003Cdiv class=\u0022teaser-content\u0022\u003E\n                    \u003Cdiv class=\u0022teaser-content--kicker\u0022\u003E\n                    Leitfaden\n        \u003C\/div\u003E\n                                              \n                        \n        \u003Ch4 class=\u0022teaser-content--headline\u0022\u003E\n                                Bewertungstool erleichtert QNG-\u00adZertifizierung \u00f6ffentlicher \n                              \u003Cspan class=\u0022headline-last-word-arrow\u0022\u003E\u00adGeb\u00e4ude                      \u003C\/span\u003E\n        \u003C\/h4\u003E\n            \u003Cdiv class=\u0022teaser-content--publishing-date\u0022\u003E\u003Ctime datetime=\u00222026-03-03T14:26:11Z\u0022\u003E03.03.2026\u003C\/time\u003E\n\u003C\/div\u003E\u003Cspan class=\u0022teaser-content--publishing-date-divider\u0022\u003E - \u003C\/span\u003E\u003Cdiv class=\u0022teaser-content--body\u0022\u003E  \u003Cp\u003EMit der bundesweiten Akkreditierung des LNB_QNG \u2013 Leitfadens Nachhaltig Bauen steht \u00f6ffentlichen Bauherren ab sofort ein anerkanntes Instrument f\u00fcr die Umsetzung von Nachhaltigkeitsstandards zur Verf\u00fcgung. Das Bewertungstool erm\u00f6glicht eine rechtssichere Anwendung f\u00fcr Neubauten und...\u003C\/p\u003E\n\n\n\u003C\/div\u003E\n                        \u003Cspan class=\u0022read-more-arrow-container\u0022\u003E\n            \u003Cspan class=\u0022read-more-angled-arrow\u0022\u003E \u003C\/span\u003E\n          \u003C\/span\u003E\n                  \u003C\/div\u003E\n    \u003C\/a\u003E\n\u003Ca href=\u0022\/gebaeudekonzepte\/buerohaus-muenchen-graefelfing-bietet-ganzjaehrigen-komfort-ohne-heiz-und\u0022  class=\u0022teaser teaser--standard\u0022 aria-label=\u0022B\u00fcrohaus in M\u00fcnchen-Gr\u00e4felfing bietet ganzj\u00e4hrigen Komfort ohne Heiz- und Klimatechnik\u0022\u003E\n      \u003Cdiv class=\u0022teaser-content--image\u0022\u003E\n        \u003Cfigure class=\u0022image--figure\u0022\u003E\n        \u003Cpicture\u003E\n                        \u003Csource srcset=\u0022\/sites\/default\/files\/styles\/teaser_standard__m\/public\/aurora\/2026\/02\/517500.jpeg.webp?itok=-FkZdZua 1x\u0022 media=\u0022(min-width: 48.0625em) and (max-width: 64em)\u0022 type=\u0022image\/webp\u0022 width=\u0022323\u0022 height=\u0022215\u0022\/\u003E\n                  \u003Csource srcset=\u0022\/sites\/default\/files\/styles\/teaser_standard__l\/public\/aurora\/2026\/02\/517500.jpeg.webp?itok=CJ8TR3yT 1x\u0022 media=\u0022(min-width: 64.0625em)\u0022 type=\u0022image\/webp\u0022 width=\u0022203\u0022 height=\u0022135\u0022\/\u003E\n                  \u003Csource srcset=\u0022\/sites\/default\/files\/styles\/teaser_standard__m\/public\/aurora\/2026\/02\/517500.jpeg?itok=FtJueC2D 1x\u0022 media=\u0022(min-width: 48.0625em) and (max-width: 64em)\u0022 type=\u0022image\/jpeg\u0022 width=\u0022323\u0022 height=\u0022215\u0022\/\u003E\n                  \u003Csource srcset=\u0022\/sites\/default\/files\/styles\/teaser_standard__l\/public\/aurora\/2026\/02\/517500.jpeg?itok=iHS_Y3Up 1x\u0022 media=\u0022(min-width: 64.0625em)\u0022 type=\u0022image\/jpeg\u0022 width=\u0022203\u0022 height=\u0022135\u0022\/\u003E\n                          \u003Cimg alt=\u0022Der nachhaltige B\u00fcroneubau in M\u00fcnchen-Gr\u00e4felfing setzt auf eine w\u00e4rmetechnisch optimierte Geb\u00e4udeh\u00fclle und intelligente Innenraumgestaltung statt herk\u00f6mmlicher Heiz- und Klimaanlagen.\u0022 loading=\u0022eager\u0022 data-caption-hide width=\u0022597\u0022 height=\u0022398\u0022 data-zoomed=\u0022https:\/\/www.geb-info.de\/sites\/default\/files\/styles\/content__zoomed\/public\/aurora\/2026\/02\/517500.jpeg?itok=iZV6C7EY\u0022 src=\u0022\/sites\/default\/files\/styles\/teaser_standard__s\/public\/aurora\/2026\/02\/517500.jpeg?itok=zV5tvpzX\u0022 title=\u0022\u00a9 Heiko Stahl\u0022 \/\u003E\n\n    \u003C\/picture\u003E\n      \u003Cfigcaption class=\u0022image--figcaption\u0022\u003E\n          \u003Cdiv class=\u0022copyright\u0022\u003EHeiko Stahl\u003C\/div\u003E\n          \u003C\/figcaption\u003E\n\u003C\/figure\u003E\n\n\n    \u003C\/div\u003E\n    \u003Cdiv class=\u0022teaser-content\u0022\u003E\n                    \u003Cdiv class=\u0022teaser-content--kicker\u0022\u003E\n                    \n        \u003C\/div\u003E\n                                              \n                        \n        \u003Ch4 class=\u0022teaser-content--headline\u0022\u003E\n                                B\u00fcrohaus in M\u00fcnchen-Gr\u00e4felfing bietet ganzj\u00e4hrigen Komfort ohne Heiz- und \n                              \u003Cspan class=\u0022headline-last-word-arrow\u0022\u003EKlimatechnik                      \u003C\/span\u003E\n        \u003C\/h4\u003E\n            \u003Cdiv class=\u0022teaser-content--publishing-date\u0022\u003E\u003Ctime datetime=\u00222026-03-01T05:00:03Z\u0022\u003E01.03.2026\u003C\/time\u003E\n\u003C\/div\u003E\u003Cspan class=\u0022teaser-content--publishing-date-divider\u0022\u003E - \u003C\/span\u003E\u003Cdiv class=\u0022teaser-content--body\u0022\u003E\u003Cp\u003EKann ein B\u00fcrogeb\u00e4ude ohne Heizung und Klimaanlage dauerhaft komfortable Temperaturen bieten? In M\u00fcnchen-Gr\u00e4felfing wurde dies mit einer massiven Ziegelh\u00fclle erstmals umgesetzt. Wie das geht, zeigt dieser Beitrag.\u003C\/p\u003E\n\u003C\/div\u003E\n                        \u003Cspan class=\u0022read-more-arrow-container\u0022\u003E\n            \u003Cspan class=\u0022read-more-angled-arrow\u0022\u003E \u003C\/span\u003E\n          \u003C\/span\u003E\n                  \u003C\/div\u003E\n    \u003C\/a\u003E\n\u003Ca href=\u0022\/schwerpunkt\/suffizienzhaus-u10-form-follows-foundings\u0022  class=\u0022teaser teaser--standard\u0022 aria-label=\u0022Form follows foundings\r\u0022\u003E\n      \u003Cdiv class=\u0022teaser-content--image\u0022\u003E\n        \u003Cfigure class=\u0022image--figure\u0022\u003E\n        \u003Cpicture\u003E\n                        \u003Csource srcset=\u0022\/sites\/default\/files\/styles\/teaser_standard__m\/public\/aurora\/2026\/02\/509132.jpeg.webp?itok=dWgCh6n3 1x\u0022 media=\u0022(min-width: 48.0625em) and (max-width: 64em)\u0022 type=\u0022image\/webp\u0022 width=\u0022227\u0022 height=\u0022242\u0022\/\u003E\n                  \u003Csource srcset=\u0022\/sites\/default\/files\/styles\/teaser_standard__l\/public\/aurora\/2026\/02\/509132.jpeg.webp?itok=8c6VMhxZ 1x\u0022 media=\u0022(min-width: 64.0625em)\u0022 type=\u0022image\/webp\u0022 width=\u0022143\u0022 height=\u0022152\u0022\/\u003E\n                  \u003Csource srcset=\u0022\/sites\/default\/files\/styles\/teaser_standard__m\/public\/aurora\/2026\/02\/509132.jpeg?itok=fSA7d6wy 1x\u0022 media=\u0022(min-width: 48.0625em) and (max-width: 64em)\u0022 type=\u0022image\/jpeg\u0022 width=\u0022227\u0022 height=\u0022242\u0022\/\u003E\n                  \u003Csource srcset=\u0022\/sites\/default\/files\/styles\/teaser_standard__l\/public\/aurora\/2026\/02\/509132.jpeg?itok=S-HFDKUr 1x\u0022 media=\u0022(min-width: 64.0625em)\u0022 type=\u0022image\/jpeg\u0022 width=\u0022143\u0022 height=\u0022152\u0022\/\u003E\n                          \u003Cimg loading=\u0022eager\u0022 data-caption-hide width=\u0022374\u0022 height=\u0022398\u0022 data-zoomed=\u0022https:\/\/www.geb-info.de\/sites\/default\/files\/styles\/content__zoomed\/public\/aurora\/2026\/02\/509132.jpeg?itok=MPVAXV0K\u0022 src=\u0022\/sites\/default\/files\/styles\/teaser_standard__s\/public\/aurora\/2026\/02\/509132.jpeg?itok=VjXv8pSW\u0022 title=\u0022Modernes Wohnhaus mit Holzlatten, Balkonen, Pflanzen und Menschen, die auf verschiedenen Etagen im Freien stehen. - \u00a9 Bild: foundation 5+ architekten \/ Constantin Meyer\u0022 \/\u003E\n\n    \u003C\/picture\u003E\n      \u003Cfigcaption class=\u0022image--figcaption\u0022\u003E\n          \u003Cdiv class=\u0022copyright\u0022\u003EBild: foundation 5+ architekten \/ Constantin Meyer\u003C\/div\u003E\n          \u003C\/figcaption\u003E\n\u003C\/figure\u003E\n\n\n    \u003C\/div\u003E\n    \u003Cdiv class=\u0022teaser-content\u0022\u003E\n                    \u003Cdiv class=\u0022teaser-content--kicker\u0022\u003E\n                    Suffizienzhaus U10\n        \u003C\/div\u003E\n                                              \n                        \n        \u003Ch4 class=\u0022teaser-content--headline\u0022\u003E\n                                Form follows \n                              \u003Cspan class=\u0022headline-last-word-arrow\u0022\u003Efoundings              \u003Cspan\n                  class=\u0022permission-lock permission-lock-icon--\u0022\u003E\u003C\/span\u003E\n                                  \u003C\/span\u003E\n        \u003C\/h4\u003E\n            \u003Cdiv class=\u0022teaser-content--publishing-date\u0022\u003E\u003Ctime datetime=\u00222026-02-03T10:12:07Z\u0022\u003E03.02.2026\u003C\/time\u003E\n\u003C\/div\u003E\u003Cspan class=\u0022teaser-content--publishing-date-divider\u0022\u003E - \u003C\/span\u003E\u003Cdiv class=\u0022teaser-content--body\u0022\u003E\u003Cp\u003EIn Kassel haben Foundation 5+ Architekten zusammen mit einer zehnk\u00f6pfigen Baugruppe die letzte Baul\u00fccke des neuen Martini Quartiers mit einem Massivholzbau geschlossen. Entstanden ist ein ressourcenschonendes und kosteng\u00fcnstiges Geb\u00e4ude zum gemeinschaftlichen Wohnen. Neben der Bauweise sind das Vermietungsmodell und der hohe Anteil von gebrauchten und recycelten Baumaterialien wegweisend.\u2003Claudia Siegele\u003C\/p\u003E\n\u003C\/div\u003E\n                        \u003Cspan class=\u0022read-more-arrow-container\u0022\u003E\n            \u003Cspan class=\u0022read-more-angled-arrow\u0022\u003E \u003C\/span\u003E\n          \u003C\/span\u003E\n                  \u003C\/div\u003E\n    \u003C\/a\u003E\n\u003Ca href=\u0022\/service\/fachbuch-standardwerk-fuer-holzrahmenbau-aktualisiert\u0022  class=\u0022teaser teaser--standard\u0022 aria-label=\u0022Standardwerk f\u00fcr Holzrahmenbau aktualisiert\r\u0022\u003E\n      \u003Cdiv class=\u0022teaser-content--image\u0022\u003E\n        \u003Cfigure class=\u0022image--figure\u0022\u003E\n        \u003Cpicture\u003E\n                        \u003Csource srcset=\u0022\/sites\/default\/files\/styles\/teaser_standard__m\/public\/aurora\/2026\/01\/509436.jpeg.webp?itok=RadG_8oo 1x\u0022 media=\u0022(min-width: 48.0625em) and (max-width: 64em)\u0022 type=\u0022image\/webp\u0022 width=\u0022176\u0022 height=\u0022242\u0022\/\u003E\n                  \u003Csource srcset=\u0022\/sites\/default\/files\/styles\/teaser_standard__l\/public\/aurora\/2026\/01\/509436.jpeg.webp?itok=Bnz6EE0X 1x\u0022 media=\u0022(min-width: 64.0625em)\u0022 type=\u0022image\/webp\u0022 width=\u0022110\u0022 height=\u0022152\u0022\/\u003E\n                  \u003Csource srcset=\u0022\/sites\/default\/files\/styles\/teaser_standard__m\/public\/aurora\/2026\/01\/509436.jpeg?itok=haD-v0fb 1x\u0022 media=\u0022(min-width: 48.0625em) and (max-width: 64em)\u0022 type=\u0022image\/jpeg\u0022 width=\u0022176\u0022 height=\u0022242\u0022\/\u003E\n                  \u003Csource srcset=\u0022\/sites\/default\/files\/styles\/teaser_standard__l\/public\/aurora\/2026\/01\/509436.jpeg?itok=pVz6jCaZ 1x\u0022 media=\u0022(min-width: 64.0625em)\u0022 type=\u0022image\/jpeg\u0022 width=\u0022110\u0022 height=\u0022152\u0022\/\u003E\n                          \u003Cimg loading=\u0022eager\u0022 data-caption-hide width=\u0022289\u0022 height=\u0022398\u0022 data-zoomed=\u0022https:\/\/www.geb-info.de\/sites\/default\/files\/styles\/content__zoomed\/public\/aurora\/2026\/01\/509436.jpeg?itok=mF4Eqpgp\u0022 src=\u0022\/sites\/default\/files\/styles\/teaser_standard__s\/public\/aurora\/2026\/01\/509436.jpeg?itok=26tX_mST\u0022 title=\u0022Buchumschlag von \u0026quot;Holzrahmenbau\u0026quot; mit einem Querschnitt durch ein Haus und orangefarbenem Hintergrund. - \u00a9 Bild: Rudolf M\u00fcller\u0022 \/\u003E\n\n    \u003C\/picture\u003E\n      \u003Cfigcaption class=\u0022image--figcaption\u0022\u003E\n          \u003Cdiv class=\u0022copyright\u0022\u003EBild: Rudolf M\u00fcller\u003C\/div\u003E\n          \u003C\/figcaption\u003E\n\u003C\/figure\u003E\n\n\n    \u003C\/div\u003E\n    \u003Cdiv class=\u0022teaser-content\u0022\u003E\n                    \u003Cdiv class=\u0022teaser-content--kicker\u0022\u003E\n                    Fachbuch\n        \u003C\/div\u003E\n                                              \n                        \n        \u003Ch4 class=\u0022teaser-content--headline\u0022\u003E\n                                Standardwerk f\u00fcr Holzrahmenbau \n                              \u003Cspan class=\u0022headline-last-word-arrow\u0022\u003Eaktualisiert                      \u003C\/span\u003E\n        \u003C\/h4\u003E\n            \u003Cdiv class=\u0022teaser-content--publishing-date\u0022\u003E\u003Ctime datetime=\u00222026-02-03T10:11:46Z\u0022\u003E03.02.2026\u003C\/time\u003E\n\u003C\/div\u003E\u003Cspan class=\u0022teaser-content--publishing-date-divider\u0022\u003E - \u003C\/span\u003E\u003Cdiv class=\u0022teaser-content--body\u0022\u003E  \u003Cp\u003EDie aktualisierte Auflage des Fachbuchs Holzrahmenbau \u2013 Modernes Hausbau-System hilft Planenden in Architekturb\u00fcros und Holzbaubetrieben bei der fachgerechten Ausf\u00fchrung. Autor Gerrit Horn greift aktuelle Gesetzgebungen wie die ge\u00e4nderten Brandschutzrichtlinien, die Anforderungen des...\u003C\/p\u003E\n\n\n\u003C\/div\u003E\n                        \u003Cspan class=\u0022read-more-arrow-container\u0022\u003E\n            \u003Cspan class=\u0022read-more-angled-arrow\u0022\u003E \u003C\/span\u003E\n          \u003C\/span\u003E\n                  \u003C\/div\u003E\n    \u003C\/a\u003E\n\u003Ca href=\u0022\/gebaeudekonzepte\/firmen-setzen-auf-energieeffiziente-gebaeude\u0022  class=\u0022teaser teaser--standard\u0022 aria-label=\u0022Firmen setzen auf energieeffiziente Geb\u00e4ude\u0022\u003E\n      \u003Cdiv class=\u0022teaser-content--image\u0022\u003E\n        \u003Cfigure class=\u0022image--figure\u0022\u003E\n        \u003Cpicture\u003E\n                        \u003Csource srcset=\u0022\/sites\/default\/files\/styles\/teaser_standard__m\/public\/aurora\/2025\/12\/501556.jpeg.webp?itok=pz_x8K9O 1x\u0022 media=\u0022(min-width: 48.0625em) and (max-width: 64em)\u0022 type=\u0022image\/webp\u0022 width=\u0022323\u0022 height=\u0022215\u0022\/\u003E\n                  \u003Csource srcset=\u0022\/sites\/default\/files\/styles\/teaser_standard__l\/public\/aurora\/2025\/12\/501556.jpeg.webp?itok=-i0DgZCY 1x\u0022 media=\u0022(min-width: 64.0625em)\u0022 type=\u0022image\/webp\u0022 width=\u0022203\u0022 height=\u0022135\u0022\/\u003E\n                  \u003Csource srcset=\u0022\/sites\/default\/files\/styles\/teaser_standard__m\/public\/aurora\/2025\/12\/501556.jpeg?itok=8vy0P165 1x\u0022 media=\u0022(min-width: 48.0625em) and (max-width: 64em)\u0022 type=\u0022image\/jpeg\u0022 width=\u0022323\u0022 height=\u0022215\u0022\/\u003E\n                  \u003Csource srcset=\u0022\/sites\/default\/files\/styles\/teaser_standard__l\/public\/aurora\/2025\/12\/501556.jpeg?itok=B_xzbLZE 1x\u0022 media=\u0022(min-width: 64.0625em)\u0022 type=\u0022image\/jpeg\u0022 width=\u0022203\u0022 height=\u0022135\u0022\/\u003E\n                          \u003Cimg loading=\u0022eager\u0022 data-caption-hide width=\u0022597\u0022 height=\u0022398\u0022 data-zoomed=\u0022https:\/\/www.geb-info.de\/sites\/default\/files\/styles\/content__zoomed\/public\/aurora\/2025\/12\/501556.jpeg?itok=o814pHIN\u0022 src=\u0022\/sites\/default\/files\/styles\/teaser_standard__s\/public\/aurora\/2025\/12\/501556.jpeg?itok=xx_zKwe0\u0022 title=\u0022Ein intelligentes Geb\u00e4ude mit digitalen blauen Linien, die vernetzte Systeme zeigen, im Hintergrund die Skyline der Stadt in der Abendd\u00e4mmerung. - \u00a9 axel - stock.adobe.com\u0022 \/\u003E\n\n    \u003C\/picture\u003E\n      \u003Cfigcaption class=\u0022image--figcaption\u0022\u003E\n          \u003Cdiv class=\u0022copyright\u0022\u003Eaxel - stock.adobe.com\u003C\/div\u003E\n          \u003C\/figcaption\u003E\n\u003C\/figure\u003E\n\n\n    \u003C\/div\u003E\n    \u003Cdiv class=\u0022teaser-content\u0022\u003E\n                    \u003Cdiv class=\u0022teaser-content--kicker\u0022\u003E\n                    \n        \u003C\/div\u003E\n                                              \n                        \n        \u003Ch4 class=\u0022teaser-content--headline\u0022\u003E\n                                Firmen setzen auf energieeffiziente \n                              \u003Cspan class=\u0022headline-last-word-arrow\u0022\u003EGeb\u00e4ude                      \u003C\/span\u003E\n        \u003C\/h4\u003E\n            \u003Cdiv class=\u0022teaser-content--publishing-date\u0022\u003E\u003Ctime datetime=\u00222025-12-10T05:00:06Z\u0022\u003E10.12.2025\u003C\/time\u003E\n\u003C\/div\u003E\u003Cspan class=\u0022teaser-content--publishing-date-divider\u0022\u003E - \u003C\/span\u003E\u003Cdiv class=\u0022teaser-content--body\u0022\u003E\u003Cp\u003EDie Verbesserung der Energieeffizienz von Anlagen und Geb\u00e4uden steht bei Unternehmen laut einer Siemens-Studie mittlerweile an erster Stelle. Digitale Technologien werden dabei als wichtiger Hebel gesehen.\u003C\/p\u003E\n\u003C\/div\u003E\n                        \u003Cspan class=\u0022read-more-arrow-container\u0022\u003E\n            \u003Cspan class=\u0022read-more-angled-arrow\u0022\u003E \u003C\/span\u003E\n          \u003C\/span\u003E\n                  \u003C\/div\u003E\n    \u003C\/a\u003E\n\u003Ca href=\u0022\/gebaeudekonzepte\/enttechnisiertes-energieautarkes-mehrfamilienhaus\u0022  class=\u0022teaser teaser--standard\u0022 aria-label=\u0022Enttechnisiertes energieautarkes Mehrfamilienhaus\u0022\u003E\n      \u003Cdiv class=\u0022teaser-content--image\u0022\u003E\n        \u003Cfigure class=\u0022image--figure\u0022\u003E\n        \u003Cpicture\u003E\n                        \u003Csource srcset=\u0022\/sites\/default\/files\/styles\/teaser_standard__m\/public\/aurora\/2025\/09\/481148.jpeg.webp?itok=AewFd7Pp 1x\u0022 media=\u0022(min-width: 48.0625em) and (max-width: 64em)\u0022 type=\u0022image\/webp\u0022 width=\u0022323\u0022 height=\u0022215\u0022\/\u003E\n                  \u003Csource srcset=\u0022\/sites\/default\/files\/styles\/teaser_standard__l\/public\/aurora\/2025\/09\/481148.jpeg.webp?itok=Acd4zeHm 1x\u0022 media=\u0022(min-width: 64.0625em)\u0022 type=\u0022image\/webp\u0022 width=\u0022203\u0022 height=\u0022135\u0022\/\u003E\n                  \u003Csource srcset=\u0022\/sites\/default\/files\/styles\/teaser_standard__m\/public\/aurora\/2025\/09\/481148.jpeg?itok=a_Qh0NA3 1x\u0022 media=\u0022(min-width: 48.0625em) and (max-width: 64em)\u0022 type=\u0022image\/jpeg\u0022 width=\u0022323\u0022 height=\u0022215\u0022\/\u003E\n                  \u003Csource srcset=\u0022\/sites\/default\/files\/styles\/teaser_standard__l\/public\/aurora\/2025\/09\/481148.jpeg?itok=hVg9cfB9 1x\u0022 media=\u0022(min-width: 64.0625em)\u0022 type=\u0022image\/jpeg\u0022 width=\u0022203\u0022 height=\u0022135\u0022\/\u003E\n                          \u003Cimg loading=\u0022eager\u0022 data-caption-hide width=\u0022597\u0022 height=\u0022398\u0022 data-zoomed=\u0022https:\/\/www.geb-info.de\/sites\/default\/files\/styles\/content__zoomed\/public\/aurora\/2025\/09\/481148.jpeg?itok=BOOh7EF5\u0022 src=\u0022\/sites\/default\/files\/styles\/teaser_standard__s\/public\/aurora\/2025\/09\/481148.jpeg?itok=BHpD-Onj\u0022 title=\u0022Ein modernes Wohnhaus mit Sonnenkollektoren auf dem Dach, umgeben von Bauger\u00fcsten und Baumaterialien. - \u00a9 Fa. Schur\u0022 \/\u003E\n\n    \u003C\/picture\u003E\n      \u003Cfigcaption class=\u0022image--figcaption\u0022\u003E\n          \u003Cdiv class=\u0022copyright\u0022\u003EFa. Schur\u003C\/div\u003E\n          \u003C\/figcaption\u003E\n\u003C\/figure\u003E\n\n\n    \u003C\/div\u003E\n    \u003Cdiv class=\u0022teaser-content\u0022\u003E\n                    \u003Cdiv class=\u0022teaser-content--kicker\u0022\u003E\n                    \n        \u003C\/div\u003E\n                                              \n                        \n        \u003Ch4 class=\u0022teaser-content--headline\u0022\u003E\n                                Enttechnisiertes energieautarkes \n                              \u003Cspan class=\u0022headline-last-word-arrow\u0022\u003EMehrfamilienhaus                      \u003C\/span\u003E\n        \u003C\/h4\u003E\n            \u003Cdiv class=\u0022teaser-content--publishing-date\u0022\u003E\u003Ctime datetime=\u00222025-09-25T04:00:07Z\u0022\u003E25.09.2025\u003C\/time\u003E\n\u003C\/div\u003E\u003Cspan class=\u0022teaser-content--publishing-date-divider\u0022\u003E - \u003C\/span\u003E\u003Cdiv class=\u0022teaser-content--body\u0022\u003E\u003Cp\u003EAb Oktober beziehen die ersten Mieter das bislang ambitioniertestes Wohnprojekt in Sachsen: ein enttechnisiertes Mehrfamilienhaus, das zu gro\u00dfen Teilen seine Energie selbst erzeugt.\u003C\/p\u003E\n\u003C\/div\u003E\n                        \u003Cspan class=\u0022read-more-arrow-container\u0022\u003E\n            \u003Cspan class=\u0022read-more-angled-arrow\u0022\u003E \u003C\/span\u003E\n          \u003C\/span\u003E\n                  \u003C\/div\u003E\n    \u003C\/a\u003E\n\u003Ca href=\u0022\/schwerpunkt\/lowtech-verwaltungsneubau-berlin-speichern-statt-daemmen\u0022  class=\u0022teaser teaser--standard\u0022 aria-label=\u0022Speichern statt D\u00e4mmen\r\u0022\u003E\n      \u003Cdiv class=\u0022teaser-content--image\u0022\u003E\n        \u003Cfigure class=\u0022image--figure\u0022\u003E\n        \u003Cpicture\u003E\n                        \u003Csource srcset=\u0022\/sites\/default\/files\/styles\/teaser_standard__m\/public\/aurora\/2025\/05\/447469.jpeg.webp?itok=8U72qLr7 1x\u0022 media=\u0022(min-width: 48.0625em) and (max-width: 64em)\u0022 type=\u0022image\/webp\u0022 width=\u0022254\u0022 height=\u0022242\u0022\/\u003E\n                  \u003Csource srcset=\u0022\/sites\/default\/files\/styles\/teaser_standard__l\/public\/aurora\/2025\/05\/447469.jpeg.webp?itok=J8QdGeEV 1x\u0022 media=\u0022(min-width: 64.0625em)\u0022 type=\u0022image\/webp\u0022 width=\u0022159\u0022 height=\u0022152\u0022\/\u003E\n                  \u003Csource srcset=\u0022\/sites\/default\/files\/styles\/teaser_standard__m\/public\/aurora\/2025\/05\/447469.jpeg?itok=qEPbVOJs 1x\u0022 media=\u0022(min-width: 48.0625em) and (max-width: 64em)\u0022 type=\u0022image\/jpeg\u0022 width=\u0022254\u0022 height=\u0022242\u0022\/\u003E\n                  \u003Csource srcset=\u0022\/sites\/default\/files\/styles\/teaser_standard__l\/public\/aurora\/2025\/05\/447469.jpeg?itok=TwRbUjZb 1x\u0022 media=\u0022(min-width: 64.0625em)\u0022 type=\u0022image\/jpeg\u0022 width=\u0022159\u0022 height=\u0022152\u0022\/\u003E\n                          \u003Cimg alt=\u0022\ufeff1\u2002Lageplan, M 1:5000. Gegen\u00fcber des Neubaus zeichnen sich die denkmal\u00adgesch\u00fctzten Bauten des ehemaligen Flughafens Berlin-Tempelhof ab.\ufeff\u0022 loading=\u0022eager\u0022 data-caption-hide width=\u0022417\u0022 height=\u0022398\u0022 data-zoomed=\u0022https:\/\/www.geb-info.de\/sites\/default\/files\/styles\/content__zoomed\/public\/aurora\/2025\/05\/447469.jpeg?itok=XPoRMD7W\u0022 src=\u0022\/sites\/default\/files\/styles\/teaser_standard__s\/public\/aurora\/2025\/05\/447469.jpeg?itok=i2vIKl8z\u0022 title=\u0022\u00a9 Bild: baumschlager eberle architekten\u0022 \/\u003E\n\n    \u003C\/picture\u003E\n      \u003Cfigcaption class=\u0022image--figcaption\u0022\u003E\n          \u003Cdiv class=\u0022copyright\u0022\u003EBild: baumschlager eberle architekten\u003C\/div\u003E\n          \u003C\/figcaption\u003E\n\u003C\/figure\u003E\n\n\n    \u003C\/div\u003E\n    \u003Cdiv class=\u0022teaser-content\u0022\u003E\n                    \u003Cdiv class=\u0022teaser-content--kicker\u0022\u003E\n                    Lowtech-Verwaltungsneubau in Berlin\n        \u003C\/div\u003E\n                                              \n                        \n        \u003Ch4 class=\u0022teaser-content--headline\u0022\u003E\n                                Speichern statt \n                              \u003Cspan class=\u0022headline-last-word-arrow\u0022\u003ED\u00e4mmen              \u003Cspan\n                  class=\u0022permission-lock permission-lock-icon--\u0022\u003E\u003C\/span\u003E\n                                  \u003C\/span\u003E\n        \u003C\/h4\u003E\n            \u003Cdiv class=\u0022teaser-content--publishing-date\u0022\u003E\u003Ctime datetime=\u00222025-05-19T11:27:27Z\u0022\u003E19.05.2025\u003C\/time\u003E\n\u003C\/div\u003E\u003Cspan class=\u0022teaser-content--publishing-date-divider\u0022\u003E - \u003C\/span\u003E\u003Cdiv class=\u0022teaser-content--body\u0022\u003E\u003Cp\u003EDer Bauherr \u2013 das Unionhilfswerk in Berlin \u2013 w\u00fcnschte sich einen unpr\u00e4tenti\u00f6sen Neubau mit besonderem Fokus auf Nachhaltigkeit. Das von Baumschlager Eberle Architekten entwickelte Konzept orientiert sich an den Erfahrungen aus ihren sogenannten 2226-Projekten. Die thermisch aktivierbare Masse stabilisiert die \u00adTemperatur in dem f\u00fcnfgeschossigen Massivbau zwischen 22 und 26 Grad Celsius.\u2003Clauda Siegele\u003C\/p\u003E\n\u003C\/div\u003E\n                        \u003Cspan class=\u0022read-more-arrow-container\u0022\u003E\n            \u003Cspan class=\u0022read-more-angled-arrow\u0022\u003E \u003C\/span\u003E\n          \u003C\/span\u003E\n                  \u003C\/div\u003E\n    \u003C\/a\u003E\n\u003Ca href=\u0022\/schwerpunkt\/monolithisches-bauen-mit-infraleichtbeton-es-kommt-darauf-wie-leicht-man-ihn-macht\u0022  class=\u0022teaser teaser--standard\u0022 aria-label=\u0022Es kommt darauf an, wie leicht man ihn macht\r\u0022\u003E\n      \u003Cdiv class=\u0022teaser-content--image\u0022\u003E\n        \u003Cfigure class=\u0022image--figure\u0022\u003E\n        \u003Cpicture\u003E\n                        \u003Csource srcset=\u0022\/sites\/default\/files\/styles\/teaser_standard__m\/public\/aurora\/2025\/05\/447483.jpeg.webp?itok=HHORX9Rv 1x\u0022 media=\u0022(min-width: 48.0625em) and (max-width: 64em)\u0022 type=\u0022image\/webp\u0022 width=\u0022323\u0022 height=\u0022163\u0022\/\u003E\n                  \u003Csource srcset=\u0022\/sites\/default\/files\/styles\/teaser_standard__l\/public\/aurora\/2025\/05\/447483.jpeg.webp?itok=eUgRENp4 1x\u0022 media=\u0022(min-width: 64.0625em)\u0022 type=\u0022image\/webp\u0022 width=\u0022203\u0022 height=\u0022102\u0022\/\u003E\n                  \u003Csource srcset=\u0022\/sites\/default\/files\/styles\/teaser_standard__m\/public\/aurora\/2025\/05\/447483.jpeg?itok=mtJBriya 1x\u0022 media=\u0022(min-width: 48.0625em) and (max-width: 64em)\u0022 type=\u0022image\/jpeg\u0022 width=\u0022323\u0022 height=\u0022163\u0022\/\u003E\n                  \u003Csource srcset=\u0022\/sites\/default\/files\/styles\/teaser_standard__l\/public\/aurora\/2025\/05\/447483.jpeg?itok=Ni4O8Oiz 1x\u0022 media=\u0022(min-width: 64.0625em)\u0022 type=\u0022image\/jpeg\u0022 width=\u0022203\u0022 height=\u0022102\u0022\/\u003E\n                          \u003Cimg loading=\u0022eager\u0022 data-caption-hide width=\u0022708\u0022 height=\u0022357\u0022 data-zoomed=\u0022https:\/\/www.geb-info.de\/sites\/default\/files\/styles\/content__zoomed\/public\/aurora\/2025\/05\/447483.jpeg?itok=SZqW6P5I\u0022 src=\u0022\/sites\/default\/files\/styles\/teaser_standard__s\/public\/aurora\/2025\/05\/447483.jpeg?itok=eQUKn2Jo\u0022 title=\u0022Modernes graues Betongeb\u00e4ude mit gro\u00dfen Fenstern und warmer Innenbeleuchtung, umgeben von Gras und B\u00e4umen. - \u00a9 Bild: Alexander Blumh\ufeffoff\u0022 \/\u003E\n\n    \u003C\/picture\u003E\n      \u003Cfigcaption class=\u0022image--figcaption\u0022\u003E\n          \u003Cdiv class=\u0022copyright\u0022\u003EBild: Alexander Blumh\ufeffoff\u003C\/div\u003E\n          \u003C\/figcaption\u003E\n\u003C\/figure\u003E\n\n\n    \u003C\/div\u003E\n    \u003Cdiv class=\u0022teaser-content\u0022\u003E\n                    \u003Cdiv class=\u0022teaser-content--kicker\u0022\u003E\n                    Monolithisches Bauen mit Infraleichtbeton\n        \u003C\/div\u003E\n                                              \n                        \n        \u003Ch4 class=\u0022teaser-content--headline\u0022\u003E\n                                Es kommt darauf an, wie leicht man ihn \n                              \u003Cspan class=\u0022headline-last-word-arrow\u0022\u003Emacht              \u003Cspan\n                  class=\u0022permission-lock permission-lock-icon--\u0022\u003E\u003C\/span\u003E\n                                  \u003C\/span\u003E\n        \u003C\/h4\u003E\n            \u003Cdiv class=\u0022teaser-content--publishing-date\u0022\u003E\u003Ctime datetime=\u00222025-05-19T11:27:20Z\u0022\u003E19.05.2025\u003C\/time\u003E\n\u003C\/div\u003E\u003Cspan class=\u0022teaser-content--publishing-date-divider\u0022\u003E - \u003C\/span\u003E\u003Cdiv class=\u0022teaser-content--body\u0022\u003E\u003Cp\u003EAu\u00dfenw\u00e4nde aus Infraleichtbeton erf\u00fcllen die Anforderungen an die Geb\u00e4udeeffizienz ohne zus\u00e4tzliche D\u00e4mmschichten und komplexe Anschlussdetails. Der Hochleistungsbeton wirkt aufgrund seiner geringen Rohdichte als tragende W\u00e4rmed\u00e4mmung, sch\u00fctzt dauerhaft vor Witterungseinfl\u00fcssen und verspricht nachhaltige Bauten mit hoher gestalterischer Qualit\u00e4t. Der Baukultur und dem werkstoff-\u003Cbr \/\u003E\ngerechten Entwerfen und Konstruieren stehen neue Wege offen.\u2003Claudia Siegele\u003C\/p\u003E\n\u003C\/div\u003E\n                        \u003Cspan class=\u0022read-more-arrow-container\u0022\u003E\n            \u003Cspan class=\u0022read-more-angled-arrow\u0022\u003E \u003C\/span\u003E\n          \u003C\/span\u003E\n                  \u003C\/div\u003E\n    \u003C\/a\u003E\n\u003Ca href=\u0022\/service\/studie-potenziale-digitaler-gebaeudetechnologien-ueberblicken\u0022  class=\u0022teaser teaser--standard\u0022 aria-label=\u0022Potenziale digitaler Geb\u00e4ude\u00adtechnologien \u00fcberblicken\r\u0022\u003E\n      \u003Cdiv class=\u0022teaser-content--image\u0022\u003E\n        \u003Cfigure class=\u0022image--figure\u0022\u003E\n        \u003Cpicture\u003E\n                        \u003Csource srcset=\u0022\/sites\/default\/files\/styles\/teaser_standard__m\/public\/aurora\/2025\/05\/447642.jpeg.webp?itok=D-tSyYZr 1x\u0022 media=\u0022(min-width: 48.0625em) and (max-width: 64em)\u0022 type=\u0022image\/webp\u0022 width=\u0022180\u0022 height=\u0022242\u0022\/\u003E\n                  \u003Csource srcset=\u0022\/sites\/default\/files\/styles\/teaser_standard__l\/public\/aurora\/2025\/05\/447642.jpeg.webp?itok=q-rjV-96 1x\u0022 media=\u0022(min-width: 64.0625em)\u0022 type=\u0022image\/webp\u0022 width=\u0022113\u0022 height=\u0022152\u0022\/\u003E\n                  \u003Csource srcset=\u0022\/sites\/default\/files\/styles\/teaser_standard__m\/public\/aurora\/2025\/05\/447642.jpeg?itok=pW35t3Un 1x\u0022 media=\u0022(min-width: 48.0625em) and (max-width: 64em)\u0022 type=\u0022image\/jpeg\u0022 width=\u0022180\u0022 height=\u0022242\u0022\/\u003E\n                  \u003Csource srcset=\u0022\/sites\/default\/files\/styles\/teaser_standard__l\/public\/aurora\/2025\/05\/447642.jpeg?itok=gXHDucpB 1x\u0022 media=\u0022(min-width: 64.0625em)\u0022 type=\u0022image\/jpeg\u0022 width=\u0022113\u0022 height=\u0022152\u0022\/\u003E\n                          \u003Cimg loading=\u0022eager\u0022 data-caption-hide width=\u0022296\u0022 height=\u0022398\u0022 data-zoomed=\u0022https:\/\/www.geb-info.de\/sites\/default\/files\/styles\/content__zoomed\/public\/aurora\/2025\/05\/447642.jpeg?itok=OQd101gL\u0022 src=\u0022\/sites\/default\/files\/styles\/teaser_standard__s\/public\/aurora\/2025\/05\/447642.jpeg?itok=9UuLeg3g\u0022 title=\u0022Cover einer deutschen Studie zu Gesch\u00e4ftsmodellen f\u00fcr digitale Geb\u00e4udetechnologien mit einer modernen B\u00fcrofassade. - \u00a9 Bild: Dena\u0022 \/\u003E\n\n    \u003C\/picture\u003E\n      \u003Cfigcaption class=\u0022image--figcaption\u0022\u003E\n          \u003Cdiv class=\u0022copyright\u0022\u003EBild: Dena\u003C\/div\u003E\n          \u003C\/figcaption\u003E\n\u003C\/figure\u003E\n\n\n    \u003C\/div\u003E\n    \u003Cdiv class=\u0022teaser-content\u0022\u003E\n                    \u003Cdiv class=\u0022teaser-content--kicker\u0022\u003E\n                    Studie\u2002\n        \u003C\/div\u003E\n                                              \n                        \n        \u003Ch4 class=\u0022teaser-content--headline\u0022\u003E\n                                Potenziale digitaler Geb\u00e4ude\u00adtechnologien \n                              \u003Cspan class=\u0022headline-last-word-arrow\u0022\u003E\u00fcberblicken                      \u003C\/span\u003E\n        \u003C\/h4\u003E\n            \u003Cdiv class=\u0022teaser-content--publishing-date\u0022\u003E\u003Ctime datetime=\u00222025-05-19T11:26:00Z\u0022\u003E19.05.2025\u003C\/time\u003E\n\u003C\/div\u003E\u003Cspan class=\u0022teaser-content--publishing-date-divider\u0022\u003E - \u003C\/span\u003E\u003Cdiv class=\u0022teaser-content--body\u0022\u003E  \u003Cp\u003EWie k\u00f6nnen digitale Technologien und Geb\u00e4udeautomation dazu beitragen, Energie einzusparen und wirtschaftliche sowie soziale Gesch\u00e4ftsmodelle zu erm\u00f6glichen? Mit dieser Frage besch\u00e4ftigt sich die Studie Gesch\u00e4ftsmodelle f\u00fcr digitale Geb\u00e4udetechnologien der Deutschen Energie-Agentur (Dena), die das...\u003C\/p\u003E\n\n\n\u003C\/div\u003E\n                        \u003Cspan class=\u0022read-more-arrow-container\u0022\u003E\n            \u003Cspan class=\u0022read-more-angled-arrow\u0022\u003E \u003C\/span\u003E\n          \u003C\/span\u003E\n                  \u003C\/div\u003E\n    \u003C\/a\u003E\n\u003Ca href=\u0022\/fachwissen\/supermarkt-aus-holzbausteinen-gesteckt-und-geduebelt\u0022  class=\u0022teaser teaser--standard\u0022 aria-label=\u0022Gesteckt und ged\u00fcbelt \r\u0022\u003E\n      \u003Cdiv class=\u0022teaser-content--image\u0022\u003E\n        \u003Cfigure class=\u0022image--figure\u0022\u003E\n        \u003Cpicture\u003E\n                        \u003Csource srcset=\u0022\/sites\/default\/files\/styles\/teaser_standard__m\/public\/aurora\/2025\/04\/439174.jpeg.webp?itok=MkYTRFTS 1x\u0022 media=\u0022(min-width: 48.0625em) and (max-width: 64em)\u0022 type=\u0022image\/webp\u0022 width=\u0022323\u0022 height=\u0022189\u0022\/\u003E\n                  \u003Csource srcset=\u0022\/sites\/default\/files\/styles\/teaser_standard__l\/public\/aurora\/2025\/04\/439174.jpeg.webp?itok=nqG0gWvp 1x\u0022 media=\u0022(min-width: 64.0625em)\u0022 type=\u0022image\/webp\u0022 width=\u0022203\u0022 height=\u0022119\u0022\/\u003E\n                  \u003Csource srcset=\u0022\/sites\/default\/files\/styles\/teaser_standard__m\/public\/aurora\/2025\/04\/439174.jpeg?itok=CcnWZMLt 1x\u0022 media=\u0022(min-width: 48.0625em) and (max-width: 64em)\u0022 type=\u0022image\/jpeg\u0022 width=\u0022323\u0022 height=\u0022189\u0022\/\u003E\n                  \u003Csource srcset=\u0022\/sites\/default\/files\/styles\/teaser_standard__l\/public\/aurora\/2025\/04\/439174.jpeg?itok=8FRS7uAs 1x\u0022 media=\u0022(min-width: 64.0625em)\u0022 type=\u0022image\/jpeg\u0022 width=\u0022203\u0022 height=\u0022119\u0022\/\u003E\n                          \u003Cimg alt=\u0022In Braunschweig-Lamme wird im Mai der erste r\u00fcckbauf\u00e4hige Supermarkt Deutschlands er\u00f6ffnet.\u0022 loading=\u0022eager\u0022 data-caption-hide width=\u0022681\u0022 height=\u0022398\u0022 data-zoomed=\u0022https:\/\/www.geb-info.de\/sites\/default\/files\/styles\/content__zoomed\/public\/aurora\/2025\/04\/439174.jpeg?itok=in9AyE3K\u0022 src=\u0022\/sites\/default\/files\/styles\/teaser_standard__s\/public\/aurora\/2025\/04\/439174.jpeg?itok=gYQeBcxj\u0022 title=\u0022\u00a9 Bild: Edeka Minden Hannover\u0022 \/\u003E\n\n    \u003C\/picture\u003E\n      \u003Cfigcaption class=\u0022image--figcaption\u0022\u003E\n          \u003Cdiv class=\u0022copyright\u0022\u003EBild: Edeka Minden Hannover\u003C\/div\u003E\n          \u003C\/figcaption\u003E\n\u003C\/figure\u003E\n\n\n    \u003C\/div\u003E\n    \u003Cdiv class=\u0022teaser-content\u0022\u003E\n                    \u003Cdiv class=\u0022teaser-content--kicker\u0022\u003E\n                    Supermarkt aus Holzbausteinen\n        \u003C\/div\u003E\n                                              \n                        \n        \u003Ch4 class=\u0022teaser-content--headline\u0022\u003E\n                                Gesteckt und \n                              \u003Cspan class=\u0022headline-last-word-arrow\u0022\u003Eged\u00fcbelt              \u003Cspan\n                  class=\u0022permission-lock permission-lock-icon--\u0022\u003E\u003C\/span\u003E\n                                  \u003C\/span\u003E\n        \u003C\/h4\u003E\n            \u003Cdiv class=\u0022teaser-content--publishing-date\u0022\u003E\u003Ctime datetime=\u00222025-04-14T12:49:27Z\u0022\u003E14.04.2025\u003C\/time\u003E\n\u003C\/div\u003E\u003Cspan class=\u0022teaser-content--publishing-date-divider\u0022\u003E - \u003C\/span\u003E\u003Cdiv class=\u0022teaser-content--body\u0022\u003E\u003Cp\u003EEs ist das erste Projekt dieser Art in Deutschland: In Braunschweig-Lamme entsteht derzeit ein 1.100 Quadratmeter gro\u00dfer und zu weiten Teilen recycelbarer Supermarkt aus zusammengesteckten und verd\u00fcbelten Holzbausteinen, sogenannten Briqs. Da das Bausystem Triqbriq auf k\u00fcnstliche Verbindungsmittel und Klebstoffe verzichtet, sind die Innen- und Au\u00dfenw\u00e4nde komplett r\u00fcckbauf\u00e4hig.\u2003Claudia Siegele\u003C\/p\u003E\n\u003C\/div\u003E\n                        \u003Cspan class=\u0022read-more-arrow-container\u0022\u003E\n            \u003Cspan class=\u0022read-more-angled-arrow\u0022\u003E \u003C\/span\u003E\n          \u003C\/span\u003E\n                  \u003C\/div\u003E\n    \u003C\/a\u003E\n\u003Ca href=\u0022\/gebaeudekonzepte\/vdma-gebaeudetechnik-fordert-bau-und-modernisierung-beschleunigen\u0022  class=\u0022teaser teaser--standard\u0022 aria-label=\u0022VDMA Geb\u00e4udetechnik for\u00addert:\u00a0Bau und Mo\u00adder\u00adni\u00adsie\u00adrung be\u00adschleu\u00adni\u00adgen\u0022\u003E\n      \u003Cdiv class=\u0022teaser-content--image\u0022\u003E\n        \u003Cfigure class=\u0022image--figure\u0022\u003E\n        \u003Cpicture\u003E\n                        \u003Csource srcset=\u0022\/sites\/default\/files\/styles\/teaser_standard__m\/public\/aurora\/2025\/03\/429456.jpeg.webp?itok=uyAsSD4F 1x\u0022 media=\u0022(min-width: 48.0625em) and (max-width: 64em)\u0022 type=\u0022image\/webp\u0022 width=\u0022323\u0022 height=\u0022215\u0022\/\u003E\n                  \u003Csource srcset=\u0022\/sites\/default\/files\/styles\/teaser_standard__l\/public\/aurora\/2025\/03\/429456.jpeg.webp?itok=Z5zqkPep 1x\u0022 media=\u0022(min-width: 64.0625em)\u0022 type=\u0022image\/webp\u0022 width=\u0022203\u0022 height=\u0022135\u0022\/\u003E\n                  \u003Csource srcset=\u0022\/sites\/default\/files\/styles\/teaser_standard__m\/public\/aurora\/2025\/03\/429456.jpeg?itok=IaWRlabN 1x\u0022 media=\u0022(min-width: 48.0625em) and (max-width: 64em)\u0022 type=\u0022image\/jpeg\u0022 width=\u0022323\u0022 height=\u0022215\u0022\/\u003E\n                  \u003Csource srcset=\u0022\/sites\/default\/files\/styles\/teaser_standard__l\/public\/aurora\/2025\/03\/429456.jpeg?itok=50x5zSZU 1x\u0022 media=\u0022(min-width: 64.0625em)\u0022 type=\u0022image\/jpeg\u0022 width=\u0022203\u0022 height=\u0022135\u0022\/\u003E\n                          \u003Cimg loading=\u0022eager\u0022 data-caption-hide width=\u0022597\u0022 height=\u0022398\u0022 data-zoomed=\u0022https:\/\/www.geb-info.de\/sites\/default\/files\/styles\/content__zoomed\/public\/aurora\/2025\/03\/429456.jpeg?itok=al1rhcLZ\u0022 src=\u0022\/sites\/default\/files\/styles\/teaser_standard__s\/public\/aurora\/2025\/03\/429456.jpeg?itok=2iE-mUAs\u0022 title=\u0022Sicht auf ein modernes Wohngeb\u00e4ude mit integrierter Smart-Building-Technologie und intelligentem Energiemanagementsystem, umgeben von traditioneller Architektur, symbolisiert die Integration fortschrittlicher Geb\u00e4udetechnik in bestehende Stadtlandschaften. - \u00a9 finecki - stock.adobe.com\u0022 \/\u003E\n\n    \u003C\/picture\u003E\n      \u003Cfigcaption class=\u0022image--figcaption\u0022\u003E\n          \u003Cdiv class=\u0022copyright\u0022\u003Efinecki - stock.adobe.com\u003C\/div\u003E\n          \u003C\/figcaption\u003E\n\u003C\/figure\u003E\n\n\n    \u003C\/div\u003E\n    \u003Cdiv class=\u0022teaser-content\u0022\u003E\n                    \u003Cdiv class=\u0022teaser-content--kicker\u0022\u003E\n                    \n        \u003C\/div\u003E\n                                              \n                        \n        \u003Ch4 class=\u0022teaser-content--headline\u0022\u003E\n                                VDMA Geb\u00e4udetechnik for\u00addert:\u00a0Bau und Mo\u00adder\u00adni\u00adsie\u00adrung \n                              \u003Cspan class=\u0022headline-last-word-arrow\u0022\u003Ebe\u00adschleu\u00adni\u00adgen                      \u003C\/span\u003E\n        \u003C\/h4\u003E\n            \u003Cdiv class=\u0022teaser-content--publishing-date\u0022\u003E\u003Ctime datetime=\u00222025-03-05T05:00:10Z\u0022\u003E05.03.2025\u003C\/time\u003E\n\u003C\/div\u003E\u003Cspan class=\u0022teaser-content--publishing-date-divider\u0022\u003E - \u003C\/span\u003E\u003Cdiv class=\u0022teaser-content--body\u0022\u003E\u003Cp\u003EDas VDMA Forum Geb\u00e4udetechnik appelliert an die Politik, die Weichen f\u00fcr eine nachhaltige und wettbewerbsf\u00e4hige Bau- und Modernisierungswende zu stellen.\u003C\/p\u003E\n\u003C\/div\u003E\n                        \u003Cspan class=\u0022read-more-arrow-container\u0022\u003E\n            \u003Cspan class=\u0022read-more-angled-arrow\u0022\u003E \u003C\/span\u003E\n          \u003C\/span\u003E\n                  \u003C\/div\u003E\n    \u003C\/a\u003E\n\u003Ca href=\u0022\/gebaeudekonzepte\/eu-energieeffizienz-erneuerbare-energien-und-bioenergie-stehen-im-fokus\u0022  class=\u0022teaser teaser--standard\u0022 aria-label=\u0022EU:\u00a0Energieeffizienz, Erneuerbare Energien und Bioenergie stehen im Fokus\u0022\u003E\n      \u003Cdiv class=\u0022teaser-content--image\u0022\u003E\n        \u003Cfigure class=\u0022image--figure\u0022\u003E\n        \u003Cpicture\u003E\n                        \u003Csource srcset=\u0022\/sites\/default\/files\/styles\/teaser_standard__m\/public\/aurora\/2025\/02\/428478.jpeg.webp?itok=B15-OHYu 1x\u0022 media=\u0022(min-width: 48.0625em) and (max-width: 64em)\u0022 type=\u0022image\/webp\u0022 width=\u0022323\u0022 height=\u0022182\u0022\/\u003E\n                  \u003Csource srcset=\u0022\/sites\/default\/files\/styles\/teaser_standard__l\/public\/aurora\/2025\/02\/428478.jpeg.webp?itok=Z4VxH1yc 1x\u0022 media=\u0022(min-width: 64.0625em)\u0022 type=\u0022image\/webp\u0022 width=\u0022203\u0022 height=\u0022114\u0022\/\u003E\n                  \u003Csource srcset=\u0022\/sites\/default\/files\/styles\/teaser_standard__m\/public\/aurora\/2025\/02\/428478.jpeg?itok=HSqgcoDY 1x\u0022 media=\u0022(min-width: 48.0625em) and (max-width: 64em)\u0022 type=\u0022image\/jpeg\u0022 width=\u0022323\u0022 height=\u0022182\u0022\/\u003E\n                  \u003Csource srcset=\u0022\/sites\/default\/files\/styles\/teaser_standard__l\/public\/aurora\/2025\/02\/428478.jpeg?itok=-8_ARVcd 1x\u0022 media=\u0022(min-width: 64.0625em)\u0022 type=\u0022image\/jpeg\u0022 width=\u0022203\u0022 height=\u0022114\u0022\/\u003E\n                          \u003Cimg alt=\u0022Die Vorschl\u00e4ge der EU-Kommission zum Clean Industrial Deal sto\u00dfen vielfach auf Zustimmung.\u0022 loading=\u0022eager\u0022 data-caption-hide width=\u0022707\u0022 height=\u0022398\u0022 data-zoomed=\u0022https:\/\/www.geb-info.de\/sites\/default\/files\/styles\/content__zoomed\/public\/aurora\/2025\/02\/428478.jpeg?itok=hzmmUMMH\u0022 src=\u0022\/sites\/default\/files\/styles\/teaser_standard__s\/public\/aurora\/2025\/02\/428478.jpeg?itok=XfUO6AKi\u0022 title=\u0022\u00a9 Getty Images\/artJazz\u0022 \/\u003E\n\n    \u003C\/picture\u003E\n      \u003Cfigcaption class=\u0022image--figcaption\u0022\u003E\n          \u003Cdiv class=\u0022copyright\u0022\u003EGetty Images\/artJazz\u003C\/div\u003E\n          \u003C\/figcaption\u003E\n\u003C\/figure\u003E\n\n\n    \u003C\/div\u003E\n    \u003Cdiv class=\u0022teaser-content\u0022\u003E\n                    \u003Cdiv class=\u0022teaser-content--kicker\u0022\u003E\n                    \n        \u003C\/div\u003E\n                                              \n                        \n        \u003Ch4 class=\u0022teaser-content--headline\u0022\u003E\n                                EU:\u00a0Energieeffizienz, Erneuerbare Energien und Bioenergie stehen im \n                              \u003Cspan class=\u0022headline-last-word-arrow\u0022\u003EFokus                      \u003C\/span\u003E\n        \u003C\/h4\u003E\n            \u003Cdiv class=\u0022teaser-content--publishing-date\u0022\u003E\u003Ctime datetime=\u00222025-02-28T05:00:06Z\u0022\u003E28.02.2025\u003C\/time\u003E\n\u003C\/div\u003E\u003Cspan class=\u0022teaser-content--publishing-date-divider\u0022\u003E - \u003C\/span\u003E\u003Cdiv class=\u0022teaser-content--body\u0022\u003E\u003Cp\u003EDie EU-Kommission hat den Clean Industrial Deal und den Action Plan for Affordable Energy vorgestellt. Die Ma\u00dfnahmen sollen die Industrie dekarbonisieren, Energiepreise senken und die Wettbewerbsf\u00e4higkeit steigern. Viele Verb\u00e4nde begr\u00fc\u00dfen dies, aber mit unterschiedlichen Schwerpunkten.\u003C\/p\u003E\n\u003C\/div\u003E\n                        \u003Cspan class=\u0022read-more-arrow-container\u0022\u003E\n            \u003Cspan class=\u0022read-more-angled-arrow\u0022\u003E \u003C\/span\u003E\n          \u003C\/span\u003E\n                  \u003C\/div\u003E\n    \u003C\/a\u003E\n\u003Ca href=\u0022\/gebaeudekonzepte\/neue-plattform-weist-den-weg-zum-nachhaltigen-bauen\u0022  class=\u0022teaser teaser--standard\u0022 aria-label=\u0022Neue Plattform weist den Weg zum nachhaltigen Bauen\u0022\u003E\n      \u003Cdiv class=\u0022teaser-content--image\u0022\u003E\n        \u003Cfigure class=\u0022image--figure\u0022\u003E\n        \u003Cpicture\u003E\n                        \u003Csource srcset=\u0022\/sites\/default\/files\/styles\/teaser_standard__m\/public\/aurora\/2025\/02\/424066.jpeg.webp?itok=vMcmFC3m 1x\u0022 media=\u0022(min-width: 48.0625em) and (max-width: 64em)\u0022 type=\u0022image\/webp\u0022 width=\u0022323\u0022 height=\u0022215\u0022\/\u003E\n                  \u003Csource srcset=\u0022\/sites\/default\/files\/styles\/teaser_standard__l\/public\/aurora\/2025\/02\/424066.jpeg.webp?itok=HmjpD_Cc 1x\u0022 media=\u0022(min-width: 64.0625em)\u0022 type=\u0022image\/webp\u0022 width=\u0022203\u0022 height=\u0022135\u0022\/\u003E\n                  \u003Csource srcset=\u0022\/sites\/default\/files\/styles\/teaser_standard__m\/public\/aurora\/2025\/02\/424066.jpeg?itok=bgIraxaE 1x\u0022 media=\u0022(min-width: 48.0625em) and (max-width: 64em)\u0022 type=\u0022image\/jpeg\u0022 width=\u0022323\u0022 height=\u0022215\u0022\/\u003E\n                  \u003Csource srcset=\u0022\/sites\/default\/files\/styles\/teaser_standard__l\/public\/aurora\/2025\/02\/424066.jpeg?itok=gldv44Dj 1x\u0022 media=\u0022(min-width: 64.0625em)\u0022 type=\u0022image\/jpeg\u0022 width=\u0022203\u0022 height=\u0022135\u0022\/\u003E\n                          \u003Cimg loading=\u0022eager\u0022 data-caption-hide width=\u0022597\u0022 height=\u0022398\u0022 data-zoomed=\u0022https:\/\/www.geb-info.de\/sites\/default\/files\/styles\/content__zoomed\/public\/aurora\/2025\/02\/424066.jpeg?itok=X00iIfYj\u0022 src=\u0022\/sites\/default\/files\/styles\/teaser_standard__s\/public\/aurora\/2025\/02\/424066.jpeg?itok=st6hsXth\u0022 title=\u0022Holzkl\u00f6tze und Papierb\u00e4ume auf Architekturpl\u00e4nen, die einen konzeptionellen Landschaftsentwurf darstellen. - \u00a9 ronstik - stock.adobe.com\u0022 \/\u003E\n\n    \u003C\/picture\u003E\n      \u003Cfigcaption class=\u0022image--figcaption\u0022\u003E\n          \u003Cdiv class=\u0022copyright\u0022\u003Eronstik - stock.adobe.com\u003C\/div\u003E\n          \u003C\/figcaption\u003E\n\u003C\/figure\u003E\n\n\n    \u003C\/div\u003E\n    \u003Cdiv class=\u0022teaser-content\u0022\u003E\n                    \u003Cdiv class=\u0022teaser-content--kicker\u0022\u003E\n                    \n        \u003C\/div\u003E\n                                              \n                        \n        \u003Ch4 class=\u0022teaser-content--headline\u0022\u003E\n                                Neue Plattform weist den Weg zum nachhaltigen \n                              \u003Cspan class=\u0022headline-last-word-arrow\u0022\u003EBauen                      \u003C\/span\u003E\n        \u003C\/h4\u003E\n            \u003Cdiv class=\u0022teaser-content--publishing-date\u0022\u003E\u003Ctime datetime=\u00222025-02-12T11:00:04Z\u0022\u003E12.02.2025\u003C\/time\u003E\n\u003C\/div\u003E\u003Cspan class=\u0022teaser-content--publishing-date-divider\u0022\u003E - \u003C\/span\u003E\u003Cdiv class=\u0022teaser-content--body\u0022\u003E\u003Cp\u003EMit dem Bundesregister Nachhaltigkeit wollen die Architekten- und Ingenieurkammern die \u00d6kologie im Bauwesen f\u00f6rdern.\u003C\/p\u003E\n\u003C\/div\u003E\n                        \u003Cspan class=\u0022read-more-arrow-container\u0022\u003E\n            \u003Cspan class=\u0022read-more-angled-arrow\u0022\u003E \u003C\/span\u003E\n          \u003C\/span\u003E\n                  \u003C\/div\u003E\n    \u003C\/a\u003E\n\u003Ca href=\u0022\/fachwissen\/gebaeudeeffizienz-unter-beschuss-kurs-halten\u0022  class=\u0022teaser teaser--standard\u0022 aria-label=\u0022Kurs halten\r\u0022\u003E\n      \u003Cdiv class=\u0022teaser-content--image\u0022\u003E\n        \u003Cfigure class=\u0022image--figure\u0022\u003E\n        \u003Cpicture\u003E\n                        \u003Csource srcset=\u0022\/sites\/default\/files\/styles\/teaser_standard__m\/public\/aurora\/2025\/02\/422029.jpeg.webp?itok=yYe-sPh5 1x\u0022 media=\u0022(min-width: 48.0625em) and (max-width: 64em)\u0022 type=\u0022image\/webp\u0022 width=\u0022323\u0022 height=\u0022230\u0022\/\u003E\n                  \u003Csource srcset=\u0022\/sites\/default\/files\/styles\/teaser_standard__l\/public\/aurora\/2025\/02\/422029.jpeg.webp?itok=lcvHOH-U 1x\u0022 media=\u0022(min-width: 64.0625em)\u0022 type=\u0022image\/webp\u0022 width=\u0022203\u0022 height=\u0022144\u0022\/\u003E\n                  \u003Csource srcset=\u0022\/sites\/default\/files\/styles\/teaser_standard__m\/public\/aurora\/2025\/02\/422029.jpeg?itok=9lKe_63j 1x\u0022 media=\u0022(min-width: 48.0625em) and (max-width: 64em)\u0022 type=\u0022image\/jpeg\u0022 width=\u0022323\u0022 height=\u0022230\u0022\/\u003E\n                  \u003Csource srcset=\u0022\/sites\/default\/files\/styles\/teaser_standard__l\/public\/aurora\/2025\/02\/422029.jpeg?itok=OvGihyo0 1x\u0022 media=\u0022(min-width: 64.0625em)\u0022 type=\u0022image\/jpeg\u0022 width=\u0022203\u0022 height=\u0022144\u0022\/\u003E\n                          \u003Cimg alt=\u0022Bei einer Informationsveranstaltung im Juli 2024 konnten Energieberatende dieses hocheffizient sanierte Geb\u00e4ude besichtigen und mit den Bewohner:innen sprechen. Der Energieverbrauch des Einfamilienhauses aus dem Jahre 1928 d\u00fcrfte sich im Endeffekt auf weniger als ein Zehntel reduzieren.\u0022 loading=\u0022eager\u0022 data-caption-hide width=\u0022560\u0022 height=\u0022398\u0022 data-zoomed=\u0022https:\/\/www.geb-info.de\/sites\/default\/files\/styles\/content__zoomed\/public\/aurora\/2025\/02\/422029.jpeg?itok=9rPkM9t3\u0022 src=\u0022\/sites\/default\/files\/styles\/teaser_standard__s\/public\/aurora\/2025\/02\/422029.jpeg?itok=X-Q3xWls\u0022 title=\u0022\u00a9 Bild: Passivhaus-Institut\u0022 \/\u003E\n\n    \u003C\/picture\u003E\n      \u003Cfigcaption class=\u0022image--figcaption\u0022\u003E\n          \u003Cdiv class=\u0022copyright\u0022\u003EBild: Passivhaus-Institut\u003C\/div\u003E\n          \u003C\/figcaption\u003E\n\u003C\/figure\u003E\n\n\n    \u003C\/div\u003E\n    \u003Cdiv class=\u0022teaser-content\u0022\u003E\n                    \u003Cdiv class=\u0022teaser-content--kicker\u0022\u003E\n                    Geb\u00e4udeeffizienz unter Beschuss\n        \u003C\/div\u003E\n                                              \n                        \n        \u003Ch4 class=\u0022teaser-content--headline\u0022\u003E\n                                Kurs \n                              \u003Cspan class=\u0022headline-last-word-arrow\u0022\u003Ehalten              \u003Cspan\n                  class=\u0022permission-lock permission-lock-icon--\u0022\u003E\u003C\/span\u003E\n                                  \u003C\/span\u003E\n        \u003C\/h4\u003E\n            \u003Cdiv class=\u0022teaser-content--publishing-date\u0022\u003E\u003Ctime datetime=\u00222025-02-10T13:56:16Z\u0022\u003E10.02.2025\u003C\/time\u003E\n\u003C\/div\u003E\u003Cspan class=\u0022teaser-content--publishing-date-divider\u0022\u003E - \u003C\/span\u003E\u003Cdiv class=\u0022teaser-content--body\u0022\u003E\u003Cp\u003EDer Geb\u00e4udebestand soll bis 2045 klimaneutral sein, doch es ist fraglich, ob das noch zu schaffen ist. Ein aktuellerer Vorschlag zur Beschleunigung des Prozesses sieht vor, an der Geb\u00e4udeeffizienz zu sparen und stattdessen die Versorgung mit CO\u2082-freier W\u00e4rme zu forcieren. Kritisch bewertet die Idee vor allem das Passiv\u00adhaus-Institut.\u2003\u00adAlexander Borchert\u003C\/p\u003E\n\u003C\/div\u003E\n                        \u003Cspan class=\u0022read-more-arrow-container\u0022\u003E\n            \u003Cspan class=\u0022read-more-angled-arrow\u0022\u003E \u003C\/span\u003E\n          \u003C\/span\u003E\n                  \u003C\/div\u003E\n    \u003C\/a\u003E\n\u003Ca href=\u0022\/gebaeudekonzepte\/buendnis-warnt-vor-verschaerfung-der-wohnungsnot\u0022  class=\u0022teaser teaser--standard\u0022 aria-label=\u0022B\u00fcndnis warnt vor Versch\u00e4rfung der Wohnungsnot\u0022\u003E\n      \u003Cdiv class=\u0022teaser-content--image\u0022\u003E\n        \u003Cfigure class=\u0022image--figure\u0022\u003E\n        \u003Cpicture\u003E\n                        \u003Csource srcset=\u0022\/sites\/default\/files\/styles\/teaser_standard__m\/public\/aurora\/2025\/02\/422618.jpeg.webp?itok=hvp_eKS8 1x\u0022 media=\u0022(min-width: 48.0625em) and (max-width: 64em)\u0022 type=\u0022image\/webp\u0022 width=\u0022323\u0022 height=\u0022198\u0022\/\u003E\n                  \u003Csource srcset=\u0022\/sites\/default\/files\/styles\/teaser_standard__l\/public\/aurora\/2025\/02\/422618.jpeg.webp?itok=XrdTUyox 1x\u0022 media=\u0022(min-width: 64.0625em)\u0022 type=\u0022image\/webp\u0022 width=\u0022203\u0022 height=\u0022124\u0022\/\u003E\n                  \u003Csource srcset=\u0022\/sites\/default\/files\/styles\/teaser_standard__m\/public\/aurora\/2025\/02\/422618.jpeg?itok=nSiHjBE_ 1x\u0022 media=\u0022(min-width: 48.0625em) and (max-width: 64em)\u0022 type=\u0022image\/jpeg\u0022 width=\u0022323\u0022 height=\u0022198\u0022\/\u003E\n                  \u003Csource srcset=\u0022\/sites\/default\/files\/styles\/teaser_standard__l\/public\/aurora\/2025\/02\/422618.jpeg?itok=iHRmQAsX 1x\u0022 media=\u0022(min-width: 64.0625em)\u0022 type=\u0022image\/jpeg\u0022 width=\u0022203\u0022 height=\u0022124\u0022\/\u003E\n                          \u003Cimg alt=\u0022Michael H\u00f6lker (BDB), Robert Feiger (IG Bau), Matthias G\u00fcnther (Pestel Institut), Dietmar Walberg (ARGE Kiel), Janina Bessenich (Caritas) und Hannes Zapf (DGfM) stellten die Studie des B\u00fcndnisses Soziales Wohnen vor.\u0022 loading=\u0022eager\u0022 data-caption-hide width=\u0022650\u0022 height=\u0022398\u0022 data-zoomed=\u0022https:\/\/www.geb-info.de\/sites\/default\/files\/styles\/content__zoomed\/public\/aurora\/2025\/02\/422618.jpeg?itok=-FxaqwP9\u0022 src=\u0022\/sites\/default\/files\/styles\/teaser_standard__s\/public\/aurora\/2025\/02\/422618.jpeg?itok=m_CLPiRk\u0022 title=\u0022\u00a9 B\u00fcndnis Soziales Wohnen \/ pgl\u0022 \/\u003E\n\n    \u003C\/picture\u003E\n      \u003Cfigcaption class=\u0022image--figcaption\u0022\u003E\n          \u003Cdiv class=\u0022copyright\u0022\u003EB\u00fcndnis Soziales Wohnen \/ pgl\u003C\/div\u003E\n          \u003C\/figcaption\u003E\n\u003C\/figure\u003E\n\n\n    \u003C\/div\u003E\n    \u003Cdiv class=\u0022teaser-content\u0022\u003E\n                    \u003Cdiv class=\u0022teaser-content--kicker\u0022\u003E\n                    \n        \u003C\/div\u003E\n                                              \n                        \n        \u003Ch4 class=\u0022teaser-content--headline\u0022\u003E\n                                B\u00fcndnis warnt vor Versch\u00e4rfung der \n                              \u003Cspan class=\u0022headline-last-word-arrow\u0022\u003EWohnungsnot                      \u003C\/span\u003E\n        \u003C\/h4\u003E\n            \u003Cdiv class=\u0022teaser-content--publishing-date\u0022\u003E\u003Ctime datetime=\u00222025-02-06T08:51:39Z\u0022\u003E06.02.2025\u003C\/time\u003E\n\u003C\/div\u003E\u003Cspan class=\u0022teaser-content--publishing-date-divider\u0022\u003E - \u003C\/span\u003E\u003Cdiv class=\u0022teaser-content--body\u0022\u003E\u003Cp\u003ELaut einer aktuellen Studie des Pestel-Instituts und der Arbeitsgemeinschaft f\u00fcr zeitgem\u00e4\u00dfes Bauen (ARGE) Kiel fehlen bundesweit rund 550.000 Wohnungen. Besonders gravierend ist der Einbruch im sozialen Wohnungsbau: Anstatt der versprochenen 100.000 neuen Sozialwohnungen wurden 2024 lediglich 23.000 gef\u00f6rdert.\u003C\/p\u003E\n\u003C\/div\u003E\n                        \u003Cspan class=\u0022read-more-arrow-container\u0022\u003E\n            \u003Cspan class=\u0022read-more-angled-arrow\u0022\u003E \u003C\/span\u003E\n          \u003C\/span\u003E\n                  \u003C\/div\u003E\n    \u003C\/a\u003E\n\u003Ca href=\u0022\/schwerpunkt\/graue-energie-unterschaetzte-groesse-der-oekobilanzierung-denn-sie-wissen-nicht-was-sie\u0022  class=\u0022teaser teaser--standard\u0022 aria-label=\u0022D\ufeffenn sie wissen nicht, was sie tun\r\u0022\u003E\n      \u003Cdiv class=\u0022teaser-content--image\u0022\u003E\n        \u003Cfigure class=\u0022image--figure\u0022\u003E\n        \u003Cpicture\u003E\n                        \u003Csource srcset=\u0022\/sites\/default\/files\/styles\/teaser_standard__m\/public\/aurora\/2024\/11\/403704.jpeg.webp?itok=efAOI2Ep 1x\u0022 media=\u0022(min-width: 48.0625em) and (max-width: 64em)\u0022 type=\u0022image\/webp\u0022 width=\u0022323\u0022 height=\u0022176\u0022\/\u003E\n                  \u003Csource srcset=\u0022\/sites\/default\/files\/styles\/teaser_standard__l\/public\/aurora\/2024\/11\/403704.jpeg.webp?itok=dvirYVKA 1x\u0022 media=\u0022(min-width: 64.0625em)\u0022 type=\u0022image\/webp\u0022 width=\u0022203\u0022 height=\u0022111\u0022\/\u003E\n                  \u003Csource srcset=\u0022\/sites\/default\/files\/styles\/teaser_standard__m\/public\/aurora\/2024\/11\/403704.jpeg?itok=KkUozt9u 1x\u0022 media=\u0022(min-width: 48.0625em) and (max-width: 64em)\u0022 type=\u0022image\/jpeg\u0022 width=\u0022323\u0022 height=\u0022176\u0022\/\u003E\n                  \u003Csource srcset=\u0022\/sites\/default\/files\/styles\/teaser_standard__l\/public\/aurora\/2024\/11\/403704.jpeg?itok=A8XZAQ9Q 1x\u0022 media=\u0022(min-width: 64.0625em)\u0022 type=\u0022image\/jpeg\u0022 width=\u0022203\u0022 height=\u0022111\u0022\/\u003E\n                          \u003Cimg loading=\u0022eager\u0022 data-caption-hide width=\u0022708\u0022 height=\u0022386\u0022 data-zoomed=\u0022https:\/\/www.geb-info.de\/sites\/default\/files\/styles\/content__zoomed\/public\/aurora\/2024\/11\/403704.jpeg?itok=GVuKRbJm\u0022 src=\u0022\/sites\/default\/files\/styles\/teaser_standard__s\/public\/aurora\/2024\/11\/403704.jpeg?itok=EGQFihBr\u0022 title=\u0022\u00a9 Bild: detailfoto - stock.adobe.com\u0022 \/\u003E\n\n    \u003C\/picture\u003E\n      \u003Cfigcaption class=\u0022image--figcaption\u0022\u003E\n          \u003Cdiv class=\u0022copyright\u0022\u003EBild: detailfoto - stock.adobe.com\u003C\/div\u003E\n          \u003C\/figcaption\u003E\n\u003C\/figure\u003E\n\n\n    \u003C\/div\u003E\n    \u003Cdiv class=\u0022teaser-content\u0022\u003E\n                    \u003Cdiv class=\u0022teaser-content--kicker\u0022\u003E\n                    Graue Energie \u2013 untersch\u00e4tzte Gr\u00f6\u00dfe in der \u00d6kobilanzierung\n        \u003C\/div\u003E\n                                              \n                        \n        \u003Ch4 class=\u0022teaser-content--headline\u0022\u003E\n                                D\ufeffenn sie wissen nicht, was sie \n                              \u003Cspan class=\u0022headline-last-word-arrow\u0022\u003Etun              \u003Cspan\n                  class=\u0022permission-lock permission-lock-icon--\u0022\u003E\u003C\/span\u003E\n                                  \u003C\/span\u003E\n        \u003C\/h4\u003E\n            \u003Cdiv class=\u0022teaser-content--publishing-date\u0022\u003E\u003Ctime datetime=\u00222024-11-15T09:42:14Z\u0022\u003E15.11.2024\u003C\/time\u003E\n\u003C\/div\u003E\u003Cspan class=\u0022teaser-content--publishing-date-divider\u0022\u003E - \u003C\/span\u003E\u003Cdiv class=\u0022teaser-content--body\u0022\u003E\u003Cp\u003EIn unseren rund 19,5 Millionen Bestandswohngeb\u00e4uden steckt eine unvorstellbare Menge an grauer Energie. Anstatt diese zu nutzen und Geb\u00e4ude energetisch und klug zu sanieren, setzen viele Bauwillige lieber auf die Abrissbirne und einen teuren Ersatzneubau. Dabei sind es nicht nur die harten Zahlen in der Kosten- und \u00d6kobilanzierung, die f\u00fcr das Bewahren unserer Altbauten sprechen \u2013 es geht auch um Identit\u00e4t, Kultur und bezahlbares Wohnen.\u2003Claudia Siegele\u003C\/p\u003E\n\u003C\/div\u003E\n                        \u003Cspan class=\u0022read-more-arrow-container\u0022\u003E\n            \u003Cspan class=\u0022read-more-angled-arrow\u0022\u003E \u003C\/span\u003E\n          \u003C\/span\u003E\n                  \u003C\/div\u003E\n    \u003C\/a\u003E\n\u003Ca href=\u0022\/schwerpunkt\/kostenguenstiger-bauen-mit-dem-gebaeudetyp-e-norm-fuers-normale\u0022  class=\u0022teaser teaser--standard\u0022 aria-label=\u0022Norm f\u00fcrs Normale\r\u0022\u003E\n      \u003Cdiv class=\u0022teaser-content--image\u0022\u003E\n        \u003Cfigure class=\u0022image--figure\u0022\u003E\n        \u003Cpicture\u003E\n                        \u003Csource srcset=\u0022\/sites\/default\/files\/styles\/teaser_standard__m\/public\/aurora\/2024\/11\/403689.jpeg.webp?itok=5N6lOgZo 1x\u0022 media=\u0022(min-width: 48.0625em) and (max-width: 64em)\u0022 type=\u0022image\/webp\u0022 width=\u0022230\u0022 height=\u0022242\u0022\/\u003E\n                  \u003Csource srcset=\u0022\/sites\/default\/files\/styles\/teaser_standard__l\/public\/aurora\/2024\/11\/403689.jpeg.webp?itok=6X0fuzwA 1x\u0022 media=\u0022(min-width: 64.0625em)\u0022 type=\u0022image\/webp\u0022 width=\u0022145\u0022 height=\u0022152\u0022\/\u003E\n                  \u003Csource srcset=\u0022\/sites\/default\/files\/styles\/teaser_standard__m\/public\/aurora\/2024\/11\/403689.jpeg?itok=onqyRwdy 1x\u0022 media=\u0022(min-width: 48.0625em) and (max-width: 64em)\u0022 type=\u0022image\/jpeg\u0022 width=\u0022230\u0022 height=\u0022242\u0022\/\u003E\n                  \u003Csource srcset=\u0022\/sites\/default\/files\/styles\/teaser_standard__l\/public\/aurora\/2024\/11\/403689.jpeg?itok=3NfjZpAG 1x\u0022 media=\u0022(min-width: 64.0625em)\u0022 type=\u0022image\/jpeg\u0022 width=\u0022145\u0022 height=\u0022152\u0022\/\u003E\n                          \u003Cimg alt=\u00221\u2002Moderne Geb\u00e4ude ben\u00f6tigen zwar weniger Energie, jedoch um den Preis hoher Kosten f\u00fcr die installierte Technik. Das B\u00fcrogeb\u00e4ude 2226 von Baumschlager Eberle verzichtet auf jegliche Anlagen f\u00fcr Heizung, L\u00fcftung und K\u00fchlung.\u0022 loading=\u0022eager\u0022 data-caption-hide width=\u0022379\u0022 height=\u0022398\u0022 data-zoomed=\u0022https:\/\/www.geb-info.de\/sites\/default\/files\/styles\/content__zoomed\/public\/aurora\/2024\/11\/403689.jpeg?itok=bNzhjOWf\u0022 src=\u0022\/sites\/default\/files\/styles\/teaser_standard__s\/public\/aurora\/2024\/11\/403689.jpeg?itok=frr0AxXi\u0022 title=\u0022\u00a9 Bild: Claudia Siegele\u0022 \/\u003E\n\n    \u003C\/picture\u003E\n      \u003Cfigcaption class=\u0022image--figcaption\u0022\u003E\n          \u003Cdiv class=\u0022copyright\u0022\u003EBild: Claudia Siegele\u003C\/div\u003E\n          \u003C\/figcaption\u003E\n\u003C\/figure\u003E\n\n\n    \u003C\/div\u003E\n    \u003Cdiv class=\u0022teaser-content\u0022\u003E\n                    \u003Cdiv class=\u0022teaser-content--kicker\u0022\u003E\n                    Kosteng\u00fcnstiger bauen mit dem Geb\u00e4udetyp E\n        \u003C\/div\u003E\n                                              \n                        \n        \u003Ch4 class=\u0022teaser-content--headline\u0022\u003E\n                                Norm f\u00fcrs \n                              \u003Cspan class=\u0022headline-last-word-arrow\u0022\u003ENormale              \u003Cspan\n                  class=\u0022permission-lock permission-lock-icon--\u0022\u003E\u003C\/span\u003E\n                                  \u003C\/span\u003E\n        \u003C\/h4\u003E\n            \u003Cdiv class=\u0022teaser-content--publishing-date\u0022\u003E\u003Ctime datetime=\u00222024-11-15T09:42:08Z\u0022\u003E15.11.2024\u003C\/time\u003E\n\u003C\/div\u003E\u003Cspan class=\u0022teaser-content--publishing-date-divider\u0022\u003E - \u003C\/span\u003E\u003Cdiv class=\u0022teaser-content--body\u0022\u003E\u003Cp\u003EMit 3.420 Euro pro Quadratmeter liegt Deutschland bei den Bauwerkskosten f\u00fcr den Wohnungsbau im europaweiten Vergleich an der Spitze (Stand 2023). Pilotprojekte mit reduzierten Geb\u00e4udestandards zeigen: Unsere Bauvorschriften, Regelwerke und Normen haben einen erheblichen Anteil daran, dass Baukosten und Mieten kaum noch bezahlbar sind. K\u00f6nnen wir einfacher bauen?\u2003Claudia Siegele\u003C\/p\u003E\n\u003C\/div\u003E\n                        \u003Cspan class=\u0022read-more-arrow-container\u0022\u003E\n            \u003Cspan class=\u0022read-more-angled-arrow\u0022\u003E \u003C\/span\u003E\n          \u003C\/span\u003E\n                  \u003C\/div\u003E\n    \u003C\/a\u003E\n","entity_type":"node","used_ids":["",257100,256611,255263,254909,253674,253653,251469,247516,241353,241352,241279,239058,235704,235350,234656,234511,234297,230662,230663],"show_more":"\u003Cdiv class=\u0022del-show-more\u0022\u003E\u003Ca href=\u0022\/ajax\/del\/f4fcb505-e5ae-460f-9ecd-7016e03228c2\/paragraph\/20\/19\/asc\/eyJub2RlIjp7ImlkIjoiMTg3MzI2IiwidHlwZSI6InBhZ2UifX0%3D\u0022 title=\u0022Mehr Elemente anzeigen\u0022 class=\u0022del-show-more-link use-ajax\u0022 rel=\u0022nofollow\u0022 data-target-type=\u0022node\u0022 aria-controls=\u0022del--paragraph-656569--content\u0022 aria-label=\u0022Mehr Elemente anzeigen\u0022\u003EMehr anzeigen\u003C\/a\u003E\u003C\/div\u003E\n"}]