[{"command":"settings","settings":{"pluralDelimiter":"\u0003","suppressDeprecationErrors":true,"ajaxPageState":{"libraries":"eJxLqcxLzM1Mjk_NK8ksqYzPySwu0S_OyC-Pz80vSgUAtBcL_w","theme":"ivory","theme_token":null},"ajaxTrustedUrl":[],"user":{"uid":0,"permissionsHash":"9c975576f1b96e43d31b3ff34c1ca6b53b6096ff14d83974ef00f2d68011e8fb"}},"merge":true},{"command":"add_css","data":[{"rel":"stylesheet","media":"all","href":"\/core\/themes\/stable9\/css\/core\/components\/progress.module.css?te7139"},{"rel":"stylesheet","media":"all","href":"\/core\/themes\/stable9\/css\/core\/components\/ajax-progress.module.css?te7139"},{"rel":"stylesheet","media":"all","href":"\/themes\/contrib\/gin\/dist\/css\/components\/ajax.css?te7139"}]},{"command":"add_js","selector":"body","data":[{"src":"\/core\/assets\/vendor\/jquery\/jquery.min.js?v=4.0.0"},{"src":"\/sites\/default\/files\/js\/js_d-vnMCVcm62poJDWZlvQBKmmovo43M5e-K1h1hoM2I8.js?scope=footer\u0026delta=1\u0026language=de-geb\u0026theme=ivory\u0026include=eJxLqcxLzM1Mjk_NK8ksqYzPySwu0S_OyC-Pz80vSgUAtBcL_w"}]},{"command":"showMoreTeasers","id":"del--paragraph-533510","content":"\u003Ca href=\u0022\/umfrage\/frage-des-monats-2024-03\u0022  class=\u0022teaser teaser--standard-no-image\u0022 aria-label=\u0022Frage des Monats 2024-03\u0022\u003E\n      \u003Cdiv class=\u0022teaser-content\u0022\u003E\n                    \u003Cdiv class=\u0022teaser-content--kicker\u0022\u003E\n                    \n        \u003C\/div\u003E\n                                              \n                        \n        \u003Ch4 class=\u0022teaser-content--headline\u0022\u003E\n                                Frage des Monats \n                              \u003Cspan class=\u0022headline-last-word-arrow\u0022\u003E2024-03                      \u003C\/span\u003E\n        \u003C\/h4\u003E\n            \u003Cdiv class=\u0022teaser-content--publishing-date\u0022\u003E\u003Ctime datetime=\u00222024-03-18T08:46:34Z\u0022\u003E18.03.2024\u003C\/time\u003E\n\u003C\/div\u003E\u003Cspan class=\u0022teaser-content--publishing-date-divider\u0022\u003E - \u003C\/span\u003E\u003Cdiv class=\u0022teaser-content--body\u0022\u003E\u003Cp\u003ESeit Ende Februar 2024 f\u00f6rdert der Bund wieder klimafreundliches Bauen. Wie f\u00e4llt die Resonanz auf das KfW-Programm aus?\u003C\/p\u003E\n\u003C\/div\u003E\n                        \u003Cspan class=\u0022read-more-arrow-container\u0022\u003E\n          \u003Cspan class=\u0022read-more-angled-arrow\u0022\u003E \u003C\/span\u003E\n        \u003C\/span\u003E\n                  \u003C\/div\u003E\n    \u003C\/a\u003E\n\u003Ca href=\u0022\/umfrage\/frage-des-monats-2024-02\u0022  class=\u0022teaser teaser--standard-no-image\u0022 aria-label=\u0022Frage des Monats 2024-02\u0022\u003E\n      \u003Cdiv class=\u0022teaser-content\u0022\u003E\n                    \u003Cdiv class=\u0022teaser-content--kicker\u0022\u003E\n                    \n        \u003C\/div\u003E\n                                              \n                        \n        \u003Ch4 class=\u0022teaser-content--headline\u0022\u003E\n                                Frage des Monats \n                              \u003Cspan class=\u0022headline-last-word-arrow\u0022\u003E2024-02                      \u003C\/span\u003E\n        \u003C\/h4\u003E\n            \u003Cdiv class=\u0022teaser-content--publishing-date\u0022\u003E\u003Ctime datetime=\u00222024-04-09T08:56:52Z\u0022\u003E09.04.2024\u003C\/time\u003E\n\u003C\/div\u003E\u003Cspan class=\u0022teaser-content--publishing-date-divider\u0022\u003E - \u003C\/span\u003E\u003Cdiv class=\u0022teaser-content--body\u0022\u003E\u003Cp\u003EWelche Heiztechnologien werden vom Neustart der Heizungs\u00adf\u00f6rderung profitieren?\u003C\/p\u003E\n\u003C\/div\u003E\n                        \u003Cspan class=\u0022read-more-arrow-container\u0022\u003E\n          \u003Cspan class=\u0022read-more-angled-arrow\u0022\u003E \u003C\/span\u003E\n        \u003C\/span\u003E\n                  \u003C\/div\u003E\n    \u003C\/a\u003E\n\u003Ca href=\u0022\/geb\/frage-des-monats-2024-01\u0022  class=\u0022teaser teaser--standard-no-image\u0022 aria-label=\u0022Frage des Monats 2024-01\u0022\u003E\n      \u003Cdiv class=\u0022teaser-content\u0022\u003E\n                    \u003Cdiv class=\u0022teaser-content--kicker\u0022\u003E\n                    \n        \u003C\/div\u003E\n                                              \n                        \n        \u003Ch4 class=\u0022teaser-content--headline\u0022\u003E\n                                Frage des Monats \n                              \u003Cspan class=\u0022headline-last-word-arrow\u0022\u003E2024-01                      \u003C\/span\u003E\n        \u003C\/h4\u003E\n            \u003Cdiv class=\u0022teaser-content--publishing-date\u0022\u003E\u003Ctime datetime=\u00222024-01-16T08:23:00Z\u0022\u003E16.01.2024\u003C\/time\u003E\n\u003C\/div\u003E\u003Cspan class=\u0022teaser-content--publishing-date-divider\u0022\u003E - \u003C\/span\u003E\u003Cdiv class=\u0022teaser-content--body\u0022\u003E\u003Cp\u003EWie ist bei Ihnen derzeit die Nachfrage nach Sanierung der Geb\u00e4udeh\u00fclle?\u003C\/p\u003E\n\u003C\/div\u003E\n                        \u003Cspan class=\u0022read-more-arrow-container\u0022\u003E\n          \u003Cspan class=\u0022read-more-angled-arrow\u0022\u003E \u003C\/span\u003E\n        \u003C\/span\u003E\n                  \u003C\/div\u003E\n    \u003C\/a\u003E\n\u003Ca href=\u0022\/umfrage\/frage-des-monats-2023-10\u0022  class=\u0022teaser teaser--standard-no-image\u0022 aria-label=\u0022Frage des Monats 2023-10\u0022\u003E\n      \u003Cdiv class=\u0022teaser-content\u0022\u003E\n                    \u003Cdiv class=\u0022teaser-content--kicker\u0022\u003E\n                    \n        \u003C\/div\u003E\n                                              \n                        \n        \u003Ch4 class=\u0022teaser-content--headline\u0022\u003E\n                                Frage des Monats \n                              \u003Cspan class=\u0022headline-last-word-arrow\u0022\u003E2023-10                      \u003C\/span\u003E\n        \u003C\/h4\u003E\n            \u003Cdiv class=\u0022teaser-content--publishing-date\u0022\u003E\u003Ctime datetime=\u00222023-12-07T10:37:40Z\u0022\u003E07.12.2023\u003C\/time\u003E\n\u003C\/div\u003E\u003Cspan class=\u0022teaser-content--publishing-date-divider\u0022\u003E - \u003C\/span\u003E\u003Cdiv class=\u0022teaser-content--body\u0022\u003E\u003Cp\u003EWie bewerten Sie Ihre Umsatzentwicklung in der Energieberatung f\u00fcr 2024?\u003C\/p\u003E\n\u003C\/div\u003E\n                        \u003Cspan class=\u0022read-more-arrow-container\u0022\u003E\n          \u003Cspan class=\u0022read-more-angled-arrow\u0022\u003E \u003C\/span\u003E\n        \u003C\/span\u003E\n                  \u003C\/div\u003E\n    \u003C\/a\u003E\n\u003Ca href=\u0022\/umfrage\/frage-des-monats-2023-09\u0022  class=\u0022teaser teaser--standard-no-image\u0022 aria-label=\u0022Frage des Monats 2023-09\u0022\u003E\n      \u003Cdiv class=\u0022teaser-content\u0022\u003E\n                    \u003Cdiv class=\u0022teaser-content--kicker\u0022\u003E\n                    \n        \u003C\/div\u003E\n                                              \n                        \n        \u003Ch4 class=\u0022teaser-content--headline\u0022\u003E\n                                Frage des Monats \n                              \u003Cspan class=\u0022headline-last-word-arrow\u0022\u003E2023-09                      \u003C\/span\u003E\n        \u003C\/h4\u003E\n            \u003Cdiv class=\u0022teaser-content--publishing-date\u0022\u003E\u003Ctime datetime=\u00222023-12-05T09:23:27Z\u0022\u003E05.12.2023\u003C\/time\u003E\n\u003C\/div\u003E\u003Cspan class=\u0022teaser-content--publishing-date-divider\u0022\u003E - \u003C\/span\u003E\u003Cdiv class=\u0022teaser-content--body\u0022\u003E\u003Cp\u003ESind Sie in Projekte zum Contracting eingebunden?\u003C\/p\u003E\n\u003C\/div\u003E\n                        \u003Cspan class=\u0022read-more-arrow-container\u0022\u003E\n          \u003Cspan class=\u0022read-more-angled-arrow\u0022\u003E \u003C\/span\u003E\n        \u003C\/span\u003E\n                  \u003C\/div\u003E\n    \u003C\/a\u003E\n\u003Ca href=\u0022\/umfrage\/frage-des-monats-2023-08\u0022  class=\u0022teaser teaser--standard-no-image\u0022 aria-label=\u0022Frage des Monats 2023-08\u0022\u003E\n      \u003Cdiv class=\u0022teaser-content\u0022\u003E\n                    \u003Cdiv class=\u0022teaser-content--kicker\u0022\u003E\n                    \n        \u003C\/div\u003E\n                                              \n                        \n        \u003Ch4 class=\u0022teaser-content--headline\u0022\u003E\n                                Frage des Monats \n                              \u003Cspan class=\u0022headline-last-word-arrow\u0022\u003E2023-08                      \u003C\/span\u003E\n        \u003C\/h4\u003E\n            \u003Cdiv class=\u0022teaser-content--publishing-date\u0022\u003E\u003Ctime datetime=\u00222023-09-25T08:01:45Z\u0022\u003E25.09.2023\u003C\/time\u003E\n\u003C\/div\u003E\u003Cspan class=\u0022teaser-content--publishing-date-divider\u0022\u003E - \u003C\/span\u003E\u003Cdiv class=\u0022teaser-content--body\u0022\u003E\u003Cp\u003EWie bewerten Sie die Auswirkungen des jetzt verabschiedeten Geb\u00e4udeenergiegesetzes auf Ihre Arbeit?\u003C\/p\u003E\n\u003C\/div\u003E\n                        \u003Cspan class=\u0022read-more-arrow-container\u0022\u003E\n          \u003Cspan class=\u0022read-more-angled-arrow\u0022\u003E \u003C\/span\u003E\n        \u003C\/span\u003E\n                  \u003C\/div\u003E\n    \u003C\/a\u003E\n\u003Ca href=\u0022\/geb-leserumfrage\/frage-des-monats-2023-07\u0022  class=\u0022teaser teaser--standard-no-image\u0022 aria-label=\u0022Frage des Monats 2023-07\u0022\u003E\n      \u003Cdiv class=\u0022teaser-content\u0022\u003E\n                    \u003Cdiv class=\u0022teaser-content--kicker\u0022\u003E\n                    \n        \u003C\/div\u003E\n                                              \n                        \n        \u003Ch4 class=\u0022teaser-content--headline\u0022\u003E\n                                Frage des Monats \n                              \u003Cspan class=\u0022headline-last-word-arrow\u0022\u003E2023-07                      \u003C\/span\u003E\n        \u003C\/h4\u003E\n            \u003Cdiv class=\u0022teaser-content--publishing-date\u0022\u003E\u003Ctime datetime=\u00222023-08-24T06:41:00Z\u0022\u003E24.08.2023\u003C\/time\u003E\n\u003C\/div\u003E\u003Cspan class=\u0022teaser-content--publishing-date-divider\u0022\u003E - \u003C\/span\u003E\u003Cdiv class=\u0022teaser-content--body\u0022\u003E\u003Cp\u003EWie bewerten Sie Ihre Auftragslage f\u00fcr 2023?\u003C\/p\u003E\n\u003C\/div\u003E\n                        \u003Cspan class=\u0022read-more-arrow-container\u0022\u003E\n          \u003Cspan class=\u0022read-more-angled-arrow\u0022\u003E \u003C\/span\u003E\n        \u003C\/span\u003E\n                  \u003C\/div\u003E\n    \u003C\/a\u003E\n\u003Ca href=\u0022\/frage-des-monats\/frage-des-monats-2023-06\u0022  class=\u0022teaser teaser--standard-no-image\u0022 aria-label=\u0022Frage des Monats 2023-06\u0022\u003E\n      \u003Cdiv class=\u0022teaser-content\u0022\u003E\n                    \u003Cdiv class=\u0022teaser-content--kicker\u0022\u003E\n                    \n        \u003C\/div\u003E\n                                              \n                        \n        \u003Ch4 class=\u0022teaser-content--headline\u0022\u003E\n                                Frage des Monats \n                              \u003Cspan class=\u0022headline-last-word-arrow\u0022\u003E2023-06                      \u003C\/span\u003E\n        \u003C\/h4\u003E\n            \u003Cdiv class=\u0022teaser-content--publishing-date\u0022\u003E\u003Ctime datetime=\u00222023-06-23T07:09:45Z\u0022\u003E23.06.2023\u003C\/time\u003E\n\u003C\/div\u003E\u003Cspan class=\u0022teaser-content--publishing-date-divider\u0022\u003E - \u003C\/span\u003E\u003Cdiv class=\u0022teaser-content--body\u0022\u003E\u003Cp\u003EWelche Rolle spielt bei Ihren Beratungsgespr\u00e4chen das Thema Balkon-PV?\u003C\/p\u003E\n\u003C\/div\u003E\n                        \u003Cspan class=\u0022read-more-arrow-container\u0022\u003E\n          \u003Cspan class=\u0022read-more-angled-arrow\u0022\u003E \u003C\/span\u003E\n        \u003C\/span\u003E\n                  \u003C\/div\u003E\n    \u003C\/a\u003E\n\u003Ca href=\u0022\/geb-umfrage\/frage-des-monats-2023-05\u0022  class=\u0022teaser teaser--standard-no-image\u0022 aria-label=\u0022Frage des Monats 2023-05\u0022\u003E\n      \u003Cdiv class=\u0022teaser-content\u0022\u003E\n                    \u003Cdiv class=\u0022teaser-content--kicker\u0022\u003E\n                    \n        \u003C\/div\u003E\n                                              \n                        \n        \u003Ch4 class=\u0022teaser-content--headline\u0022\u003E\n                                Frage des Monats \n                              \u003Cspan class=\u0022headline-last-word-arrow\u0022\u003E2023-05                      \u003C\/span\u003E\n        \u003C\/h4\u003E\n            \u003Cdiv class=\u0022teaser-content--publishing-date\u0022\u003E\u003Ctime datetime=\u00222023-05-23T06:10:00Z\u0022\u003E23.05.2023\u003C\/time\u003E\n\u003C\/div\u003E\u003Cspan class=\u0022teaser-content--publishing-date-divider\u0022\u003E - \u003C\/span\u003E\u003Cdiv class=\u0022teaser-content--body\u0022\u003E\u003Cp\u003EIn welchen Kundengruppen machen Sie den meisten Umsatz?\u003C\/p\u003E\n\u003C\/div\u003E\n                        \u003Cspan class=\u0022read-more-arrow-container\u0022\u003E\n          \u003Cspan class=\u0022read-more-angled-arrow\u0022\u003E \u003C\/span\u003E\n        \u003C\/span\u003E\n                  \u003C\/div\u003E\n    \u003C\/a\u003E\n\u003Ca href=\u0022\/geb-umfrage\/frage-des-monats-2023-04\u0022  class=\u0022teaser teaser--standard-no-image\u0022 aria-label=\u0022Frage des Monats 2023-04\u0022\u003E\n      \u003Cdiv class=\u0022teaser-content\u0022\u003E\n                    \u003Cdiv class=\u0022teaser-content--kicker\u0022\u003E\n                    \n        \u003C\/div\u003E\n                                              \n                        \n        \u003Ch4 class=\u0022teaser-content--headline\u0022\u003E\n                                Frage des Monats \n                              \u003Cspan class=\u0022headline-last-word-arrow\u0022\u003E2023-04                      \u003C\/span\u003E\n        \u003C\/h4\u003E\n            \u003Cdiv class=\u0022teaser-content--publishing-date\u0022\u003E\u003Ctime datetime=\u00222023-04-15T12:13:44Z\u0022\u003E15.04.2023\u003C\/time\u003E\n\u003C\/div\u003E\u003Cspan class=\u0022teaser-content--publishing-date-divider\u0022\u003E - \u003C\/span\u003E\u003Cdiv class=\u0022teaser-content--body\u0022\u003E\u003Cp\u003EWelche Rolle spielt bei Ihren Kundengespr\u00e4chen das Thema Smart Home?\u003C\/p\u003E\n\u003C\/div\u003E\n                        \u003Cspan class=\u0022read-more-arrow-container\u0022\u003E\n          \u003Cspan class=\u0022read-more-angled-arrow\u0022\u003E \u003C\/span\u003E\n        \u003C\/span\u003E\n                  \u003C\/div\u003E\n    \u003C\/a\u003E\n\u003Ca href=\u0022\/umfrage\/frage-des-monats-2023-03\u0022  class=\u0022teaser teaser--standard-no-image\u0022 aria-label=\u0022Frage des Monats 2023-03\u0022\u003E\n      \u003Cdiv class=\u0022teaser-content\u0022\u003E\n                    \u003Cdiv class=\u0022teaser-content--kicker\u0022\u003E\n                    \n        \u003C\/div\u003E\n                                              \n                        \n        \u003Ch4 class=\u0022teaser-content--headline\u0022\u003E\n                                Frage des Monats \n                              \u003Cspan class=\u0022headline-last-word-arrow\u0022\u003E2023-03                      \u003C\/span\u003E\n        \u003C\/h4\u003E\n            \u003Cdiv class=\u0022teaser-content--publishing-date\u0022\u003E\u003Ctime datetime=\u00222023-03-20T07:34:00Z\u0022\u003E20.03.2023\u003C\/time\u003E\n\u003C\/div\u003E\u003Cspan class=\u0022teaser-content--publishing-date-divider\u0022\u003E - \u003C\/span\u003E\u003Cdiv class=\u0022teaser-content--body\u0022\u003E\u003Cp\u003EWelche Auswirkungen hat das F\u00f6rderprogramm Klimafreundliche Neubauten auf Ihr Gesch\u00e4ft?\u003C\/p\u003E\n\u003C\/div\u003E\n                        \u003Cspan class=\u0022read-more-arrow-container\u0022\u003E\n          \u003Cspan class=\u0022read-more-angled-arrow\u0022\u003E \u003C\/span\u003E\n        \u003C\/span\u003E\n                  \u003C\/div\u003E\n    \u003C\/a\u003E\n\u003Ca href=\u0022\/frage-des-monats\/frage-des-monats-2023-02\u0022  class=\u0022teaser teaser--standard-no-image\u0022 aria-label=\u0022Frage des Monats 2023-02\u0022\u003E\n      \u003Cdiv class=\u0022teaser-content\u0022\u003E\n                    \u003Cdiv class=\u0022teaser-content--kicker\u0022\u003E\n                    \n        \u003C\/div\u003E\n                                              \n                        \n        \u003Ch4 class=\u0022teaser-content--headline\u0022\u003E\n                                Frage des Monats \n                              \u003Cspan class=\u0022headline-last-word-arrow\u0022\u003E2023-02                      \u003C\/span\u003E\n        \u003C\/h4\u003E\n            \u003Cdiv class=\u0022teaser-content--publishing-date\u0022\u003E\u003Ctime datetime=\u00222023-02-15T17:59:14Z\u0022\u003E15.02.2023\u003C\/time\u003E\n\u003C\/div\u003E\u003Cspan class=\u0022teaser-content--publishing-date-divider\u0022\u003E - \u003C\/span\u003E\u003Cdiv class=\u0022teaser-content--body\u0022\u003E\u003Cp\u003EWelche Rolle spielt in Ihren Beratungen das Thema E-Mobility?\u003C\/p\u003E\n\u003C\/div\u003E\n                        \u003Cspan class=\u0022read-more-arrow-container\u0022\u003E\n          \u003Cspan class=\u0022read-more-angled-arrow\u0022\u003E \u003C\/span\u003E\n        \u003C\/span\u003E\n                  \u003C\/div\u003E\n    \u003C\/a\u003E\n\u003Ca href=\u0022\/umfrage\/frage-des-monats-2023-01\u0022  class=\u0022teaser teaser--standard-no-image\u0022 aria-label=\u0022Frage des Monats 2023-01\u0022\u003E\n      \u003Cdiv class=\u0022teaser-content\u0022\u003E\n                    \u003Cdiv class=\u0022teaser-content--kicker\u0022\u003E\n                    \n        \u003C\/div\u003E\n                                              \n                        \n        \u003Ch4 class=\u0022teaser-content--headline\u0022\u003E\n                                Frage des Monats \n                              \u003Cspan class=\u0022headline-last-word-arrow\u0022\u003E2023-01                      \u003C\/span\u003E\n        \u003C\/h4\u003E\n            \u003Cdiv class=\u0022teaser-content--publishing-date\u0022\u003E\u003Ctime datetime=\u00222023-01-09T07:05:00Z\u0022\u003E09.01.2023\u003C\/time\u003E\n\u003C\/div\u003E\u003Cspan class=\u0022teaser-content--publishing-date-divider\u0022\u003E - \u003C\/span\u003E\u003Cdiv class=\u0022teaser-content--body\u0022\u003E\u003Cp\u003EWie sch\u00e4tzen Sie Ihren Umsatz f\u00fcr 2023 ein?\u003C\/p\u003E\n\u003C\/div\u003E\n                        \u003Cspan class=\u0022read-more-arrow-container\u0022\u003E\n          \u003Cspan class=\u0022read-more-angled-arrow\u0022\u003E \u003C\/span\u003E\n        \u003C\/span\u003E\n                  \u003C\/div\u003E\n    \u003C\/a\u003E\n\u003Ca href=\u0022\/umfrage\/frage-des-monats-2022-11\u0022  class=\u0022teaser teaser--standard-no-image\u0022 aria-label=\u0022Frage des Monats 2022-11\u0022\u003E\n      \u003Cdiv class=\u0022teaser-content\u0022\u003E\n                    \u003Cdiv class=\u0022teaser-content--kicker\u0022\u003E\n                    \n        \u003C\/div\u003E\n                                              \n                        \n        \u003Ch4 class=\u0022teaser-content--headline\u0022\u003E\n                                Frage des Monats \n                              \u003Cspan class=\u0022headline-last-word-arrow\u0022\u003E2022-11                      \u003C\/span\u003E\n        \u003C\/h4\u003E\n            \u003Cdiv class=\u0022teaser-content--publishing-date\u0022\u003E\u003Ctime datetime=\u00222022-11-07T07:35:00Z\u0022\u003E07.11.2022\u003C\/time\u003E\n\u003C\/div\u003E\u003Cspan class=\u0022teaser-content--publishing-date-divider\u0022\u003E - \u003C\/span\u003E\u003Cdiv class=\u0022teaser-content--body\u0022\u003E\u003Cp\u003EWie bewerten Sie Antworten die Sie erhalten, wenn Sie Fragen zu F\u00f6rderantr\u00e4gen \u00fcber das Kontaktformular des Bafa eingeben (Mehrfachantworten m\u00f6glich?\u003C\/p\u003E\n\u003C\/div\u003E\n                        \u003Cspan class=\u0022read-more-arrow-container\u0022\u003E\n          \u003Cspan class=\u0022read-more-angled-arrow\u0022\u003E \u003C\/span\u003E\n        \u003C\/span\u003E\n                  \u003C\/div\u003E\n    \u003C\/a\u003E\n\u003Ca href=\u0022\/umfrage\/frage-des-monats-2022-10\u0022  class=\u0022teaser teaser--standard-no-image\u0022 aria-label=\u0022Frage des Monats 2022-10\u0022\u003E\n      \u003Cdiv class=\u0022teaser-content\u0022\u003E\n                    \u003Cdiv class=\u0022teaser-content--kicker\u0022\u003E\n                    \n        \u003C\/div\u003E\n                                              \n                        \n        \u003Ch4 class=\u0022teaser-content--headline\u0022\u003E\n                                Frage des Monats \n                              \u003Cspan class=\u0022headline-last-word-arrow\u0022\u003E2022-10                      \u003C\/span\u003E\n        \u003C\/h4\u003E\n            \u003Cdiv class=\u0022teaser-content--publishing-date\u0022\u003E\u003Ctime datetime=\u00222022-09-19T08:17:00Z\u0022\u003E19.09.2022\u003C\/time\u003E\n\u003C\/div\u003E\u003Cspan class=\u0022teaser-content--publishing-date-divider\u0022\u003E - \u003C\/span\u003E\u003Cdiv class=\u0022teaser-content--body\u0022\u003E\u003Cp\u003EWorauf legen Ihren Kundinnen und Kunden besonderen Wert bei der Beratung ganzheitlicher Geb\u00e4udekonzepte?\u003C\/p\u003E\n\u003C\/div\u003E\n                        \u003Cspan class=\u0022read-more-arrow-container\u0022\u003E\n          \u003Cspan class=\u0022read-more-angled-arrow\u0022\u003E \u003C\/span\u003E\n        \u003C\/span\u003E\n                  \u003C\/div\u003E\n    \u003C\/a\u003E\n\u003Ca href=\u0022\/geb-umfrage\/frage-des-monats-2022-08\u0022  class=\u0022teaser teaser--standard-no-image\u0022 aria-label=\u0022Frage des Monats 2022-08\u0022\u003E\n      \u003Cdiv class=\u0022teaser-content\u0022\u003E\n                    \u003Cdiv class=\u0022teaser-content--kicker\u0022\u003E\n                    \n        \u003C\/div\u003E\n                                              \n                        \n        \u003Ch4 class=\u0022teaser-content--headline\u0022\u003E\n                                Frage des Monats \n                              \u003Cspan class=\u0022headline-last-word-arrow\u0022\u003E2022-08                      \u003C\/span\u003E\n        \u003C\/h4\u003E\n            \u003Cdiv class=\u0022teaser-content--publishing-date\u0022\u003E\u003Ctime datetime=\u00222022-07-22T15:53:00Z\u0022\u003E22.07.2022\u003C\/time\u003E\n\u003C\/div\u003E\u003Cspan class=\u0022teaser-content--publishing-date-divider\u0022\u003E - \u003C\/span\u003E\u003Cdiv class=\u0022teaser-content--body\u0022\u003E\u003Cp\u003EWie hoch sind Ihre Au\u00dfenst\u00e4nde derzeit, weil Sie nach Abgabe des Verwendungsnachweises f\u00fcr den iSFP noch kein Geld vom Bafa erhalten haben?\u003C\/p\u003E\n\u003C\/div\u003E\n                        \u003Cspan class=\u0022read-more-arrow-container\u0022\u003E\n          \u003Cspan class=\u0022read-more-angled-arrow\u0022\u003E \u003C\/span\u003E\n        \u003C\/span\u003E\n                  \u003C\/div\u003E\n    \u003C\/a\u003E\n\u003Ca href=\u0022\/umfrage\/frage-des-monats-2022-07\u0022  class=\u0022teaser teaser--standard-no-image\u0022 aria-label=\u0022Frage des Monats 2022-07\u0022\u003E\n      \u003Cdiv class=\u0022teaser-content\u0022\u003E\n                    \u003Cdiv class=\u0022teaser-content--kicker\u0022\u003E\n                    \n        \u003C\/div\u003E\n                                              \n                        \n        \u003Ch4 class=\u0022teaser-content--headline\u0022\u003E\n                                Frage des Monats \n                              \u003Cspan class=\u0022headline-last-word-arrow\u0022\u003E2022-07                      \u003C\/span\u003E\n        \u003C\/h4\u003E\n            \u003Cdiv class=\u0022teaser-content--publishing-date\u0022\u003E\u003Ctime datetime=\u00222022-06-24T06:27:30Z\u0022\u003E24.06.2022\u003C\/time\u003E\n\u003C\/div\u003E\u003Cspan class=\u0022teaser-content--publishing-date-divider\u0022\u003E - \u003C\/span\u003E\u003Cdiv class=\u0022teaser-content--body\u0022\u003E\u003Cp\u003EWelche Erfahrungen haben Sie mit dem Nachweis nach DIN 4108-2 f\u00fcr den sommerlichen W\u00e4rmeschutz gemacht?\u003C\/p\u003E\n\u003C\/div\u003E\n                        \u003Cspan class=\u0022read-more-arrow-container\u0022\u003E\n          \u003Cspan class=\u0022read-more-angled-arrow\u0022\u003E \u003C\/span\u003E\n        \u003C\/span\u003E\n                  \u003C\/div\u003E\n    \u003C\/a\u003E\n\u003Ca href=\u0022\/umfrage\/frage-des-monats-2022-06\u0022  class=\u0022teaser teaser--standard-no-image\u0022 aria-label=\u0022Frage des Monats 2022-06\u0022\u003E\n      \u003Cdiv class=\u0022teaser-content\u0022\u003E\n                    \u003Cdiv class=\u0022teaser-content--kicker\u0022\u003E\n                    \n        \u003C\/div\u003E\n                                              \n                        \n        \u003Ch4 class=\u0022teaser-content--headline\u0022\u003E\n                                Frage des Monats \n                              \u003Cspan class=\u0022headline-last-word-arrow\u0022\u003E2022-06                      \u003C\/span\u003E\n        \u003C\/h4\u003E\n            \u003Cdiv class=\u0022teaser-content--publishing-date\u0022\u003E\u003Ctime datetime=\u00222022-05-30T08:00:00Z\u0022\u003E30.05.2022\u003C\/time\u003E\n\u003C\/div\u003E\u003Cspan class=\u0022teaser-content--publishing-date-divider\u0022\u003E - \u003C\/span\u003E\u003Cdiv class=\u0022teaser-content--body\u0022\u003E\u003Cp\u003EWie stellen Sie sich darauf ein, dass \u00adF\u00f6rderung und Nachhaltigkeit \u00adgekoppelt werden?\u003C\/p\u003E\n\u003C\/div\u003E\n                        \u003Cspan class=\u0022read-more-arrow-container\u0022\u003E\n          \u003Cspan class=\u0022read-more-angled-arrow\u0022\u003E \u003C\/span\u003E\n        \u003C\/span\u003E\n                  \u003C\/div\u003E\n    \u003C\/a\u003E\n\u003Ca href=\u0022\/umfrage\/frage-des-monats-2022-05\u0022  class=\u0022teaser teaser--standard-no-image\u0022 aria-label=\u0022Frage des Monats 2022-05\u0022\u003E\n      \u003Cdiv class=\u0022teaser-content\u0022\u003E\n                    \u003Cdiv class=\u0022teaser-content--kicker\u0022\u003E\n                    \n        \u003C\/div\u003E\n                                              \n                        \n        \u003Ch4 class=\u0022teaser-content--headline\u0022\u003E\n                                Frage des Monats \n                              \u003Cspan class=\u0022headline-last-word-arrow\u0022\u003E2022-05                      \u003C\/span\u003E\n        \u003C\/h4\u003E\n            \u003Cdiv class=\u0022teaser-content--publishing-date\u0022\u003E\u003Ctime datetime=\u00222022-04-20T08:07:00Z\u0022\u003E20.04.2022\u003C\/time\u003E\n\u003C\/div\u003E\u003Cspan class=\u0022teaser-content--publishing-date-divider\u0022\u003E - \u003C\/span\u003E\u003Cdiv class=\u0022teaser-content--body\u0022\u003E\u003Cp\u003EWie wirkt sich die Knappheit bei Baustoffen auf Ihre T\u00e4tigkeit aus?\u003C\/p\u003E\n\u003C\/div\u003E\n                        \u003Cspan class=\u0022read-more-arrow-container\u0022\u003E\n          \u003Cspan class=\u0022read-more-angled-arrow\u0022\u003E \u003C\/span\u003E\n        \u003C\/span\u003E\n                  \u003C\/div\u003E\n    \u003C\/a\u003E\n\u003Ca href=\u0022\/umfrage\/frage-des-monats-2022-04\u0022  class=\u0022teaser teaser--standard-no-image\u0022 aria-label=\u0022Frage des Monats 2022-04\u0022\u003E\n      \u003Cdiv class=\u0022teaser-content\u0022\u003E\n                    \u003Cdiv class=\u0022teaser-content--kicker\u0022\u003E\n                    \n        \u003C\/div\u003E\n                                              \n                        \n        \u003Ch4 class=\u0022teaser-content--headline\u0022\u003E\n                                Frage des Monats \n                              \u003Cspan class=\u0022headline-last-word-arrow\u0022\u003E2022-04                      \u003C\/span\u003E\n        \u003C\/h4\u003E\n            \u003Cdiv class=\u0022teaser-content--publishing-date\u0022\u003E\u003Ctime datetime=\u00222022-03-24T07:24:00Z\u0022\u003E24.03.2022\u003C\/time\u003E\n\u003C\/div\u003E\u003Cspan class=\u0022teaser-content--publishing-date-divider\u0022\u003E - \u003C\/span\u003E\u003Cdiv class=\u0022teaser-content--body\u0022\u003E\u003Cp\u003EWelche Schulnote w\u00fcrden Sie der Bundesf\u00f6rderung f\u00fcr effiziente Geb\u00e4ude geben?\u003C\/p\u003E\n\u003C\/div\u003E\n                        \u003Cspan class=\u0022read-more-arrow-container\u0022\u003E\n          \u003Cspan class=\u0022read-more-angled-arrow\u0022\u003E \u003C\/span\u003E\n        \u003C\/span\u003E\n                  \u003C\/div\u003E\n    \u003C\/a\u003E\n","entity_type":"node","used_ids":[""],"show_more":"\u003Cdiv class=\u0022del-show-more\u0022\u003E\u003Ca href=\u0022\/ajax\/del\/e51c08f9-8486-4e1d-954d-5ca549a65d4d\/paragraph\/21\/20\/asc\/eyJub2RlIjp7ImlkIjoiMTI2MDI5IiwidHlwZSI6InBhZ2UifX0%3D\u0022 title=\u0022Mehr Elemente anzeigen\u0022 class=\u0022del-show-more-link use-ajax\u0022 rel=\u0022nofollow\u0022 data-target-type=\u0022node\u0022 aria-controls=\u0022del--paragraph-533510--content\u0022 aria-label=\u0022Mehr Elemente anzeigen\u0022\u003EMehr anzeigen\u003C\/a\u003E\u003C\/div\u003E\n"}]