[{"command":"settings","settings":{"pluralDelimiter":"\u0003","suppressDeprecationErrors":true,"ajaxPageState":{"libraries":"eJxLzi9K1S_ITC4pLUpNy8zJ0UmpzEvMzUyOT80rySypjM_JLC7RL87IL4_PBaoEALH_EqY","theme":"ivory","theme_token":null},"ajaxTrustedUrl":[],"user":{"uid":0,"permissionsHash":"9c975576f1b96e43d31b3ff34c1ca6b53b6096ff14d83974ef00f2d68011e8fb"}},"merge":true},{"command":"add_css","data":[{"rel":"stylesheet","media":"all","href":"\/core\/themes\/stable9\/css\/core\/components\/progress.module.css?tdy2vy"},{"rel":"stylesheet","media":"all","href":"\/core\/themes\/stable9\/css\/core\/components\/ajax-progress.module.css?tdy2vy"},{"rel":"stylesheet","media":"all","href":"\/themes\/contrib\/gin\/dist\/css\/components\/ajax.css?tdy2vy"}]},{"command":"add_js","selector":"body","data":[{"src":"\/core\/assets\/vendor\/jquery\/jquery.min.js?v=4.0.0"},{"src":"\/sites\/default\/files\/js\/js_d-vnMCVcm62poJDWZlvQBKmmovo43M5e-K1h1hoM2I8.js?scope=footer\u0026delta=1\u0026language=de-geb\u0026theme=ivory\u0026include=eJxLqcxLzM1Mjk_NK8ksqYzPySwu0S_OyC-Pz80vSgUAtBcL_w"}]},{"command":"showMoreTeasers","id":"del--paragraph-657056","content":"\u003Ca href=\u0022\/produkte\/paw-smarte-systemtechnik-fuer-wohnungsbau-und-waermepumpen\u0022  class=\u0022teaser teaser--standard\u0022 aria-label=\u0022Smarte Systemtechnik f\u00fcr Wohnungs\u00adbau und W\u00e4rmepumpen\r\u0022\u003E\n      \u003Cdiv class=\u0022teaser-content--image\u0022\u003E\n        \u003Cfigure class=\u0022image--figure\u0022\u003E\n        \u003Cpicture\u003E\n                        \u003Csource srcset=\u0022\/sites\/default\/files\/styles\/teaser_standard__m\/public\/aurora\/2026\/03\/525829.jpeg.webp?itok=SLT9pxGI 1x\u0022 media=\u0022(min-width: 48.0625em) and (max-width: 64em)\u0022 type=\u0022image\/webp\u0022 width=\u0022323\u0022 height=\u0022214\u0022\/\u003E\n                  \u003Csource srcset=\u0022\/sites\/default\/files\/styles\/teaser_standard__l\/public\/aurora\/2026\/03\/525829.jpeg.webp?itok=948xlpDj 1x\u0022 media=\u0022(min-width: 64.0625em)\u0022 type=\u0022image\/webp\u0022 width=\u0022203\u0022 height=\u0022134\u0022\/\u003E\n                  \u003Csource srcset=\u0022\/sites\/default\/files\/styles\/teaser_standard__m\/public\/aurora\/2026\/03\/525829.jpeg?itok=dRRZ5jDm 1x\u0022 media=\u0022(min-width: 48.0625em) and (max-width: 64em)\u0022 type=\u0022image\/jpeg\u0022 width=\u0022323\u0022 height=\u0022214\u0022\/\u003E\n                  \u003Csource srcset=\u0022\/sites\/default\/files\/styles\/teaser_standard__l\/public\/aurora\/2026\/03\/525829.jpeg?itok=7xjAdv6o 1x\u0022 media=\u0022(min-width: 64.0625em)\u0022 type=\u0022image\/jpeg\u0022 width=\u0022203\u0022 height=\u0022134\u0022\/\u003E\n                          \u003Cimg alt=\u0022Am Stand 5.209 in Halle 5 pr\u00e4sentiert PAW Neuheiten und Bew\u00e4hrtes aus dem Produktangebot rund um Heizungs- und Frischwassertechnik, Solarthermie und Wohnungsstationen.\u0022 loading=\u0022eager\u0022 data-caption-hide width=\u0022602\u0022 height=\u0022398\u0022 data-zoomed=\u0022https:\/\/www.geb-info.de\/sites\/default\/files\/styles\/content__zoomed\/public\/aurora\/2026\/03\/525829.jpeg?itok=uSUtme6I\u0022 src=\u0022\/sites\/default\/files\/styles\/teaser_standard__s\/public\/aurora\/2026\/03\/525829.jpeg?itok=88LZf0MI\u0022 title=\u0022\u00a9 Bild: PAW\u0022 \/\u003E\n\n    \u003C\/picture\u003E\n      \u003Cfigcaption class=\u0022image--figcaption\u0022\u003E\n          \u003Cdiv class=\u0022copyright\u0022\u003EBild: PAW\u003C\/div\u003E\n          \u003C\/figcaption\u003E\n\u003C\/figure\u003E\n\n\n    \u003C\/div\u003E\n    \u003Cdiv class=\u0022teaser-content\u0022\u003E\n                    \u003Cdiv class=\u0022teaser-content--kicker\u0022\u003E\n                    PAW\u2002\n        \u003C\/div\u003E\n                                              \n                        \n        \u003Ch4 class=\u0022teaser-content--headline\u0022\u003E\n                                Smarte Systemtechnik f\u00fcr Wohnungs\u00adbau und \n                              \u003Cspan class=\u0022headline-last-word-arrow\u0022\u003EW\u00e4rmepumpen                      \u003C\/span\u003E\n        \u003C\/h4\u003E\n            \u003Cdiv class=\u0022teaser-content--publishing-date\u0022\u003E\u003Ctime datetime=\u00222026-04-07T12:08:57Z\u0022\u003E07.04.2026\u003C\/time\u003E\n\u003C\/div\u003E\u003Cspan class=\u0022teaser-content--publishing-date-divider\u0022\u003E - \u003C\/span\u003E\u003Cdiv class=\u0022teaser-content--body\u0022\u003E  \u003Cp\u003EDie 3-Wege-Ventile PV3 von PAW eignen sich f\u00fcr Heizungs-, W\u00e4rmepumpen- und Energiemanagementsysteme und k\u00f6nnen zwischen einzelnen Anlagenteilen umschalten. Mit Dichtheit gem\u00e4\u00df Leckagerate A nach der DIN EN 12266-1 und den Nennweiten DN 25 und\u0026nbsp;DN 32 erf\u00fcllen sie die Anforderungen an moderne Anlagen...\u003C\/p\u003E\n\n\n\u003C\/div\u003E\n                        \u003Cspan class=\u0022read-more-arrow-container\u0022\u003E\n            \u003Cspan class=\u0022read-more-angled-arrow\u0022\u003E \u003C\/span\u003E\n          \u003C\/span\u003E\n                  \u003C\/div\u003E\n    \u003C\/a\u003E\n\u003Ca href=\u0022\/produkte\/roth-von-e-designplatten-bis-wohnungsstation\u0022  class=\u0022teaser teaser--standard\u0022 aria-label=\u0022Von E-Designplatten bis Wohnungs\u00adstation\r\u0022\u003E\n      \u003Cdiv class=\u0022teaser-content--image\u0022\u003E\n        \u003Cfigure class=\u0022image--figure\u0022\u003E\n        \u003Cpicture\u003E\n                        \u003Csource srcset=\u0022\/sites\/default\/files\/styles\/teaser_standard__m\/public\/aurora\/2026\/03\/525831.jpeg.webp?itok=efYaEvqW 1x\u0022 media=\u0022(min-width: 48.0625em) and (max-width: 64em)\u0022 type=\u0022image\/webp\u0022 width=\u0022198\u0022 height=\u0022242\u0022\/\u003E\n                  \u003Csource srcset=\u0022\/sites\/default\/files\/styles\/teaser_standard__l\/public\/aurora\/2026\/03\/525831.jpeg.webp?itok=QU5lc4fE 1x\u0022 media=\u0022(min-width: 64.0625em)\u0022 type=\u0022image\/webp\u0022 width=\u0022125\u0022 height=\u0022152\u0022\/\u003E\n                  \u003Csource srcset=\u0022\/sites\/default\/files\/styles\/teaser_standard__m\/public\/aurora\/2026\/03\/525831.jpeg?itok=uIxes6Lr 1x\u0022 media=\u0022(min-width: 48.0625em) and (max-width: 64em)\u0022 type=\u0022image\/jpeg\u0022 width=\u0022198\u0022 height=\u0022242\u0022\/\u003E\n                  \u003Csource srcset=\u0022\/sites\/default\/files\/styles\/teaser_standard__l\/public\/aurora\/2026\/03\/525831.jpeg?itok=zn-ocWKl 1x\u0022 media=\u0022(min-width: 64.0625em)\u0022 type=\u0022image\/jpeg\u0022 width=\u0022125\u0022 height=\u0022152\u0022\/\u003E\n                          \u003Cimg alt=\u0022Das Unternehmen Roth Werke pr\u00e4sentiert verschiedene Produkte f\u00fcr Planer und Fachhandwerker: h\ufeffier die neue Wohnungsstation Roth Flat Connect hybrid.\u0022 loading=\u0022eager\u0022 data-caption-hide width=\u0022326\u0022 height=\u0022398\u0022 data-zoomed=\u0022https:\/\/www.geb-info.de\/sites\/default\/files\/styles\/content__zoomed\/public\/aurora\/2026\/03\/525831.jpeg?itok=D73J9r6V\u0022 src=\u0022\/sites\/default\/files\/styles\/teaser_standard__s\/public\/aurora\/2026\/03\/525831.jpeg?itok=uNP-gBZY\u0022 title=\u0022\u00a9 Bild: Roth Werke\u0022 \/\u003E\n\n    \u003C\/picture\u003E\n      \u003Cfigcaption class=\u0022image--figcaption\u0022\u003E\n          \u003Cdiv class=\u0022copyright\u0022\u003EBild: Roth Werke\u003C\/div\u003E\n          \u003C\/figcaption\u003E\n\u003C\/figure\u003E\n\n\n    \u003C\/div\u003E\n    \u003Cdiv class=\u0022teaser-content\u0022\u003E\n                    \u003Cdiv class=\u0022teaser-content--kicker\u0022\u003E\n                    Roth\n        \u003C\/div\u003E\n                                              \n                        \n        \u003Ch4 class=\u0022teaser-content--headline\u0022\u003E\n                                Von E-Designplatten bis \n                              \u003Cspan class=\u0022headline-last-word-arrow\u0022\u003EWohnungs\u00adstation                      \u003C\/span\u003E\n        \u003C\/h4\u003E\n            \u003Cdiv class=\u0022teaser-content--publishing-date\u0022\u003E\u003Ctime datetime=\u00222026-04-07T12:08:54Z\u0022\u003E07.04.2026\u003C\/time\u003E\n\u003C\/div\u003E\u003Cspan class=\u0022teaser-content--publishing-date-divider\u0022\u003E - \u003C\/span\u003E\u003Cdiv class=\u0022teaser-content--body\u0022\u003E  \u003Cp\u003ERoth stellt die Wohnungsstation Flatconnect Hybrid vor. Sie ist eine dezentrale W\u00e4rme\u00fcbergabestation f\u00fcr Mehrfamilienh\u00e4user, die zentrale Heizungsversorgung mit einem integrierten elektrischen 11-Kilowatt-Durchlauferhitzer kombiniert. Sie erm\u00f6glicht hygienische Warmwasserbereitung im...\u003C\/p\u003E\n\n\n\u003C\/div\u003E\n                        \u003Cspan class=\u0022read-more-arrow-container\u0022\u003E\n            \u003Cspan class=\u0022read-more-angled-arrow\u0022\u003E \u003C\/span\u003E\n          \u003C\/span\u003E\n                  \u003C\/div\u003E\n    \u003C\/a\u003E\n\u003Ca href=\u0022\/produkte\/hottgenroth-vereinfacht-mit-tools-die-heizungsoptimierung\u0022  class=\u0022teaser teaser--standard\u0022 aria-label=\u0022Hottgenroth\u00a0vereinfacht mit Tools die Heizungsoptimierung\r\u0022\u003E\n      \u003Cdiv class=\u0022teaser-content--image\u0022\u003E\n        \u003Cfigure class=\u0022image--figure\u0022\u003E\n        \u003Cpicture\u003E\n                        \u003Csource srcset=\u0022\/sites\/default\/files\/styles\/teaser_standard__m\/public\/aurora\/2026\/04\/525819.jpeg.webp?itok=ihnhfoOA 1x\u0022 media=\u0022(min-width: 48.0625em) and (max-width: 64em)\u0022 type=\u0022image\/webp\u0022 width=\u0022323\u0022 height=\u0022180\u0022\/\u003E\n                  \u003Csource srcset=\u0022\/sites\/default\/files\/styles\/teaser_standard__l\/public\/aurora\/2026\/04\/525819.jpeg.webp?itok=x48S0Q96 1x\u0022 media=\u0022(min-width: 64.0625em)\u0022 type=\u0022image\/webp\u0022 width=\u0022203\u0022 height=\u0022113\u0022\/\u003E\n                  \u003Csource srcset=\u0022\/sites\/default\/files\/styles\/teaser_standard__m\/public\/aurora\/2026\/04\/525819.jpeg?itok=Rpaoj7ML 1x\u0022 media=\u0022(min-width: 48.0625em) and (max-width: 64em)\u0022 type=\u0022image\/jpeg\u0022 width=\u0022323\u0022 height=\u0022180\u0022\/\u003E\n                  \u003Csource srcset=\u0022\/sites\/default\/files\/styles\/teaser_standard__l\/public\/aurora\/2026\/04\/525819.jpeg?itok=jsjRpPIK 1x\u0022 media=\u0022(min-width: 64.0625em)\u0022 type=\u0022image\/jpeg\u0022 width=\u0022203\u0022 height=\u0022113\u0022\/\u003E\n                          \u003Cimg alt=\u0022Hottgenroth zeigt digitale Tools zur Heizungsoptimierung \u2013 von GEG-Berater und ETU-Planer \u00fcber Optimus 2026 bis hin zu CAD- und Scanl\u00f6sungen f\u00fcr die Geb\u00e4udeerfassung.\u0022 loading=\u0022eager\u0022 data-caption-hide width=\u0022708\u0022 height=\u0022395\u0022 data-zoomed=\u0022https:\/\/www.geb-info.de\/sites\/default\/files\/styles\/content__zoomed\/public\/aurora\/2026\/04\/525819.jpeg?itok=HHqUovlE\u0022 src=\u0022\/sites\/default\/files\/styles\/teaser_standard__s\/public\/aurora\/2026\/04\/525819.jpeg?itok=3lYA_N3G\u0022 title=\u0022\u00a9 Bild: Hottgenroth\u0022 \/\u003E\n\n    \u003C\/picture\u003E\n      \u003Cfigcaption class=\u0022image--figcaption\u0022\u003E\n          \u003Cdiv class=\u0022copyright\u0022\u003EBild: Hottgenroth\u003C\/div\u003E\n          \u003C\/figcaption\u003E\n\u003C\/figure\u003E\n\n\n    \u003C\/div\u003E\n    \u003Cdiv class=\u0022teaser-content\u0022\u003E\n                    \u003Cdiv class=\u0022teaser-content--kicker\u0022\u003E\n                    \n        \u003C\/div\u003E\n                                              \n                        \n        \u003Ch4 class=\u0022teaser-content--headline\u0022\u003E\n                                Hottgenroth\u00a0vereinfacht mit Tools die \n                              \u003Cspan class=\u0022headline-last-word-arrow\u0022\u003EHeizungsoptimierung                      \u003C\/span\u003E\n        \u003C\/h4\u003E\n            \u003Cdiv class=\u0022teaser-content--publishing-date\u0022\u003E\u003Ctime datetime=\u00222026-04-07T12:08:44Z\u0022\u003E07.04.2026\u003C\/time\u003E\n\u003C\/div\u003E\u003Cspan class=\u0022teaser-content--publishing-date-divider\u0022\u003E - \u003C\/span\u003E\u003Cdiv class=\u0022teaser-content--body\u0022\u003E  \u003Cp\u003EDie Computerprogramme von Hottgenroth erleichtern Energieberatenden, TGA-Experten und SHK-Fachleuten die Planung und Umsetzung energetischer Ma\u00dfnahmen. Mit dem\u0026nbsp;GEG-Berater lassen sich GEG-Bilanzierungen, Heizlastberechnungen, \u00d6kobilanzen sowie L\u00fcftungskonzepte erstellen. Mit einer entsprechenden...\u003C\/p\u003E\n\n\n\u003C\/div\u003E\n                        \u003Cspan class=\u0022read-more-arrow-container\u0022\u003E\n            \u003Cspan class=\u0022read-more-angled-arrow\u0022\u003E \u003C\/span\u003E\n          \u003C\/span\u003E\n                  \u003C\/div\u003E\n    \u003C\/a\u003E\n\u003Ca href=\u0022\/heizungsoptimierung\/ki-gestuetzte-plattform-optimiert-energieverbrauch-wohnquartieren\u0022  class=\u0022teaser teaser--standard\u0022 aria-label=\u0022KI-gest\u00fctzte Plattform optimiert Energieverbrauch in Wohnquartieren\u0022\u003E\n      \u003Cdiv class=\u0022teaser-content--image\u0022\u003E\n        \u003Cfigure class=\u0022image--figure\u0022\u003E\n        \u003Cpicture\u003E\n                        \u003Csource srcset=\u0022\/sites\/default\/files\/styles\/teaser_standard__m\/public\/aurora\/2026\/03\/526499.jpeg.webp?itok=vZOogL05 1x\u0022 media=\u0022(min-width: 48.0625em) and (max-width: 64em)\u0022 type=\u0022image\/webp\u0022 width=\u0022323\u0022 height=\u0022215\u0022\/\u003E\n                  \u003Csource srcset=\u0022\/sites\/default\/files\/styles\/teaser_standard__l\/public\/aurora\/2026\/03\/526499.jpeg.webp?itok=ejYL48QY 1x\u0022 media=\u0022(min-width: 64.0625em)\u0022 type=\u0022image\/webp\u0022 width=\u0022203\u0022 height=\u0022135\u0022\/\u003E\n                  \u003Csource srcset=\u0022\/sites\/default\/files\/styles\/teaser_standard__m\/public\/aurora\/2026\/03\/526499.jpeg?itok=LN5oLoBE 1x\u0022 media=\u0022(min-width: 48.0625em) and (max-width: 64em)\u0022 type=\u0022image\/jpeg\u0022 width=\u0022323\u0022 height=\u0022215\u0022\/\u003E\n                  \u003Csource srcset=\u0022\/sites\/default\/files\/styles\/teaser_standard__l\/public\/aurora\/2026\/03\/526499.jpeg?itok=hI6ANHZy 1x\u0022 media=\u0022(min-width: 64.0625em)\u0022 type=\u0022image\/jpeg\u0022 width=\u0022203\u0022 height=\u0022135\u0022\/\u003E\n                          \u003Cimg alt=\u0022Die KI-Plattform von Green Fusion vernetzt W\u00e4rmepumpen, PV und Speicher in Wohnquartieren und steigert so den Eigenverbrauch\u0022 loading=\u0022eager\u0022 data-caption-hide width=\u0022597\u0022 height=\u0022398\u0022 data-zoomed=\u0022https:\/\/www.geb-info.de\/sites\/default\/files\/styles\/content__zoomed\/public\/aurora\/2026\/03\/526499.jpeg?itok=Rk4oDLDF\u0022 src=\u0022\/sites\/default\/files\/styles\/teaser_standard__s\/public\/aurora\/2026\/03\/526499.jpeg?itok=HEQfmlgB\u0022 title=\u0022\u00a9 Green Fusion GmbH\u0022 \/\u003E\n\n    \u003C\/picture\u003E\n      \u003Cfigcaption class=\u0022image--figcaption\u0022\u003E\n          \u003Cdiv class=\u0022copyright\u0022\u003EGreen Fusion GmbH\u003C\/div\u003E\n          \u003C\/figcaption\u003E\n\u003C\/figure\u003E\n\n\n    \u003C\/div\u003E\n    \u003Cdiv class=\u0022teaser-content\u0022\u003E\n                    \u003Cdiv class=\u0022teaser-content--kicker\u0022\u003E\n                    \n        \u003C\/div\u003E\n                                              \n                        \n        \u003Ch4 class=\u0022teaser-content--headline\u0022\u003E\n                                KI-gest\u00fctzte Plattform optimiert Energieverbrauch in \n                              \u003Cspan class=\u0022headline-last-word-arrow\u0022\u003EWohnquartieren                      \u003C\/span\u003E\n        \u003C\/h4\u003E\n            \u003Cdiv class=\u0022teaser-content--publishing-date\u0022\u003E\u003Ctime datetime=\u00222026-04-03T04:00:04Z\u0022\u003E03.04.2026\u003C\/time\u003E\n\u003C\/div\u003E\u003Cspan class=\u0022teaser-content--publishing-date-divider\u0022\u003E - \u003C\/span\u003E\u003Cdiv class=\u0022teaser-content--body\u0022\u003E\u003Cp\u003EDie herstellerunabh\u00e4ngige KI-Plattform von Green Fusion vernetzt W\u00e4rmepumpen, PV-Anlagen und Speicher f\u00fcr mehr Eigenverbrauch und geringere Stromkosten.\u003C\/p\u003E\n\u003C\/div\u003E\n                        \u003Cspan class=\u0022read-more-arrow-container\u0022\u003E\n            \u003Cspan class=\u0022read-more-angled-arrow\u0022\u003E \u003C\/span\u003E\n          \u003C\/span\u003E\n                  \u003C\/div\u003E\n    \u003C\/a\u003E\n\u003Ca href=\u0022\/produkte\/deos-komponenten-ermoeglichen-intelligente-gebaeudeautomation\u0022  class=\u0022teaser teaser--standard\u0022 aria-label=\u0022Komponenten erm\u00f6glichen\u00a0intelligente Geb\u00e4udeautomation \r\u0022\u003E\n      \u003Cdiv class=\u0022teaser-content--image\u0022\u003E\n        \u003Cfigure class=\u0022image--figure\u0022\u003E\n        \u003Cpicture\u003E\n                        \u003Csource srcset=\u0022\/sites\/default\/files\/styles\/teaser_standard__m\/public\/aurora\/2026\/02\/517031.jpeg.webp?itok=-BEE_mo4 1x\u0022 media=\u0022(min-width: 48.0625em) and (max-width: 64em)\u0022 type=\u0022image\/webp\u0022 width=\u0022323\u0022 height=\u0022205\u0022\/\u003E\n                  \u003Csource srcset=\u0022\/sites\/default\/files\/styles\/teaser_standard__l\/public\/aurora\/2026\/02\/517031.jpeg.webp?itok=3jWQ-P4J 1x\u0022 media=\u0022(min-width: 64.0625em)\u0022 type=\u0022image\/webp\u0022 width=\u0022203\u0022 height=\u0022129\u0022\/\u003E\n                  \u003Csource srcset=\u0022\/sites\/default\/files\/styles\/teaser_standard__m\/public\/aurora\/2026\/02\/517031.jpeg?itok=18pESQfW 1x\u0022 media=\u0022(min-width: 48.0625em) and (max-width: 64em)\u0022 type=\u0022image\/jpeg\u0022 width=\u0022323\u0022 height=\u0022205\u0022\/\u003E\n                  \u003Csource srcset=\u0022\/sites\/default\/files\/styles\/teaser_standard__l\/public\/aurora\/2026\/02\/517031.jpeg?itok=R6oF0Fn- 1x\u0022 media=\u0022(min-width: 64.0625em)\u0022 type=\u0022image\/jpeg\u0022 width=\u0022203\u0022 height=\u0022129\u0022\/\u003E\n                          \u003Cimg alt=\u0022Deos stellt Automations- und Regelungsprodukte f\u00fcr Neubau und Modernisierung vor \u2013 von der Bacnet\/SC-Automationsstation bis zu energieeffizienten Reglern, Feldger\u00e4ten und digitaler Inbetriebnahme per App.\u0022 loading=\u0022eager\u0022 data-caption-hide width=\u0022627\u0022 height=\u0022398\u0022 data-zoomed=\u0022https:\/\/www.geb-info.de\/sites\/default\/files\/styles\/content__zoomed\/public\/aurora\/2026\/02\/517031.jpeg?itok=8YCLxkq_\u0022 src=\u0022\/sites\/default\/files\/styles\/teaser_standard__s\/public\/aurora\/2026\/02\/517031.jpeg?itok=Gd_o7jRO\u0022 title=\u0022\u00a9 Bild: Deos\u0022 \/\u003E\n\n    \u003C\/picture\u003E\n      \u003Cfigcaption class=\u0022image--figcaption\u0022\u003E\n          \u003Cdiv class=\u0022copyright\u0022\u003EBild: Deos\u003C\/div\u003E\n          \u003C\/figcaption\u003E\n\u003C\/figure\u003E\n\n\n    \u003C\/div\u003E\n    \u003Cdiv class=\u0022teaser-content\u0022\u003E\n                    \u003Cdiv class=\u0022teaser-content--kicker\u0022\u003E\n                    Deos\n        \u003C\/div\u003E\n                                              \n                        \n        \u003Ch4 class=\u0022teaser-content--headline\u0022\u003E\n                                Komponenten erm\u00f6glichen\u00a0intelligente \n                              \u003Cspan class=\u0022headline-last-word-arrow\u0022\u003EGeb\u00e4udeautomation                      \u003C\/span\u003E\n        \u003C\/h4\u003E\n            \u003Cdiv class=\u0022teaser-content--publishing-date\u0022\u003E\u003Ctime datetime=\u00222026-03-03T14:25:43Z\u0022\u003E03.03.2026\u003C\/time\u003E\n\u003C\/div\u003E\u003Cspan class=\u0022teaser-content--publishing-date-divider\u0022\u003E - \u003C\/span\u003E\u003Cdiv class=\u0022teaser-content--body\u0022\u003E  \u003Cp\u003EDeos zeigt Komponenten f\u00fcr die Automation sowie Kompaktregler f\u00fcr die Feldebene, anwendbar bei Neubau und Modernisierung. Der Open.Wrx Bacnet\/SC Controller ist laut Unternehmen die weltweit erste Bacnet\/SC-zertifizierte Automationstation. Mit einem integrierten Service und Sicherheitszentrum...\u003C\/p\u003E\n\n\n\u003C\/div\u003E\n                        \u003Cspan class=\u0022read-more-arrow-container\u0022\u003E\n            \u003Cspan class=\u0022read-more-angled-arrow\u0022\u003E \u003C\/span\u003E\n          \u003C\/span\u003E\n                  \u003C\/div\u003E\n    \u003C\/a\u003E\n\u003Ca href=\u0022\/produkte\/imi-damit-hydraulik-und-temperatur-stimmen\u0022  class=\u0022teaser teaser--standard\u0022 aria-label=\u0022Damit Hydraulik und\u00a0Temperatur stimmen\r\u0022\u003E\n      \u003Cdiv class=\u0022teaser-content--image\u0022\u003E\n        \u003Cfigure class=\u0022image--figure\u0022\u003E\n        \u003Cpicture\u003E\n                        \u003Csource srcset=\u0022\/sites\/default\/files\/styles\/teaser_standard__m\/public\/aurora\/2026\/03\/517025.jpeg.webp?itok=c0At3fpy 1x\u0022 media=\u0022(min-width: 48.0625em) and (max-width: 64em)\u0022 type=\u0022image\/webp\u0022 width=\u0022315\u0022 height=\u0022242\u0022\/\u003E\n                  \u003Csource srcset=\u0022\/sites\/default\/files\/styles\/teaser_standard__l\/public\/aurora\/2026\/03\/517025.jpeg.webp?itok=XEC1A7f5 1x\u0022 media=\u0022(min-width: 64.0625em)\u0022 type=\u0022image\/webp\u0022 width=\u0022198\u0022 height=\u0022152\u0022\/\u003E\n                  \u003Csource srcset=\u0022\/sites\/default\/files\/styles\/teaser_standard__m\/public\/aurora\/2026\/03\/517025.jpeg?itok=GLoq0Hz- 1x\u0022 media=\u0022(min-width: 48.0625em) and (max-width: 64em)\u0022 type=\u0022image\/jpeg\u0022 width=\u0022315\u0022 height=\u0022242\u0022\/\u003E\n                  \u003Csource srcset=\u0022\/sites\/default\/files\/styles\/teaser_standard__l\/public\/aurora\/2026\/03\/517025.jpeg?itok=wyH_nRoy 1x\u0022 media=\u0022(min-width: 64.0625em)\u0022 type=\u0022image\/jpeg\u0022 width=\u0022198\u0022 height=\u0022152\u0022\/\u003E\n                          \u003Cimg alt=\u0022Imi pr\u00e4sentiert L\u00f6sungen f\u00fcr hydraulischen Abgleich und Temperaturregelung, darunter das 6-Wege-Ventil TA-Sixline, smarte Thermostatk\u00f6pfe und einen digitalen Produktkonfigurator f\u00fcr Heizungsprojekte.\u0022 loading=\u0022eager\u0022 data-caption-hide width=\u0022518\u0022 height=\u0022398\u0022 data-zoomed=\u0022https:\/\/www.geb-info.de\/sites\/default\/files\/styles\/content__zoomed\/public\/aurora\/2026\/03\/517025.jpeg?itok=DSGquPfK\u0022 src=\u0022\/sites\/default\/files\/styles\/teaser_standard__s\/public\/aurora\/2026\/03\/517025.jpeg?itok=9Nq9Ptzg\u0022 title=\u0022\u00a9 Bild: IMI\u0022 \/\u003E\n\n    \u003C\/picture\u003E\n      \u003Cfigcaption class=\u0022image--figcaption\u0022\u003E\n          \u003Cdiv class=\u0022copyright\u0022\u003EBild: IMI\u003C\/div\u003E\n          \u003C\/figcaption\u003E\n\u003C\/figure\u003E\n\n\n    \u003C\/div\u003E\n    \u003Cdiv class=\u0022teaser-content\u0022\u003E\n                    \u003Cdiv class=\u0022teaser-content--kicker\u0022\u003E\n                    Imi\n        \u003C\/div\u003E\n                                              \n                        \n        \u003Ch4 class=\u0022teaser-content--headline\u0022\u003E\n                                Damit Hydraulik und\u00a0Temperatur \n                              \u003Cspan class=\u0022headline-last-word-arrow\u0022\u003Estimmen                      \u003C\/span\u003E\n        \u003C\/h4\u003E\n            \u003Cdiv class=\u0022teaser-content--publishing-date\u0022\u003E\u003Ctime datetime=\u00222026-03-03T14:25:35Z\u0022\u003E03.03.2026\u003C\/time\u003E\n\u003C\/div\u003E\u003Cspan class=\u0022teaser-content--publishing-date-divider\u0022\u003E - \u003C\/span\u003E\u003Cdiv class=\u0022teaser-content--body\u0022\u003E  \u003Cp\u003EDas 6-Wege-Ventil TA-Sixline von Imi erreicht durch eine druckunabh\u00e4ngige Regelung und Durchflussbegrenzung stabile Raumtemperaturen und ist energieeffizient. Mit seinem platzsparenden Design und dem 360\u00b0-drehbaren Stellantrieb TA-Slider 200 eignet es sich f\u00fcr beengte Einbausituationen. F\u00fcr...\u003C\/p\u003E\n\n\n\u003C\/div\u003E\n                        \u003Cspan class=\u0022read-more-arrow-container\u0022\u003E\n            \u003Cspan class=\u0022read-more-angled-arrow\u0022\u003E \u003C\/span\u003E\n          \u003C\/span\u003E\n                  \u003C\/div\u003E\n    \u003C\/a\u003E\n\u003Ca href=\u0022\/heizungsoptimierung\/zukunft-altbau-heizungen-von-2010-muessen-jetzt-geprueft-werden\u0022  class=\u0022teaser teaser--standard\u0022 aria-label=\u0022Zukunft Altbau: Heizungen von 2010 m\u00fcssen jetzt gepr\u00fcft werden\u0022\u003E\n      \u003Cdiv class=\u0022teaser-content--image\u0022\u003E\n        \u003Cfigure class=\u0022image--figure\u0022\u003E\n        \u003Cpicture\u003E\n                        \u003Csource srcset=\u0022\/sites\/default\/files\/styles\/teaser_standard__m\/public\/aurora\/2026\/02\/513513.jpeg.webp?itok=mYzxGWYb 1x\u0022 media=\u0022(min-width: 48.0625em) and (max-width: 64em)\u0022 type=\u0022image\/webp\u0022 width=\u0022323\u0022 height=\u0022215\u0022\/\u003E\n                  \u003Csource srcset=\u0022\/sites\/default\/files\/styles\/teaser_standard__l\/public\/aurora\/2026\/02\/513513.jpeg.webp?itok=F4qa5VNc 1x\u0022 media=\u0022(min-width: 64.0625em)\u0022 type=\u0022image\/webp\u0022 width=\u0022203\u0022 height=\u0022135\u0022\/\u003E\n                  \u003Csource srcset=\u0022\/sites\/default\/files\/styles\/teaser_standard__m\/public\/aurora\/2026\/02\/513513.jpeg?itok=lVmlVzqO 1x\u0022 media=\u0022(min-width: 48.0625em) and (max-width: 64em)\u0022 type=\u0022image\/jpeg\u0022 width=\u0022323\u0022 height=\u0022215\u0022\/\u003E\n                  \u003Csource srcset=\u0022\/sites\/default\/files\/styles\/teaser_standard__l\/public\/aurora\/2026\/02\/513513.jpeg?itok=YjX6ZF_Q 1x\u0022 media=\u0022(min-width: 64.0625em)\u0022 type=\u0022image\/jpeg\u0022 width=\u0022203\u0022 height=\u0022135\u0022\/\u003E\n                          \u003Cimg alt=\u0022Bei der Heizungspr\u00fcfung kl\u00e4ren Fachleute auch, ob die D\u00e4mmung der Rohrleitungen l\u00fcckenlos ist.\u0022 loading=\u0022eager\u0022 data-caption-hide width=\u0022597\u0022 height=\u0022398\u0022 data-zoomed=\u0022https:\/\/www.geb-info.de\/sites\/default\/files\/styles\/content__zoomed\/public\/aurora\/2026\/02\/513513.jpeg?itok=GyYX-TKF\u0022 src=\u0022\/sites\/default\/files\/styles\/teaser_standard__s\/public\/aurora\/2026\/02\/513513.jpeg?itok=uGFVRDP_\u0022 title=\u0022\u00a9 Zukunft Altbau\u0022 \/\u003E\n\n    \u003C\/picture\u003E\n      \u003Cfigcaption class=\u0022image--figcaption\u0022\u003E\n          \u003Cdiv class=\u0022copyright\u0022\u003EZukunft Altbau\u003C\/div\u003E\n          \u003C\/figcaption\u003E\n\u003C\/figure\u003E\n\n\n    \u003C\/div\u003E\n    \u003Cdiv class=\u0022teaser-content\u0022\u003E\n                    \u003Cdiv class=\u0022teaser-content--kicker\u0022\u003E\n                    \n        \u003C\/div\u003E\n                                              \n                        \n        \u003Ch4 class=\u0022teaser-content--headline\u0022\u003E\n                                Zukunft Altbau: Heizungen von 2010 m\u00fcssen jetzt gepr\u00fcft \n                              \u003Cspan class=\u0022headline-last-word-arrow\u0022\u003Ewerden                      \u003C\/span\u003E\n        \u003C\/h4\u003E\n            \u003Cdiv class=\u0022teaser-content--publishing-date\u0022\u003E\u003Ctime datetime=\u00222026-02-12T04:00:07Z\u0022\u003E12.02.2026\u003C\/time\u003E\n\u003C\/div\u003E\u003Cspan class=\u0022teaser-content--publishing-date-divider\u0022\u003E - \u003C\/span\u003E\u003Cdiv class=\u0022teaser-content--body\u0022\u003E\u003Cp\u003EF\u00fcr Wohn\u00adge\u00adb\u00e4ude mit min\u00addes\u00adtens sechs Wohn\u00adein\u00adhei\u00adten gilt im 16. Betriebs\u00adjah\u00adr eine geset\u00adzli\u00adche Pr\u00fcf\u00adpflicht. Eigen\u00adt\u00fcmer:innen soll\u00adten jetzt han\u00addeln.\u003C\/p\u003E\n\u003C\/div\u003E\n                        \u003Cspan class=\u0022read-more-arrow-container\u0022\u003E\n            \u003Cspan class=\u0022read-more-angled-arrow\u0022\u003E \u003C\/span\u003E\n          \u003C\/span\u003E\n                  \u003C\/div\u003E\n    \u003C\/a\u003E\n\u003Ca href=\u0022\/produkte\/gampper-regelarmatur-ueberwacht-den-betrieb-von-heiz-und-kuehldecken\u0022  class=\u0022teaser teaser--standard\u0022 aria-label=\u0022Regelarmatur \u00fcberwacht den Betrieb von Heiz- und K\u00fchldecken\r\u0022\u003E\n      \u003Cdiv class=\u0022teaser-content--image\u0022\u003E\n        \u003Cfigure class=\u0022image--figure\u0022\u003E\n        \u003Cpicture\u003E\n                        \u003Csource srcset=\u0022\/sites\/default\/files\/styles\/teaser_standard__m\/public\/aurora\/2026\/02\/509411.jpeg.webp?itok=fWvSxiUp 1x\u0022 media=\u0022(min-width: 48.0625em) and (max-width: 64em)\u0022 type=\u0022image\/webp\u0022 width=\u0022323\u0022 height=\u0022215\u0022\/\u003E\n                  \u003Csource srcset=\u0022\/sites\/default\/files\/styles\/teaser_standard__l\/public\/aurora\/2026\/02\/509411.jpeg.webp?itok=w4ZL9GaQ 1x\u0022 media=\u0022(min-width: 64.0625em)\u0022 type=\u0022image\/webp\u0022 width=\u0022203\u0022 height=\u0022135\u0022\/\u003E\n                  \u003Csource srcset=\u0022\/sites\/default\/files\/styles\/teaser_standard__m\/public\/aurora\/2026\/02\/509411.jpeg?itok=tHeqPGUF 1x\u0022 media=\u0022(min-width: 48.0625em) and (max-width: 64em)\u0022 type=\u0022image\/jpeg\u0022 width=\u0022323\u0022 height=\u0022215\u0022\/\u003E\n                  \u003Csource srcset=\u0022\/sites\/default\/files\/styles\/teaser_standard__l\/public\/aurora\/2026\/02\/509411.jpeg?itok=dMeLSFAH 1x\u0022 media=\u0022(min-width: 64.0625em)\u0022 type=\u0022image\/jpeg\u0022 width=\u0022203\u0022 height=\u0022135\u0022\/\u003E\n                          \u003Cimg alt=\u0022Die elektronische, druckunabh\u00e4ngige Regelarmatur SmartKombi-iQ besitzt eine integrierte Kondensations\u00fcberwachung und l\u00e4sst sich mit einer App steuern.\u0022 loading=\u0022eager\u0022 data-caption-hide width=\u0022597\u0022 height=\u0022398\u0022 data-zoomed=\u0022https:\/\/www.geb-info.de\/sites\/default\/files\/styles\/content__zoomed\/public\/aurora\/2026\/02\/509411.jpeg?itok=j0BUazFm\u0022 src=\u0022\/sites\/default\/files\/styles\/teaser_standard__s\/public\/aurora\/2026\/02\/509411.jpeg?itok=PPhVQ7sb\u0022 title=\u0022\u00a9 Bild: Gampper\u0022 \/\u003E\n\n    \u003C\/picture\u003E\n      \u003Cfigcaption class=\u0022image--figcaption\u0022\u003E\n          \u003Cdiv class=\u0022copyright\u0022\u003EBild: Gampper\u003C\/div\u003E\n          \u003C\/figcaption\u003E\n\u003C\/figure\u003E\n\n\n    \u003C\/div\u003E\n    \u003Cdiv class=\u0022teaser-content\u0022\u003E\n                    \u003Cdiv class=\u0022teaser-content--kicker\u0022\u003E\n                    Gampper\n        \u003C\/div\u003E\n                                              \n                        \n        \u003Ch4 class=\u0022teaser-content--headline\u0022\u003E\n                                Regelarmatur \u00fcberwacht den Betrieb von Heiz- und \n                              \u003Cspan class=\u0022headline-last-word-arrow\u0022\u003EK\u00fchldecken                      \u003C\/span\u003E\n        \u003C\/h4\u003E\n            \u003Cdiv class=\u0022teaser-content--publishing-date\u0022\u003E\u003Ctime datetime=\u00222026-02-03T10:11:26Z\u0022\u003E03.02.2026\u003C\/time\u003E\n\u003C\/div\u003E\u003Cspan class=\u0022teaser-content--publishing-date-divider\u0022\u003E - \u003C\/span\u003E\u003Cdiv class=\u0022teaser-content--body\u0022\u003E  \u003Cp\u003EMit der Smartkombi-iQ RT pr\u00e4sentiert Gampper eine elektronisch druckunabh\u00e4ngige 6-Wege-Regelarmatur f\u00fcr Heiz- und K\u00fchldecken. Sie bietet eine autonome Taupunkt\u00fcberwachung mit integrierten Schutzfunktionen. Taupunktw\u00e4chter und Fensterkontakte sorgen daf\u00fcr, sodass die Armatur bei...\u003C\/p\u003E\n\n\n\u003C\/div\u003E\n                        \u003Cspan class=\u0022read-more-arrow-container\u0022\u003E\n            \u003Cspan class=\u0022read-more-angled-arrow\u0022\u003E \u003C\/span\u003E\n          \u003C\/span\u003E\n                  \u003C\/div\u003E\n    \u003C\/a\u003E\n\u003Ca href=\u0022\/produkte\/varmeco-wohnungsstation-erwaermt-trinkwasser-und-raume\u0022  class=\u0022teaser teaser--standard\u0022 aria-label=\u0022Wohnungsstation erw\u00e4rmt Trinkwasser und Raume\r\u0022\u003E\n      \u003Cdiv class=\u0022teaser-content--image\u0022\u003E\n        \u003Cfigure class=\u0022image--figure\u0022\u003E\n        \u003Cpicture\u003E\n                        \u003Csource srcset=\u0022\/sites\/default\/files\/styles\/teaser_standard__m\/public\/aurora\/2026\/02\/509409.jpeg.webp?itok=-nak4-7O 1x\u0022 media=\u0022(min-width: 48.0625em) and (max-width: 64em)\u0022 type=\u0022image\/webp\u0022 width=\u0022180\u0022 height=\u0022242\u0022\/\u003E\n                  \u003Csource srcset=\u0022\/sites\/default\/files\/styles\/teaser_standard__l\/public\/aurora\/2026\/02\/509409.jpeg.webp?itok=Rq2Ni-lD 1x\u0022 media=\u0022(min-width: 64.0625em)\u0022 type=\u0022image\/webp\u0022 width=\u0022113\u0022 height=\u0022152\u0022\/\u003E\n                  \u003Csource srcset=\u0022\/sites\/default\/files\/styles\/teaser_standard__m\/public\/aurora\/2026\/02\/509409.jpeg?itok=6a_yIJ_5 1x\u0022 media=\u0022(min-width: 48.0625em) and (max-width: 64em)\u0022 type=\u0022image\/jpeg\u0022 width=\u0022180\u0022 height=\u0022242\u0022\/\u003E\n                  \u003Csource srcset=\u0022\/sites\/default\/files\/styles\/teaser_standard__l\/public\/aurora\/2026\/02\/509409.jpeg?itok=7ouP8Ee4 1x\u0022 media=\u0022(min-width: 64.0625em)\u0022 type=\u0022image\/jpeg\u0022 width=\u0022113\u0022 height=\u0022152\u0022\/\u003E\n                          \u003Cimg alt=\u0022Die Wohnungsstation Vario Fresh-Flat erw\u00e4rmt Trinkwasser und sorgt f\u00fcr stabile Temperaturen in Heiz- und Warmwassersystemen.\u0022 loading=\u0022eager\u0022 data-caption-hide width=\u0022296\u0022 height=\u0022398\u0022 data-zoomed=\u0022https:\/\/www.geb-info.de\/sites\/default\/files\/styles\/content__zoomed\/public\/aurora\/2026\/02\/509409.jpeg?itok=gP_8d_BG\u0022 src=\u0022\/sites\/default\/files\/styles\/teaser_standard__s\/public\/aurora\/2026\/02\/509409.jpeg?itok=P6e4pxwX\u0022 title=\u0022\u00a9 Bild: Varmeco\u0022 \/\u003E\n\n    \u003C\/picture\u003E\n      \u003Cfigcaption class=\u0022image--figcaption\u0022\u003E\n          \u003Cdiv class=\u0022copyright\u0022\u003EBild: Varmeco\u003C\/div\u003E\n          \u003C\/figcaption\u003E\n\u003C\/figure\u003E\n\n\n    \u003C\/div\u003E\n    \u003Cdiv class=\u0022teaser-content\u0022\u003E\n                    \u003Cdiv class=\u0022teaser-content--kicker\u0022\u003E\n                    Varmeco\n        \u003C\/div\u003E\n                                              \n                        \n        \u003Ch4 class=\u0022teaser-content--headline\u0022\u003E\n                                Wohnungsstation erw\u00e4rmt Trinkwasser und \n                              \u003Cspan class=\u0022headline-last-word-arrow\u0022\u003ERaume                      \u003C\/span\u003E\n        \u003C\/h4\u003E\n            \u003Cdiv class=\u0022teaser-content--publishing-date\u0022\u003E\u003Ctime datetime=\u00222026-02-03T10:11:25Z\u0022\u003E03.02.2026\u003C\/time\u003E\n\u003C\/div\u003E\u003Cspan class=\u0022teaser-content--publishing-date-divider\u0022\u003E - \u003C\/span\u003E\u003Cdiv class=\u0022teaser-content--body\u0022\u003E  \u003Cp\u003EMit der Vario Fresh-Flat stellt Varmeco eine Frischwasser-Wohnungsstation vor. Das Basismodul erw\u00e4rmt Trinkwasser mit einem Edelstahlw\u00e4rmetauscher, dem elektronischem Regler Varcon211 und dem neuen ger\u00e4uschlosen Regelantrieb Optistep. Diese Kombination erm\u00f6glicht eine Warmwasserbereitung selbst bei...\u003C\/p\u003E\n\n\n\u003C\/div\u003E\n                        \u003Cspan class=\u0022read-more-arrow-container\u0022\u003E\n            \u003Cspan class=\u0022read-more-angled-arrow\u0022\u003E \u003C\/span\u003E\n          \u003C\/span\u003E\n                  \u003C\/div\u003E\n    \u003C\/a\u003E\n\u003Ca href=\u0022\/produkte\/schraeder-waermeuebertrager-spart-energie\u0022  class=\u0022teaser teaser--standard\u0022 aria-label=\u0022W\u00e4rme\u00fcbertrager spart \u00adEnergie\r\u0022\u003E\n      \u003Cdiv class=\u0022teaser-content--image\u0022\u003E\n        \u003Cfigure class=\u0022image--figure\u0022\u003E\n        \u003Cpicture\u003E\n                        \u003Csource srcset=\u0022\/sites\/default\/files\/styles\/teaser_standard__m\/public\/aurora\/2026\/02\/509405.jpeg.webp?itok=M40NJi9h 1x\u0022 media=\u0022(min-width: 48.0625em) and (max-width: 64em)\u0022 type=\u0022image\/webp\u0022 width=\u0022160\u0022 height=\u0022242\u0022\/\u003E\n                  \u003Csource srcset=\u0022\/sites\/default\/files\/styles\/teaser_standard__l\/public\/aurora\/2026\/02\/509405.jpeg.webp?itok=tM9Esr3f 1x\u0022 media=\u0022(min-width: 64.0625em)\u0022 type=\u0022image\/webp\u0022 width=\u0022101\u0022 height=\u0022152\u0022\/\u003E\n                  \u003Csource srcset=\u0022\/sites\/default\/files\/styles\/teaser_standard__m\/public\/aurora\/2026\/02\/509405.jpeg?itok=ELy4WfIj 1x\u0022 media=\u0022(min-width: 48.0625em) and (max-width: 64em)\u0022 type=\u0022image\/jpeg\u0022 width=\u0022160\u0022 height=\u0022242\u0022\/\u003E\n                  \u003Csource srcset=\u0022\/sites\/default\/files\/styles\/teaser_standard__l\/public\/aurora\/2026\/02\/509405.jpeg?itok=iJ6vz5Z1 1x\u0022 media=\u0022(min-width: 64.0625em)\u0022 type=\u0022image\/jpeg\u0022 width=\u0022101\u0022 height=\u0022152\u0022\/\u003E\n                          \u003Cimg alt=\u0022Die Cbox von Schr\u00e4der spart bis zu 15 % Energie ein.\u0022 loading=\u0022eager\u0022 data-caption-hide width=\u0022264\u0022 height=\u0022398\u0022 data-zoomed=\u0022https:\/\/www.geb-info.de\/sites\/default\/files\/styles\/content__zoomed\/public\/aurora\/2026\/02\/509405.jpeg?itok=dIahGigC\u0022 src=\u0022\/sites\/default\/files\/styles\/teaser_standard__s\/public\/aurora\/2026\/02\/509405.jpeg?itok=OXV4D4TX\u0022 title=\u0022\u00a9 Bild: Schr\u00e4der Abgastechnologie\u0022 \/\u003E\n\n    \u003C\/picture\u003E\n      \u003Cfigcaption class=\u0022image--figcaption\u0022\u003E\n          \u003Cdiv class=\u0022copyright\u0022\u003EBild: Schr\u00e4der Abgastechnologie\u003C\/div\u003E\n          \u003C\/figcaption\u003E\n\u003C\/figure\u003E\n\n\n    \u003C\/div\u003E\n    \u003Cdiv class=\u0022teaser-content\u0022\u003E\n                    \u003Cdiv class=\u0022teaser-content--kicker\u0022\u003E\n                    Schr\u00e4der\n        \u003C\/div\u003E\n                                              \n                        \n        \u003Ch4 class=\u0022teaser-content--headline\u0022\u003E\n                                W\u00e4rme\u00fcbertrager spart \n                              \u003Cspan class=\u0022headline-last-word-arrow\u0022\u003E\u00adEnergie                      \u003C\/span\u003E\n        \u003C\/h4\u003E\n            \u003Cdiv class=\u0022teaser-content--publishing-date\u0022\u003E\u003Ctime datetime=\u00222026-02-03T10:11:25Z\u0022\u003E03.02.2026\u003C\/time\u003E\n\u003C\/div\u003E\u003Cspan class=\u0022teaser-content--publishing-date-divider\u0022\u003E - \u003C\/span\u003E\u003Cdiv class=\u0022teaser-content--body\u0022\u003E  \u003Cp\u003ESchr\u00e4der erweitert mit der Cbox die Turbuflex S-Produktlinie um einen leistungsstarken \ufeffAbgasw\u00e4rme\u00fcbertrager. Das System erm\u00f6glicht Energieeinsparungen von bis zu 15 % durch die Nutzung der latenten W\u00e4rme im Abgas. Wie hoch die Einsparung ist, h\u00e4ngt von den Abgasparametern und...\u003C\/p\u003E\n\n\n\u003C\/div\u003E\n                        \u003Cspan class=\u0022read-more-arrow-container\u0022\u003E\n            \u003Cspan class=\u0022read-more-angled-arrow\u0022\u003E \u003C\/span\u003E\n          \u003C\/span\u003E\n                  \u003C\/div\u003E\n    \u003C\/a\u003E\n\u003Ca href=\u0022\/produkte\/serwas-one-fits-all\u0022  class=\u0022teaser teaser--standard\u0022 aria-label=\u0022One fits all\r\u0022\u003E\n      \u003Cdiv class=\u0022teaser-content--image\u0022\u003E\n        \u003Cfigure class=\u0022image--figure\u0022\u003E\n        \u003Cpicture\u003E\n                        \u003Csource srcset=\u0022\/sites\/default\/files\/styles\/teaser_standard__m\/public\/aurora\/2026\/02\/509407.jpeg.webp?itok=1Rq1lCmy 1x\u0022 media=\u0022(min-width: 48.0625em) and (max-width: 64em)\u0022 type=\u0022image\/webp\u0022 width=\u0022323\u0022 height=\u0022174\u0022\/\u003E\n                  \u003Csource srcset=\u0022\/sites\/default\/files\/styles\/teaser_standard__l\/public\/aurora\/2026\/02\/509407.jpeg.webp?itok=EGsBNjtH 1x\u0022 media=\u0022(min-width: 64.0625em)\u0022 type=\u0022image\/webp\u0022 width=\u0022203\u0022 height=\u0022109\u0022\/\u003E\n                  \u003Csource srcset=\u0022\/sites\/default\/files\/styles\/teaser_standard__m\/public\/aurora\/2026\/02\/509407.jpeg?itok=2YBxU0dF 1x\u0022 media=\u0022(min-width: 48.0625em) and (max-width: 64em)\u0022 type=\u0022image\/jpeg\u0022 width=\u0022323\u0022 height=\u0022174\u0022\/\u003E\n                  \u003Csource srcset=\u0022\/sites\/default\/files\/styles\/teaser_standard__l\/public\/aurora\/2026\/02\/509407.jpeg?itok=wiU6NMeO 1x\u0022 media=\u0022(min-width: 64.0625em)\u0022 type=\u0022image\/jpeg\u0022 width=\u0022203\u0022 height=\u0022109\u0022\/\u003E\n                          \u003Cimg alt=\u0022Serwas One nutzt die Abw\u00e4rme dezentraler Recheneinheiten zur W\u00e4rmebereitstellung und senkt die Heizkosten.\u0022 loading=\u0022eager\u0022 data-caption-hide width=\u0022708\u0022 height=\u0022381\u0022 data-zoomed=\u0022https:\/\/www.geb-info.de\/sites\/default\/files\/styles\/content__zoomed\/public\/aurora\/2026\/02\/509407.jpeg?itok=s2_yK20y\u0022 src=\u0022\/sites\/default\/files\/styles\/teaser_standard__s\/public\/aurora\/2026\/02\/509407.jpeg?itok=qcXT698S\u0022 title=\u0022\u00a9 Bild: Serwas\u0022 \/\u003E\n\n    \u003C\/picture\u003E\n      \u003Cfigcaption class=\u0022image--figcaption\u0022\u003E\n          \u003Cdiv class=\u0022copyright\u0022\u003EBild: Serwas\u003C\/div\u003E\n          \u003C\/figcaption\u003E\n\u003C\/figure\u003E\n\n\n    \u003C\/div\u003E\n    \u003Cdiv class=\u0022teaser-content\u0022\u003E\n                    \u003Cdiv class=\u0022teaser-content--kicker\u0022\u003E\n                    Serwas\n        \u003C\/div\u003E\n                                              \n                        \n        \u003Ch4 class=\u0022teaser-content--headline\u0022\u003E\n                                One fits \n                              \u003Cspan class=\u0022headline-last-word-arrow\u0022\u003Eall                      \u003C\/span\u003E\n        \u003C\/h4\u003E\n            \u003Cdiv class=\u0022teaser-content--publishing-date\u0022\u003E\u003Ctime datetime=\u00222026-02-03T10:11:22Z\u0022\u003E03.02.2026\u003C\/time\u003E\n\u003C\/div\u003E\u003Cspan class=\u0022teaser-content--publishing-date-divider\u0022\u003E - \u003C\/span\u003E\u003Cdiv class=\u0022teaser-content--body\u0022\u003E  \u003Cp\u003EDie serverbasierte Zentralheizung Serwas One nutzt die Abw\u00e4rme dezentraler Recheneinheiten f\u00fcr Heizung und Warmwasser. Die elektrische Energie wird doppelt verwertet: Die entstehende W\u00e4rme flie\u00dft vollst\u00e4ndig ins Heizsystem, w\u00e4hrend die Rechenleistung als digitale Dienstleistung vermarktet wird. Die...\u003C\/p\u003E\n\n\n\u003C\/div\u003E\n                        \u003Cspan class=\u0022read-more-arrow-container\u0022\u003E\n            \u003Cspan class=\u0022read-more-angled-arrow\u0022\u003E \u003C\/span\u003E\n          \u003C\/span\u003E\n                  \u003C\/div\u003E\n    \u003C\/a\u003E\n\u003Ca href=\u0022\/produkte\/immoconn-heizungsmonitoring-fuer-bestandsgebaeude-echtzeit\u0022  class=\u0022teaser teaser--standard\u0022 aria-label=\u0022Heizungsmonitoring f\u00fcr Bestandsgeb\u00e4ude in Echtzeit\r\u0022\u003E\n      \u003Cdiv class=\u0022teaser-content--image\u0022\u003E\n        \u003Cfigure class=\u0022image--figure\u0022\u003E\n        \u003Cpicture\u003E\n                        \u003Csource srcset=\u0022\/sites\/default\/files\/styles\/teaser_standard__m\/public\/aurora\/2026\/02\/509403.jpeg.webp?itok=qviMysjE 1x\u0022 media=\u0022(min-width: 48.0625em) and (max-width: 64em)\u0022 type=\u0022image\/webp\u0022 width=\u0022323\u0022 height=\u0022168\u0022\/\u003E\n                  \u003Csource srcset=\u0022\/sites\/default\/files\/styles\/teaser_standard__l\/public\/aurora\/2026\/02\/509403.jpeg.webp?itok=HFtSzV6H 1x\u0022 media=\u0022(min-width: 64.0625em)\u0022 type=\u0022image\/webp\u0022 width=\u0022203\u0022 height=\u0022106\u0022\/\u003E\n                  \u003Csource srcset=\u0022\/sites\/default\/files\/styles\/teaser_standard__m\/public\/aurora\/2026\/02\/509403.jpeg?itok=0yCDQPvS 1x\u0022 media=\u0022(min-width: 48.0625em) and (max-width: 64em)\u0022 type=\u0022image\/jpeg\u0022 width=\u0022323\u0022 height=\u0022168\u0022\/\u003E\n                  \u003Csource srcset=\u0022\/sites\/default\/files\/styles\/teaser_standard__l\/public\/aurora\/2026\/02\/509403.jpeg?itok=DI3Bi7KG 1x\u0022 media=\u0022(min-width: 64.0625em)\u0022 type=\u0022image\/jpeg\u0022 width=\u0022203\u0022 height=\u0022106\u0022\/\u003E\n                          \u003Cimg alt=\u0022Immoconn optimiert Heizungsanlagen durch Echtzeit-Monitoring und senkt Energieverbrauch sowie Kosten.\u0022 loading=\u0022eager\u0022 data-caption-hide width=\u0022708\u0022 height=\u0022369\u0022 data-zoomed=\u0022https:\/\/www.geb-info.de\/sites\/default\/files\/styles\/content__zoomed\/public\/aurora\/2026\/02\/509403.jpeg?itok=-duAEuZk\u0022 src=\u0022\/sites\/default\/files\/styles\/teaser_standard__s\/public\/aurora\/2026\/02\/509403.jpeg?itok=mVD7pdvH\u0022 title=\u0022\u00a9 Bild: Immoconn\/Peter Greppmayr\u0022 \/\u003E\n\n    \u003C\/picture\u003E\n      \u003Cfigcaption class=\u0022image--figcaption\u0022\u003E\n          \u003Cdiv class=\u0022copyright\u0022\u003EBild: Immoconn\/Peter Greppmayr\u003C\/div\u003E\n          \u003C\/figcaption\u003E\n\u003C\/figure\u003E\n\n\n    \u003C\/div\u003E\n    \u003Cdiv class=\u0022teaser-content\u0022\u003E\n                    \u003Cdiv class=\u0022teaser-content--kicker\u0022\u003E\n                    Immoconn\u2002\n        \u003C\/div\u003E\n                                              \n                        \n        \u003Ch4 class=\u0022teaser-content--headline\u0022\u003E\n                                Heizungsmonitoring f\u00fcr Bestandsgeb\u00e4ude in \n                              \u003Cspan class=\u0022headline-last-word-arrow\u0022\u003EEchtzeit                      \u003C\/span\u003E\n        \u003C\/h4\u003E\n            \u003Cdiv class=\u0022teaser-content--publishing-date\u0022\u003E\u003Ctime datetime=\u00222026-02-03T10:11:20Z\u0022\u003E03.02.2026\u003C\/time\u003E\n\u003C\/div\u003E\u003Cspan class=\u0022teaser-content--publishing-date-divider\u0022\u003E - \u003C\/span\u003E\u003Cdiv class=\u0022teaser-content--body\u0022\u003E  \u003Cp\u003EDas Heizungsmonitoring Immoconn erfasst Betriebsdaten im Heizungskeller in Echtzeit und optimiert die Betriebsf\u00fchrung ohne zus\u00e4tzliche Investitionen. Das Immoconn-Fachpersonal r\u00fcstet das System im Heizungskeller nach \u2013 unabh\u00e4ngig von Alter, Typ oder Hersteller der Anlage. Sensoren \u00fcberwachen...\u003C\/p\u003E\n\n\n\u003C\/div\u003E\n                        \u003Cspan class=\u0022read-more-arrow-container\u0022\u003E\n            \u003Cspan class=\u0022read-more-angled-arrow\u0022\u003E \u003C\/span\u003E\n          \u003C\/span\u003E\n                  \u003C\/div\u003E\n    \u003C\/a\u003E\n\u003Ca href=\u0022\/heizungsoptimierung\/hydraulischer-abgleich-reale-messdaten-als-gamechanger\u0022  class=\u0022teaser teaser--standard\u0022 aria-label=\u0022Hydraulischer Abgleich: Reale Messdaten als Gamechanger\u0022\u003E\n      \u003Cdiv class=\u0022teaser-content--image\u0022\u003E\n        \u003Cfigure class=\u0022image--figure\u0022\u003E\n        \u003Cpicture\u003E\n                        \u003Csource srcset=\u0022\/sites\/default\/files\/styles\/teaser_standard__m\/public\/aurora\/2025\/12\/503165.jpeg.webp?itok=jTME68Uy 1x\u0022 media=\u0022(min-width: 48.0625em) and (max-width: 64em)\u0022 type=\u0022image\/webp\u0022 width=\u0022323\u0022 height=\u0022215\u0022\/\u003E\n                  \u003Csource srcset=\u0022\/sites\/default\/files\/styles\/teaser_standard__l\/public\/aurora\/2025\/12\/503165.jpeg.webp?itok=dC3Oe7rX 1x\u0022 media=\u0022(min-width: 64.0625em)\u0022 type=\u0022image\/webp\u0022 width=\u0022203\u0022 height=\u0022135\u0022\/\u003E\n                  \u003Csource srcset=\u0022\/sites\/default\/files\/styles\/teaser_standard__m\/public\/aurora\/2025\/12\/503165.jpeg?itok=mFlAnO7n 1x\u0022 media=\u0022(min-width: 48.0625em) and (max-width: 64em)\u0022 type=\u0022image\/jpeg\u0022 width=\u0022323\u0022 height=\u0022215\u0022\/\u003E\n                  \u003Csource srcset=\u0022\/sites\/default\/files\/styles\/teaser_standard__l\/public\/aurora\/2025\/12\/503165.jpeg?itok=cvZ7zWSS 1x\u0022 media=\u0022(min-width: 64.0625em)\u0022 type=\u0022image\/jpeg\u0022 width=\u0022203\u0022 height=\u0022135\u0022\/\u003E\n                          \u003Cimg alt=\u0022Das My-Warm-Verfahren f\u00fcr den hydraulischen Abgleich basiert zu 100 Prozent auf Messdaten.\u0022 loading=\u0022eager\u0022 data-caption-hide width=\u0022597\u0022 height=\u0022398\u0022 data-zoomed=\u0022https:\/\/www.geb-info.de\/sites\/default\/files\/styles\/content__zoomed\/public\/aurora\/2025\/12\/503165.jpeg?itok=cGnceOBu\u0022 src=\u0022\/sites\/default\/files\/styles\/teaser_standard__s\/public\/aurora\/2025\/12\/503165.jpeg?itok=72lfeU_k\u0022 title=\u0022\u00a9 My Warm\u0022 \/\u003E\n\n    \u003C\/picture\u003E\n      \u003Cfigcaption class=\u0022image--figcaption\u0022\u003E\n          \u003Cdiv class=\u0022copyright\u0022\u003EMy Warm\u003C\/div\u003E\n          \u003C\/figcaption\u003E\n\u003C\/figure\u003E\n\n\n    \u003C\/div\u003E\n    \u003Cdiv class=\u0022teaser-content\u0022\u003E\n                    \u003Cdiv class=\u0022teaser-content--kicker\u0022\u003E\n                    \n        \u003C\/div\u003E\n                                              \n                        \n        \u003Ch4 class=\u0022teaser-content--headline\u0022\u003E\n                                Hydraulischer Abgleich: Reale Messdaten als \n                              \u003Cspan class=\u0022headline-last-word-arrow\u0022\u003EGamechanger                      \u003C\/span\u003E\n        \u003C\/h4\u003E\n            \u003Cdiv class=\u0022teaser-content--publishing-date\u0022\u003E\u003Ctime datetime=\u00222025-12-17T11:49:08Z\u0022\u003E17.12.2025\u003C\/time\u003E\n\u003C\/div\u003E\u003Cspan class=\u0022teaser-content--publishing-date-divider\u0022\u003E - \u003C\/span\u003E\u003Cdiv class=\u0022teaser-content--body\u0022\u003E\u003Cp\u003EDie hydraulische Optimierung von Heizanlagen bringt bis zu 35 Prozent Einsparung. Warum der hydraulische Abgleich zu den wirksamsten Ma\u00dfnahmen z\u00e4hlt und wie er sich mit datengest\u00fctzten Daten optimieren l\u00e4sst, erl\u00e4utert der folgende Gastbeitrag.\u003C\/p\u003E\n\u003C\/div\u003E\n                        \u003Cspan class=\u0022read-more-arrow-container\u0022\u003E\n            \u003Cspan class=\u0022read-more-angled-arrow\u0022\u003E \u003C\/span\u003E\n          \u003C\/span\u003E\n                  \u003C\/div\u003E\n    \u003C\/a\u003E\n\u003Ca href=\u0022\/produkte\/paw-dezentral-warmwasser-bereiten\u0022  class=\u0022teaser teaser--standard\u0022 aria-label=\u0022Dezentral Warmwasser bereiten\r\u0022\u003E\n      \u003Cdiv class=\u0022teaser-content--image\u0022\u003E\n        \u003Cfigure class=\u0022image--figure\u0022\u003E\n        \u003Cpicture\u003E\n                        \u003Csource srcset=\u0022\/sites\/default\/files\/styles\/teaser_standard__m\/public\/aurora\/2025\/12\/500255.jpeg.webp?itok=_uOI0Z7A 1x\u0022 media=\u0022(min-width: 48.0625em) and (max-width: 64em)\u0022 type=\u0022image\/webp\u0022 width=\u0022161\u0022 height=\u0022242\u0022\/\u003E\n                  \u003Csource srcset=\u0022\/sites\/default\/files\/styles\/teaser_standard__l\/public\/aurora\/2025\/12\/500255.jpeg.webp?itok=VSCQcdqm 1x\u0022 media=\u0022(min-width: 64.0625em)\u0022 type=\u0022image\/webp\u0022 width=\u0022101\u0022 height=\u0022152\u0022\/\u003E\n                  \u003Csource srcset=\u0022\/sites\/default\/files\/styles\/teaser_standard__m\/public\/aurora\/2025\/12\/500255.jpeg?itok=DyJ2uzaR 1x\u0022 media=\u0022(min-width: 48.0625em) and (max-width: 64em)\u0022 type=\u0022image\/jpeg\u0022 width=\u0022161\u0022 height=\u0022242\u0022\/\u003E\n                  \u003Csource srcset=\u0022\/sites\/default\/files\/styles\/teaser_standard__l\/public\/aurora\/2025\/12\/500255.jpeg?itok=s2-YU4u2 1x\u0022 media=\u0022(min-width: 64.0625em)\u0022 type=\u0022image\/jpeg\u0022 width=\u0022101\u0022 height=\u0022152\u0022\/\u003E\n                          \u003Cimg alt=\u0022\u00dcber standardisierte Schnittstellen l\u00e4sst sich die Wohnungsstation Home Bloc Digital an ein Geb\u00e4udeleittechniksystem anbinden.\u0022 loading=\u0022eager\u0022 data-caption-hide width=\u0022265\u0022 height=\u0022398\u0022 data-zoomed=\u0022https:\/\/www.geb-info.de\/sites\/default\/files\/styles\/content__zoomed\/public\/aurora\/2025\/12\/500255.jpeg?itok=Ek17nDDL\u0022 src=\u0022\/sites\/default\/files\/styles\/teaser_standard__s\/public\/aurora\/2025\/12\/500255.jpeg?itok=dnKt96qn\u0022 title=\u0022\u00a9 Bild: PAW\u0022 \/\u003E\n\n    \u003C\/picture\u003E\n      \u003Cfigcaption class=\u0022image--figcaption\u0022\u003E\n          \u003Cdiv class=\u0022copyright\u0022\u003EBild: PAW\u003C\/div\u003E\n          \u003C\/figcaption\u003E\n\u003C\/figure\u003E\n\n\n    \u003C\/div\u003E\n    \u003Cdiv class=\u0022teaser-content\u0022\u003E\n                    \u003Cdiv class=\u0022teaser-content--kicker\u0022\u003E\n                    PAW\n        \u003C\/div\u003E\n                                              \n                        \n        \u003Ch4 class=\u0022teaser-content--headline\u0022\u003E\n                                Dezentral Warmwasser \n                              \u003Cspan class=\u0022headline-last-word-arrow\u0022\u003Ebereiten                      \u003C\/span\u003E\n        \u003C\/h4\u003E\n            \u003Cdiv class=\u0022teaser-content--publishing-date\u0022\u003E\u003Ctime datetime=\u00222025-12-12T15:00:33Z\u0022\u003E12.12.2025\u003C\/time\u003E\n\u003C\/div\u003E\u003Cspan class=\u0022teaser-content--publishing-date-divider\u0022\u003E - \u003C\/span\u003E\u003Cdiv class=\u0022teaser-content--body\u0022\u003E  \u003Cp\u003EDie elektronisch geregelte Wohnungsstation Home Bloc Digital von PAW bereitet Warmwasser bedarfsgerecht \u00fcber einen Hochleistungsw\u00e4rmetauscher nach dem Durchlauferhitzer-Prinzip auf. Kombiniert mit einem Durchlauferhitzer ist eine zuverl\u00e4ssige Warmwasserversorgung auch bei niedrigen...\u003C\/p\u003E\n\n\n\u003C\/div\u003E\n                        \u003Cspan class=\u0022read-more-arrow-container\u0022\u003E\n            \u003Cspan class=\u0022read-more-angled-arrow\u0022\u003E \u003C\/span\u003E\n          \u003C\/span\u003E\n                  \u003C\/div\u003E\n    \u003C\/a\u003E\n\u003Ca href=\u0022\/fachwissen\/datenanalyse-macht-anlagenbetrieb-transparenter-effizienz-durch-wissen\u0022  class=\u0022teaser teaser--standard\u0022 aria-label=\u0022\ufeffEffizienz durch Wisse\ufeffn\r\u0022\u003E\n      \u003Cdiv class=\u0022teaser-content--image\u0022\u003E\n        \u003Cfigure class=\u0022image--figure\u0022\u003E\n        \u003Cpicture\u003E\n                        \u003Csource srcset=\u0022\/sites\/default\/files\/styles\/teaser_standard__m\/public\/aurora\/2025\/12\/500028.jpeg.webp?itok=MRHtnIhx 1x\u0022 media=\u0022(min-width: 48.0625em) and (max-width: 64em)\u0022 type=\u0022image\/webp\u0022 width=\u0022323\u0022 height=\u0022169\u0022\/\u003E\n                  \u003Csource srcset=\u0022\/sites\/default\/files\/styles\/teaser_standard__l\/public\/aurora\/2025\/12\/500028.jpeg.webp?itok=k_nNowbw 1x\u0022 media=\u0022(min-width: 64.0625em)\u0022 type=\u0022image\/webp\u0022 width=\u0022203\u0022 height=\u0022106\u0022\/\u003E\n                  \u003Csource srcset=\u0022\/sites\/default\/files\/styles\/teaser_standard__m\/public\/aurora\/2025\/12\/500028.jpeg?itok=YPNg3_Di 1x\u0022 media=\u0022(min-width: 48.0625em) and (max-width: 64em)\u0022 type=\u0022image\/jpeg\u0022 width=\u0022323\u0022 height=\u0022169\u0022\/\u003E\n                  \u003Csource srcset=\u0022\/sites\/default\/files\/styles\/teaser_standard__l\/public\/aurora\/2025\/12\/500028.jpeg?itok=QHojeloD 1x\u0022 media=\u0022(min-width: 64.0625em)\u0022 type=\u0022image\/jpeg\u0022 width=\u0022203\u0022 height=\u0022106\u0022\/\u003E\n                          \u003Cimg alt=\u0022Ein Gro\u00dfteil der Heizungsanlagen in Deutschland arbeitet ineffizient, weil h\u00e4ufig keine Betriebsdaten zur Verf\u00fcgung stehen.\u0022 loading=\u0022eager\u0022 data-caption-hide width=\u0022708\u0022 height=\u0022371\u0022 data-zoomed=\u0022https:\/\/www.geb-info.de\/sites\/default\/files\/styles\/content__zoomed\/public\/aurora\/2025\/12\/500028.jpeg?itok=D63qR2FG\u0022 src=\u0022\/sites\/default\/files\/styles\/teaser_standard__s\/public\/aurora\/2025\/12\/500028.jpeg?itok=j5Gae6YB\u0022 title=\u0022\u00a9 Bild: lettas - stock.adobe.com\u0022 \/\u003E\n\n    \u003C\/picture\u003E\n      \u003Cfigcaption class=\u0022image--figcaption\u0022\u003E\n          \u003Cdiv class=\u0022copyright\u0022\u003EBild: lettas - stock.adobe.com\u003C\/div\u003E\n          \u003C\/figcaption\u003E\n\u003C\/figure\u003E\n\n\n    \u003C\/div\u003E\n    \u003Cdiv class=\u0022teaser-content\u0022\u003E\n                    \u003Cdiv class=\u0022teaser-content--kicker\u0022\u003E\n                    Datenanalyse macht Anlagenbetrieb transparenter\u2002\n        \u003C\/div\u003E\n                                              \n                        \n        \u003Ch4 class=\u0022teaser-content--headline\u0022\u003E\n                                \ufeffEffizienz durch \n                              \u003Cspan class=\u0022headline-last-word-arrow\u0022\u003EWisse\ufeffn              \u003Cspan\n                  class=\u0022permission-lock permission-lock-icon--\u0022\u003E\u003C\/span\u003E\n                                  \u003C\/span\u003E\n        \u003C\/h4\u003E\n            \u003Cdiv class=\u0022teaser-content--publishing-date\u0022\u003E\u003Ctime datetime=\u00222025-12-12T15:00:31Z\u0022\u003E12.12.2025\u003C\/time\u003E\n\u003C\/div\u003E\u003Cspan class=\u0022teaser-content--publishing-date-divider\u0022\u003E - \u003C\/span\u003E\u003Cdiv class=\u0022teaser-content--body\u0022\u003E\u003Cp\u003EMit einem kontinuierlichen Monitoring lassen sich der Betrieb von Heizungen optimieren und Kosten um zehn bis 20 Prozent reduzieren. Das gelingt durch die Auswertung von Daten, die etwa Temperaturf\u00fchler, digitale Stromz\u00e4hler und Sensoren f\u00fcr die Erfassung von Betriebszust\u00e4nden liefern.\u2003Antonia Alexiev, Frank Bergmann, Steve Hammer, Gregor Jaschke, Florian W\u00f6hlbier\u003C\/p\u003E\n\u003C\/div\u003E\n                        \u003Cspan class=\u0022read-more-arrow-container\u0022\u003E\n            \u003Cspan class=\u0022read-more-angled-arrow\u0022\u003E \u003C\/span\u003E\n          \u003C\/span\u003E\n                  \u003C\/div\u003E\n    \u003C\/a\u003E\n\u003Ca href=\u0022\/fachwissen\/praxiswissen-heizkoerper-einstellen-den-richtigen-dreh-fuer-die-heizung-finden\u0022  class=\u0022teaser teaser--standard\u0022 aria-label=\u0022Den richtigen Dreh f\u00fcr die \u00adHeizung finden\r\u0022\u003E\n      \u003Cdiv class=\u0022teaser-content--image\u0022\u003E\n        \u003Cfigure class=\u0022image--figure\u0022\u003E\n        \u003Cpicture\u003E\n                        \u003Csource srcset=\u0022\/sites\/default\/files\/styles\/teaser_standard__m\/public\/aurora\/2025\/12\/500231.jpeg.webp?itok=Rg-CqW-4 1x\u0022 media=\u0022(min-width: 48.0625em) and (max-width: 64em)\u0022 type=\u0022image\/webp\u0022 width=\u0022323\u0022 height=\u0022144\u0022\/\u003E\n                  \u003Csource srcset=\u0022\/sites\/default\/files\/styles\/teaser_standard__l\/public\/aurora\/2025\/12\/500231.jpeg.webp?itok=ML8GWcAj 1x\u0022 media=\u0022(min-width: 64.0625em)\u0022 type=\u0022image\/webp\u0022 width=\u0022203\u0022 height=\u002291\u0022\/\u003E\n                  \u003Csource srcset=\u0022\/sites\/default\/files\/styles\/teaser_standard__m\/public\/aurora\/2025\/12\/500231.jpeg?itok=NWNDaHZ5 1x\u0022 media=\u0022(min-width: 48.0625em) and (max-width: 64em)\u0022 type=\u0022image\/jpeg\u0022 width=\u0022323\u0022 height=\u0022144\u0022\/\u003E\n                  \u003Csource srcset=\u0022\/sites\/default\/files\/styles\/teaser_standard__l\/public\/aurora\/2025\/12\/500231.jpeg?itok=OTNUfM9I 1x\u0022 media=\u0022(min-width: 64.0625em)\u0022 type=\u0022image\/jpeg\u0022 width=\u0022203\u0022 height=\u002291\u0022\/\u003E\n                          \u003Cimg loading=\u0022eager\u0022 data-caption-hide width=\u0022708\u0022 height=\u0022316\u0022 data-zoomed=\u0022https:\/\/www.geb-info.de\/sites\/default\/files\/styles\/content__zoomed\/public\/aurora\/2025\/12\/500231.jpeg?itok=sA65IUgP\u0022 src=\u0022\/sites\/default\/files\/styles\/teaser_standard__s\/public\/aurora\/2025\/12\/500231.jpeg?itok=QwTRh5KN\u0022 title=\u0022Eine Person kniet und stellt ein Ventil an einem schwarzen Heizk\u00f6rper in der N\u00e4he eines Fliesenbodens ein. - \u00a9 Bild: IMI\u0022 \/\u003E\n\n    \u003C\/picture\u003E\n      \u003Cfigcaption class=\u0022image--figcaption\u0022\u003E\n          \u003Cdiv class=\u0022copyright\u0022\u003EBild: IMI\u003C\/div\u003E\n          \u003C\/figcaption\u003E\n\u003C\/figure\u003E\n\n\n    \u003C\/div\u003E\n    \u003Cdiv class=\u0022teaser-content\u0022\u003E\n                    \u003Cdiv class=\u0022teaser-content--kicker\u0022\u003E\n                    Praxiswissen: Heizk\u00f6rper einstellen\n        \u003C\/div\u003E\n                                              \n                        \n        \u003Ch4 class=\u0022teaser-content--headline\u0022\u003E\n                                Den richtigen Dreh f\u00fcr die \u00adHeizung \n                              \u003Cspan class=\u0022headline-last-word-arrow\u0022\u003Efinden              \u003Cspan\n                  class=\u0022permission-lock permission-lock-icon--\u0022\u003E\u003C\/span\u003E\n                                  \u003C\/span\u003E\n        \u003C\/h4\u003E\n            \u003Cdiv class=\u0022teaser-content--publishing-date\u0022\u003E\u003Ctime datetime=\u00222025-12-12T15:00:29Z\u0022\u003E12.12.2025\u003C\/time\u003E\n\u003C\/div\u003E\u003Cspan class=\u0022teaser-content--publishing-date-divider\u0022\u003E - \u003C\/span\u003E\u003Cdiv class=\u0022teaser-content--body\u0022\u003E\u003Cp\u003EDer hydraulische Abgleich ist nicht nur eine technische Pflicht, sondern ein zentrales Werkzeug f\u00fcr mehr Effizienz, Klimaschutz und Kundenzufriedenheit im Geb\u00e4udebestand. Der Beitrag erkl\u00e4rt, welche Verfahren es gibt, wie sie sich unterscheiden und welche gesetzlichen Vorgaben und F\u00f6rderm\u00f6glichkeiten aktuell gelten.\u2003Meinolf Rath\u003C\/p\u003E\n\u003C\/div\u003E\n                        \u003Cspan class=\u0022read-more-arrow-container\u0022\u003E\n            \u003Cspan class=\u0022read-more-angled-arrow\u0022\u003E \u003C\/span\u003E\n          \u003C\/span\u003E\n                  \u003C\/div\u003E\n    \u003C\/a\u003E\n\u003Ca href=\u0022\/fachwissen\/podcast-smarte-technik-gegen-schimmel\u0022  class=\u0022teaser teaser--standard\u0022 aria-label=\u0022Smarte Technik gegen Schimmel\ufeff\r\u0022\u003E\n      \u003Cdiv class=\u0022teaser-content--image\u0022\u003E\n        \u003Cfigure class=\u0022image--figure\u0022\u003E\n        \u003Cpicture\u003E\n                        \u003Csource srcset=\u0022\/sites\/default\/files\/styles\/teaser_standard__m\/public\/aurora\/2025\/12\/500011.jpeg.webp?itok=gEIgjZWo 1x\u0022 media=\u0022(min-width: 48.0625em) and (max-width: 64em)\u0022 type=\u0022image\/webp\u0022 width=\u0022177\u0022 height=\u0022242\u0022\/\u003E\n                  \u003Csource srcset=\u0022\/sites\/default\/files\/styles\/teaser_standard__l\/public\/aurora\/2025\/12\/500011.jpeg.webp?itok=_okxTGM_ 1x\u0022 media=\u0022(min-width: 64.0625em)\u0022 type=\u0022image\/webp\u0022 width=\u0022111\u0022 height=\u0022152\u0022\/\u003E\n                  \u003Csource srcset=\u0022\/sites\/default\/files\/styles\/teaser_standard__m\/public\/aurora\/2025\/12\/500011.jpeg?itok=fOF-cK2e 1x\u0022 media=\u0022(min-width: 48.0625em) and (max-width: 64em)\u0022 type=\u0022image\/jpeg\u0022 width=\u0022177\u0022 height=\u0022242\u0022\/\u003E\n                  \u003Csource srcset=\u0022\/sites\/default\/files\/styles\/teaser_standard__l\/public\/aurora\/2025\/12\/500011.jpeg?itok=JdJ874TE 1x\u0022 media=\u0022(min-width: 64.0625em)\u0022 type=\u0022image\/jpeg\u0022 width=\u0022111\u0022 height=\u0022152\u0022\/\u003E\n                          \u003Cimg alt=\u0022Michael Merscher\u0022 loading=\u0022eager\u0022 data-caption-hide width=\u0022291\u0022 height=\u0022398\u0022 data-zoomed=\u0022https:\/\/www.geb-info.de\/sites\/default\/files\/styles\/content__zoomed\/public\/aurora\/2025\/12\/500011.jpeg?itok=Ncn1_wFi\u0022 src=\u0022\/sites\/default\/files\/styles\/teaser_standard__s\/public\/aurora\/2025\/12\/500011.jpeg?itok=DQbN06yc\u0022 title=\u0022\u00a9 Bild: Lunos\u0022 \/\u003E\n\n    \u003C\/picture\u003E\n      \u003Cfigcaption class=\u0022image--figcaption\u0022\u003E\n          \u003Cdiv class=\u0022copyright\u0022\u003EBild: Lunos\u003C\/div\u003E\n          \u003C\/figcaption\u003E\n\u003C\/figure\u003E\n\n\n    \u003C\/div\u003E\n    \u003Cdiv class=\u0022teaser-content\u0022\u003E\n                    \u003Cdiv class=\u0022teaser-content--kicker\u0022\u003E\n                    Podcast\n        \u003C\/div\u003E\n                                              \n                        \n        \u003Ch4 class=\u0022teaser-content--headline\u0022\u003E\n                                Smarte Technik gegen \n                              \u003Cspan class=\u0022headline-last-word-arrow\u0022\u003ESchimmel\ufeff                      \u003C\/span\u003E\n        \u003C\/h4\u003E\n            \u003Cdiv class=\u0022teaser-content--publishing-date\u0022\u003E\u003Ctime datetime=\u00222025-12-12T15:00:28Z\u0022\u003E12.12.2025\u003C\/time\u003E\n\u003C\/div\u003E\u003Cspan class=\u0022teaser-content--publishing-date-divider\u0022\u003E - \u003C\/span\u003E\u003Cdiv class=\u0022teaser-content--body\u0022\u003E\u003Cp\u003ESie sorgt f\u00fcr gesunde Raumluft bei effizientem Energieeinsatz \u2013 integrierte Sensorik macht aus L\u00fcftungsanlagen intelligente Systeme. In Folge 41 des Podcasts Geb\u00e4udewende spricht Michael Merscher von Lunos \u00fcber die vielf\u00e4ltige M\u00f6glichkeiten, die sich damit bieten, und erkl\u00e4rt unter anderem, wie sich mit der Technik Schimmelrisiken um bis zu 80 Prozent reduzieren lassen.\u2003Markus Strehlitz\u003C\/p\u003E\n\u003C\/div\u003E\n                        \u003Cspan class=\u0022read-more-arrow-container\u0022\u003E\n            \u003Cspan class=\u0022read-more-angled-arrow\u0022\u003E \u003C\/span\u003E\n          \u003C\/span\u003E\n                  \u003C\/div\u003E\n    \u003C\/a\u003E\n\u003Ca href=\u0022\/heizungsoptimierung\/optimierter-heizungsbetrieb-dank-digitalisierung\u0022  class=\u0022teaser teaser--standard\u0022 aria-label=\u0022Optimierter Heizungsbetrieb dank Digitalisierung\u0022\u003E\n      \u003Cdiv class=\u0022teaser-content--image\u0022\u003E\n        \u003Cfigure class=\u0022image--figure\u0022\u003E\n        \u003Cpicture\u003E\n                        \u003Csource srcset=\u0022\/sites\/default\/files\/styles\/teaser_standard__m\/public\/aurora\/2025\/12\/498736.jpeg.webp?itok=GDbnBRN5 1x\u0022 media=\u0022(min-width: 48.0625em) and (max-width: 64em)\u0022 type=\u0022image\/webp\u0022 width=\u0022323\u0022 height=\u0022210\u0022\/\u003E\n                  \u003Csource srcset=\u0022\/sites\/default\/files\/styles\/teaser_standard__l\/public\/aurora\/2025\/12\/498736.jpeg.webp?itok=flEofzgi 1x\u0022 media=\u0022(min-width: 64.0625em)\u0022 type=\u0022image\/webp\u0022 width=\u0022203\u0022 height=\u0022132\u0022\/\u003E\n                  \u003Csource srcset=\u0022\/sites\/default\/files\/styles\/teaser_standard__m\/public\/aurora\/2025\/12\/498736.jpeg?itok=eb43dWf2 1x\u0022 media=\u0022(min-width: 48.0625em) and (max-width: 64em)\u0022 type=\u0022image\/jpeg\u0022 width=\u0022323\u0022 height=\u0022210\u0022\/\u003E\n                  \u003Csource srcset=\u0022\/sites\/default\/files\/styles\/teaser_standard__l\/public\/aurora\/2025\/12\/498736.jpeg?itok=TEXNDWaA 1x\u0022 media=\u0022(min-width: 64.0625em)\u0022 type=\u0022image\/jpeg\u0022 width=\u0022203\u0022 height=\u0022132\u0022\/\u003E\n                          \u003Cimg loading=\u0022eager\u0022 data-caption-hide width=\u0022611\u0022 height=\u0022398\u0022 data-zoomed=\u0022https:\/\/www.geb-info.de\/sites\/default\/files\/styles\/content__zoomed\/public\/aurora\/2025\/12\/498736.jpeg?itok=EHYVYh1L\u0022 src=\u0022\/sites\/default\/files\/styles\/teaser_standard__s\/public\/aurora\/2025\/12\/498736.jpeg?itok=sJTi_E9z\u0022 alt=\u0022\u0022 title=\u0022Illustration eines Smartphones mit Kopfh\u00f6rern, Musiknoten und dem Text \u0026quot;#42 Heizungsmonitoring\u0026quot;. - \u00a9 Podcast Geb\u00e4udewende\u0022 \/\u003E\n\n    \u003C\/picture\u003E\n      \u003Cfigcaption class=\u0022image--figcaption\u0022\u003E\n          \u003Cdiv class=\u0022copyright\u0022\u003EPodcast Geb\u00e4udewende\u003C\/div\u003E\n          \u003C\/figcaption\u003E\n\u003C\/figure\u003E\n\n\n    \u003C\/div\u003E\n    \u003Cdiv class=\u0022teaser-content\u0022\u003E\n                    \u003Cdiv class=\u0022teaser-content--kicker\u0022\u003E\n                    \n        \u003C\/div\u003E\n                                              \n                        \n        \u003Ch4 class=\u0022teaser-content--headline\u0022\u003E\n                                Optimierter Heizungsbetrieb dank \n                              \u003Cspan class=\u0022headline-last-word-arrow\u0022\u003EDigitalisierung                      \u003C\/span\u003E\n        \u003C\/h4\u003E\n            \u003Cdiv class=\u0022teaser-content--publishing-date\u0022\u003E\u003Ctime datetime=\u00222025-12-04T05:00:05Z\u0022\u003E04.12.2025\u003C\/time\u003E\n\u003C\/div\u003E\u003Cspan class=\u0022teaser-content--publishing-date-divider\u0022\u003E - \u003C\/span\u003E\u003Cdiv class=\u0022teaser-content--body\u0022\u003E\u003Cp\u003EViele Heizungsanlagen laufen ineffizient, weil kaum Betriebsdaten vorliegen. Doch bereits mit wenigen Sensoren l\u00e4sst sich ein Heizungsmonitoring umsetzen, mit dem der Energieverbrauch um bis zu 20 Prozent gesenkt werden kann. Wie dies genau funktioniert und wie sich damit auch gesetzliche Anforderungen erf\u00fcllen lassen, erkl\u00e4rt Marcus Rackel vom Kompetenzzentrum Energieeffizienz durch Digitalisierung in Folge 42 des Geb\u00e4udewende-Podcasts.\u003C\/p\u003E\n\u003C\/div\u003E\n                        \u003Cspan class=\u0022read-more-arrow-container\u0022\u003E\n            \u003Cspan class=\u0022read-more-angled-arrow\u0022\u003E \u003C\/span\u003E\n          \u003C\/span\u003E\n                  \u003C\/div\u003E\n    \u003C\/a\u003E\n\u003Ca href=\u0022\/fachwissen\/heizungsoptimierung-mit-smarten-temperaturreglern-die-ki-weiss-wie-ein-typischer-montag\u0022  class=\u0022teaser teaser--standard\u0022 aria-label=\u0022\u201eDie KI wei\u00df, wie ein typischer Montag aussieht\u201c\r\u0022\u003E\n      \u003Cdiv class=\u0022teaser-content--image\u0022\u003E\n        \u003Cfigure class=\u0022image--figure\u0022\u003E\n        \u003Cpicture\u003E\n                        \u003Csource srcset=\u0022\/sites\/default\/files\/styles\/teaser_standard__m\/public\/aurora\/2025\/10\/484117.jpeg.webp?itok=F9n7V0t7 1x\u0022 media=\u0022(min-width: 48.0625em) and (max-width: 64em)\u0022 type=\u0022image\/webp\u0022 width=\u0022323\u0022 height=\u0022166\u0022\/\u003E\n                  \u003Csource srcset=\u0022\/sites\/default\/files\/styles\/teaser_standard__l\/public\/aurora\/2025\/10\/484117.jpeg.webp?itok=yt0h-jvN 1x\u0022 media=\u0022(min-width: 64.0625em)\u0022 type=\u0022image\/webp\u0022 width=\u0022203\u0022 height=\u0022104\u0022\/\u003E\n                  \u003Csource srcset=\u0022\/sites\/default\/files\/styles\/teaser_standard__m\/public\/aurora\/2025\/10\/484117.jpeg?itok=1r3L4Z3w 1x\u0022 media=\u0022(min-width: 48.0625em) and (max-width: 64em)\u0022 type=\u0022image\/jpeg\u0022 width=\u0022323\u0022 height=\u0022166\u0022\/\u003E\n                  \u003Csource srcset=\u0022\/sites\/default\/files\/styles\/teaser_standard__l\/public\/aurora\/2025\/10\/484117.jpeg?itok=hgyE5ZVU 1x\u0022 media=\u0022(min-width: 64.0625em)\u0022 type=\u0022image\/jpeg\u0022 width=\u0022203\u0022 height=\u0022104\u0022\/\u003E\n                          \u003Cimg alt=\u0022Wer m\u00f6chte, kann die intelligente Thermostate manuell bedienen. Aber er muss nicht, weil Sensoren erkennen, wann sich jemand im Raum aufh\u00e4lt und dieser geheizt werden muss.\u0022 loading=\u0022eager\u0022 data-caption-hide width=\u0022708\u0022 height=\u0022364\u0022 data-zoomed=\u0022https:\/\/www.geb-info.de\/sites\/default\/files\/styles\/content__zoomed\/public\/aurora\/2025\/10\/484117.jpeg?itok=9eXS0eYc\u0022 src=\u0022\/sites\/default\/files\/styles\/teaser_standard__s\/public\/aurora\/2025\/10\/484117.jpeg?itok=N1_XLyFt\u0022 title=\u0022\u00a9 Bild: Vilisto\u0022 \/\u003E\n\n    \u003C\/picture\u003E\n      \u003Cfigcaption class=\u0022image--figcaption\u0022\u003E\n          \u003Cdiv class=\u0022copyright\u0022\u003EBild: Vilisto\u003C\/div\u003E\n          \u003C\/figcaption\u003E\n\u003C\/figure\u003E\n\n\n    \u003C\/div\u003E\n    \u003Cdiv class=\u0022teaser-content\u0022\u003E\n                    \u003Cdiv class=\u0022teaser-content--kicker\u0022\u003E\n                    Heizungsoptimierung mit smarten Temperaturreglern\n        \u003C\/div\u003E\n                                              \n                        \n        \u003Ch4 class=\u0022teaser-content--headline\u0022\u003E\n                                \u201eDie KI wei\u00df, wie ein typischer Montag \n                              \u003Cspan class=\u0022headline-last-word-arrow\u0022\u003Eaussieht\u201c              \u003Cspan\n                  class=\u0022permission-lock permission-lock-icon--\u0022\u003E\u003C\/span\u003E\n                                  \u003C\/span\u003E\n        \u003C\/h4\u003E\n            \u003Cdiv class=\u0022teaser-content--publishing-date\u0022\u003E\u003Ctime datetime=\u00222025-10-14T10:02:49Z\u0022\u003E14.10.2025\u003C\/time\u003E\n\u003C\/div\u003E\u003Cspan class=\u0022teaser-content--publishing-date-divider\u0022\u003E - \u003C\/span\u003E\u003Cdiv class=\u0022teaser-content--body\u0022\u003E\u003Cp\u003EMit den intelligenten Thermostaten von Vilisto l\u00e4sst sich in Nichtwohngeb\u00e4uden die Beheizung automatisieren. R\u00e4ume werden nur dann erw\u00e4rmt, wenn sie belegt sind. Im Interview erkl\u00e4rt Gr\u00fcnder und CEO Christoph Berger, welchen konkreten Nutzen die Technik bringt, warum man daf\u00fcr k\u00fcnstliche Intelligenz braucht und wie auch ein hydraulischer Abgleich m\u00f6glich wird.\u2003\u003C\/p\u003E\n\u003C\/div\u003E\n                        \u003Cspan class=\u0022read-more-arrow-container\u0022\u003E\n            \u003Cspan class=\u0022read-more-angled-arrow\u0022\u003E \u003C\/span\u003E\n          \u003C\/span\u003E\n                  \u003C\/div\u003E\n    \u003C\/a\u003E\n","entity_type":"node","used_ids":["",257075,257071,257055,256609,255241,255225,254257,253623,253622,253621,253618,253615,252016,251707,251699,251690,251687,251138,248588],"show_more":"\u003Cdiv class=\u0022del-show-more\u0022\u003E\u003Ca href=\u0022\/ajax\/del\/e4bc2d3b-5975-4db2-8e49-81f602421b6b\/paragraph\/20\/19\/asc\/eyJub2RlIjp7ImlkIjoiMTg3NDA4IiwidHlwZSI6InBhZ2UifX0%3D\u0022 title=\u0022Mehr Elemente anzeigen\u0022 class=\u0022del-show-more-link use-ajax\u0022 rel=\u0022nofollow\u0022 data-target-type=\u0022node\u0022 aria-controls=\u0022del--paragraph-657056--content\u0022 aria-label=\u0022Mehr Elemente anzeigen\u0022\u003EMehr anzeigen\u003C\/a\u003E\u003C\/div\u003E\n"}]