[{"command":"settings","settings":{"pluralDelimiter":"\u0003","suppressDeprecationErrors":true,"ajaxPageState":{"libraries":"eJxLzi9K1S_ITC4pLUpNy8zJ0UmpzEvMzUyOT80rySypjM_JLC7RL87IL4_PBaoEALH_EqY","theme":"ivory","theme_token":null},"ajaxTrustedUrl":[],"user":{"uid":0,"permissionsHash":"9c975576f1b96e43d31b3ff34c1ca6b53b6096ff14d83974ef00f2d68011e8fb"}},"merge":true},{"command":"add_css","data":[{"rel":"stylesheet","media":"all","href":"\/core\/themes\/stable9\/css\/core\/components\/progress.module.css?te7139"},{"rel":"stylesheet","media":"all","href":"\/core\/themes\/stable9\/css\/core\/components\/ajax-progress.module.css?te7139"},{"rel":"stylesheet","media":"all","href":"\/themes\/contrib\/gin\/dist\/css\/components\/ajax.css?te7139"}]},{"command":"add_js","selector":"body","data":[{"src":"\/core\/assets\/vendor\/jquery\/jquery.min.js?v=4.0.0"},{"src":"\/sites\/default\/files\/js\/js_d-vnMCVcm62poJDWZlvQBKmmovo43M5e-K1h1hoM2I8.js?scope=footer\u0026delta=1\u0026language=de-geb\u0026theme=ivory\u0026include=eJxLqcxLzM1Mjk_NK8ksqYzPySwu0S_OyC-Pz80vSgUAtBcL_w"}]},{"command":"showMoreTeasers","id":"del--paragraph-656910","content":"\u003Ca href=\u0022\/service\/merkblatt-trockenbau-neu-aufgelegt\u0022  class=\u0022teaser teaser--standard\u0022 aria-label=\u0022Trockenbau neu aufgelegt\r\u0022\u003E\n      \u003Cdiv class=\u0022teaser-content--image\u0022\u003E\n        \u003Cfigure class=\u0022image--figure\u0022\u003E\n        \u003Cpicture\u003E\n                        \u003Csource srcset=\u0022\/sites\/default\/files\/styles\/teaser_standard__m\/public\/aurora\/2026\/04\/525860.jpeg.webp?itok=g5kHIPc1 1x\u0022 media=\u0022(min-width: 48.0625em) and (max-width: 64em)\u0022 type=\u0022image\/webp\u0022 width=\u0022174\u0022 height=\u0022242\u0022\/\u003E\n                  \u003Csource srcset=\u0022\/sites\/default\/files\/styles\/teaser_standard__l\/public\/aurora\/2026\/04\/525860.jpeg.webp?itok=Bkq5H0Gq 1x\u0022 media=\u0022(min-width: 64.0625em)\u0022 type=\u0022image\/webp\u0022 width=\u0022110\u0022 height=\u0022152\u0022\/\u003E\n                  \u003Csource srcset=\u0022\/sites\/default\/files\/styles\/teaser_standard__m\/public\/aurora\/2026\/04\/525860.jpeg?itok=3xRL7ugi 1x\u0022 media=\u0022(min-width: 48.0625em) and (max-width: 64em)\u0022 type=\u0022image\/jpeg\u0022 width=\u0022174\u0022 height=\u0022242\u0022\/\u003E\n                  \u003Csource srcset=\u0022\/sites\/default\/files\/styles\/teaser_standard__l\/public\/aurora\/2026\/04\/525860.jpeg?itok=36WbnDPi 1x\u0022 media=\u0022(min-width: 64.0625em)\u0022 type=\u0022image\/jpeg\u0022 width=\u0022110\u0022 height=\u0022152\u0022\/\u003E\n                          \u003Cimg loading=\u0022eager\u0022 data-caption-hide width=\u0022287\u0022 height=\u0022398\u0022 data-zoomed=\u0022https:\/\/www.geb-info.de\/sites\/default\/files\/styles\/content__zoomed\/public\/aurora\/2026\/04\/525860.jpeg?itok=9S94Ysfo\u0022 src=\u0022\/sites\/default\/files\/styles\/teaser_standard__s\/public\/aurora\/2026\/04\/525860.jpeg?itok=V11aCl1p\u0022 title=\u0022Moderne Einrichtung mit Holztreppe, wei\u00dfen W\u00e4nden und einem Essbereich mit Tisch und St\u00fchlen. - \u00a9 Bild: GIPS\u0022 \/\u003E\n\n    \u003C\/picture\u003E\n      \u003Cfigcaption class=\u0022image--figcaption\u0022\u003E\n          \u003Cdiv class=\u0022copyright\u0022\u003EBild: GIPS\u003C\/div\u003E\n          \u003C\/figcaption\u003E\n\u003C\/figure\u003E\n\n\n    \u003C\/div\u003E\n    \u003Cdiv class=\u0022teaser-content\u0022\u003E\n                    \u003Cdiv class=\u0022teaser-content--kicker\u0022\u003E\n                    Merkblatt\n        \u003C\/div\u003E\n                                              \n                        \n        \u003Ch4 class=\u0022teaser-content--headline\u0022\u003E\n                                Trockenbau neu \n                              \u003Cspan class=\u0022headline-last-word-arrow\u0022\u003Eaufgelegt                      \u003C\/span\u003E\n        \u003C\/h4\u003E\n            \u003Cdiv class=\u0022teaser-content--publishing-date\u0022\u003E\u003Ctime datetime=\u00222026-04-07T12:09:30Z\u0022\u003E07.04.2026\u003C\/time\u003E\n\u003C\/div\u003E\u003Cspan class=\u0022teaser-content--publishing-date-divider\u0022\u003E - \u003C\/span\u003E\u003Cdiv class=\u0022teaser-content--body\u0022\u003E  \u003Cp\u003EIn der Trockenbaubranche gab es zuletzt bautechnische und normative Neuerungen.\u0026nbsp;Die Industriegruppe Gipsplatten im Bundesverband der Gipsindustrie (IGG) hat darum ihr Merkblatt 3 \u00fcber Fugen und Anschl\u00fcsse im Trockenbau \u00fcberarbeitet. Die neu konzipierte Brosch\u00fcre bietet Unternehmen, Planenden und...\u003C\/p\u003E\n\n\n\u003C\/div\u003E\n                        \u003Cspan class=\u0022read-more-arrow-container\u0022\u003E\n            \u003Cspan class=\u0022read-more-angled-arrow\u0022\u003E \u003C\/span\u003E\n          \u003C\/span\u003E\n                  \u003C\/div\u003E\n    \u003C\/a\u003E\n\u003Ca href=\u0022\/fachwissen\/sanierung-mit-digitalisierung-laserscanning-im-vorbeifahren\u0022  class=\u0022teaser teaser--standard\u0022 aria-label=\u0022Laserscanning im Vorbeifahren\r\u0022\u003E\n      \u003Cdiv class=\u0022teaser-content--image\u0022\u003E\n        \u003Cfigure class=\u0022image--figure\u0022\u003E\n        \u003Cpicture\u003E\n                        \u003Csource srcset=\u0022\/sites\/default\/files\/styles\/teaser_standard__m\/public\/aurora\/2026\/04\/526221.jpeg.webp?itok=7o2CDq9f 1x\u0022 media=\u0022(min-width: 48.0625em) and (max-width: 64em)\u0022 type=\u0022image\/webp\u0022 width=\u0022323\u0022 height=\u0022222\u0022\/\u003E\n                  \u003Csource srcset=\u0022\/sites\/default\/files\/styles\/teaser_standard__l\/public\/aurora\/2026\/04\/526221.jpeg.webp?itok=mA5-7yYE 1x\u0022 media=\u0022(min-width: 64.0625em)\u0022 type=\u0022image\/webp\u0022 width=\u0022203\u0022 height=\u0022140\u0022\/\u003E\n                  \u003Csource srcset=\u0022\/sites\/default\/files\/styles\/teaser_standard__m\/public\/aurora\/2026\/04\/526221.jpeg?itok=_blYEYie 1x\u0022 media=\u0022(min-width: 48.0625em) and (max-width: 64em)\u0022 type=\u0022image\/jpeg\u0022 width=\u0022323\u0022 height=\u0022222\u0022\/\u003E\n                  \u003Csource srcset=\u0022\/sites\/default\/files\/styles\/teaser_standard__l\/public\/aurora\/2026\/04\/526221.jpeg?itok=eYv6LWL2 1x\u0022 media=\u0022(min-width: 64.0625em)\u0022 type=\u0022image\/jpeg\u0022 width=\u0022203\u0022 height=\u0022140\u0022\/\u003E\n                          \u003Cimg alt=\u0022Das Fraunhofer IPM hat ein Messfahrzeug durch die Stra\u00dfen Freiburgs geschickt, um mit einem Lichtsensor Messdaten zur Energieeffizienz der Geb\u00e4ude zu erfassen.\u0022 loading=\u0022eager\u0022 data-caption-hide width=\u0022578\u0022 height=\u0022398\u0022 data-zoomed=\u0022https:\/\/www.geb-info.de\/sites\/default\/files\/styles\/content__zoomed\/public\/aurora\/2026\/04\/526221.jpeg?itok=Xvg9VbiQ\u0022 src=\u0022\/sites\/default\/files\/styles\/teaser_standard__s\/public\/aurora\/2026\/04\/526221.jpeg?itok=jtttsV_n\u0022 title=\u0022\u00a9 Bild: Fraunhofer IPM\u0022 \/\u003E\n\n    \u003C\/picture\u003E\n      \u003Cfigcaption class=\u0022image--figcaption\u0022\u003E\n          \u003Cdiv class=\u0022copyright\u0022\u003EBild: Fraunhofer IPM\u003C\/div\u003E\n          \u003C\/figcaption\u003E\n\u003C\/figure\u003E\n\n\n    \u003C\/div\u003E\n    \u003Cdiv class=\u0022teaser-content\u0022\u003E\n                    \u003Cdiv class=\u0022teaser-content--kicker\u0022\u003E\n                    Sanierung mit Digitalisierung\n        \u003C\/div\u003E\n                                              \n                        \n        \u003Ch4 class=\u0022teaser-content--headline\u0022\u003E\n                                Laserscanning im \n                              \u003Cspan class=\u0022headline-last-word-arrow\u0022\u003EVorbeifahren              \u003Cspan\n                  class=\u0022permission-lock permission-lock-icon--\u0022\u003E\u003C\/span\u003E\n                                  \u003C\/span\u003E\n        \u003C\/h4\u003E\n            \u003Cdiv class=\u0022teaser-content--publishing-date\u0022\u003E\u003Ctime datetime=\u00222026-04-07T12:08:32Z\u0022\u003E07.04.2026\u003C\/time\u003E\n\u003C\/div\u003E\u003Cspan class=\u0022teaser-content--publishing-date-divider\u0022\u003E - \u003C\/span\u003E\u003Cdiv class=\u0022teaser-content--body\u0022\u003E\u003Cp\u003EK\u00fcnstliche Intelligenz leistet einen wichtigen Beitrag zur digitalen Erfassung von Geb\u00e4uden. 3D-Modelle lassen sich automatisiert und in kurzer Zeit erstellen, Start-ups liefern die entsprechenden Systeme. K\u00fcnftig k\u00f6nnte k\u00fcnstliche Intelligenz in Verbindung mit moderner Sensortechnik sogar einen \u00dcberblick \u00fcber den Sanierungsbedarf ganzer St\u00e4dte geben, wie ein Forschungsprojekt zeigt.\u2003Markus Strehlitz\u003C\/p\u003E\n\u003C\/div\u003E\n                        \u003Cspan class=\u0022read-more-arrow-container\u0022\u003E\n            \u003Cspan class=\u0022read-more-angled-arrow\u0022\u003E \u003C\/span\u003E\n          \u003C\/span\u003E\n                  \u003C\/div\u003E\n    \u003C\/a\u003E\n\u003Ca href=\u0022\/fachwissen\/podcast-gebaeudewende-weniger-baustandards-weniger-kosten\u0022  class=\u0022teaser teaser--standard\u0022 aria-label=\u0022Weniger Baustandards \u2013\u00a0weniger Kosten\r\u0022\u003E\n      \u003Cdiv class=\u0022teaser-content--image\u0022\u003E\n        \u003Cfigure class=\u0022image--figure\u0022\u003E\n        \u003Cpicture\u003E\n                        \u003Csource srcset=\u0022\/sites\/default\/files\/styles\/teaser_standard__m\/public\/aurora\/2026\/03\/526207.jpeg.webp?itok=ABT6MyA1 1x\u0022 media=\u0022(min-width: 48.0625em) and (max-width: 64em)\u0022 type=\u0022image\/webp\u0022 width=\u0022196\u0022 height=\u0022242\u0022\/\u003E\n                  \u003Csource srcset=\u0022\/sites\/default\/files\/styles\/teaser_standard__l\/public\/aurora\/2026\/03\/526207.jpeg.webp?itok=X3N8qzDE 1x\u0022 media=\u0022(min-width: 64.0625em)\u0022 type=\u0022image\/webp\u0022 width=\u0022123\u0022 height=\u0022152\u0022\/\u003E\n                  \u003Csource srcset=\u0022\/sites\/default\/files\/styles\/teaser_standard__m\/public\/aurora\/2026\/03\/526207.jpeg?itok=ogz6B1TR 1x\u0022 media=\u0022(min-width: 48.0625em) and (max-width: 64em)\u0022 type=\u0022image\/jpeg\u0022 width=\u0022196\u0022 height=\u0022242\u0022\/\u003E\n                  \u003Csource srcset=\u0022\/sites\/default\/files\/styles\/teaser_standard__l\/public\/aurora\/2026\/03\/526207.jpeg?itok=_ODR1Rke 1x\u0022 media=\u0022(min-width: 64.0625em)\u0022 type=\u0022image\/jpeg\u0022 width=\u0022123\u0022 height=\u0022152\u0022\/\u003E\n                          \u003Cimg alt=\u0022Marc Steffen\u0022 loading=\u0022eager\u0022 data-caption-hide width=\u0022322\u0022 height=\u0022398\u0022 data-zoomed=\u0022https:\/\/www.geb-info.de\/sites\/default\/files\/styles\/content__zoomed\/public\/aurora\/2026\/03\/526207.jpeg?itok=aCnxC_qy\u0022 src=\u0022\/sites\/default\/files\/styles\/teaser_standard__s\/public\/aurora\/2026\/03\/526207.jpeg?itok=xVVp-PsP\u0022 title=\u0022\u00a9 Bild: Leinemann Partner Rechtsanw\u00e4lte\u0022 \/\u003E\n\n    \u003C\/picture\u003E\n      \u003Cfigcaption class=\u0022image--figcaption\u0022\u003E\n          \u003Cdiv class=\u0022copyright\u0022\u003EBild: Leinemann Partner Rechtsanw\u00e4lte\u003C\/div\u003E\n          \u003C\/figcaption\u003E\n\u003C\/figure\u003E\n\n\n    \u003C\/div\u003E\n    \u003Cdiv class=\u0022teaser-content\u0022\u003E\n                    \u003Cdiv class=\u0022teaser-content--kicker\u0022\u003E\n                    Podcast Geb\u00e4udewende\n        \u003C\/div\u003E\n                                              \n                        \n        \u003Ch4 class=\u0022teaser-content--headline\u0022\u003E\n                                Weniger Baustandards \u2013\u00a0weniger \n                              \u003Cspan class=\u0022headline-last-word-arrow\u0022\u003EKosten              \u003Cspan\n                  class=\u0022permission-lock permission-lock-icon--\u0022\u003E\u003C\/span\u003E\n                                  \u003C\/span\u003E\n        \u003C\/h4\u003E\n            \u003Cdiv class=\u0022teaser-content--publishing-date\u0022\u003E\u003Ctime datetime=\u00222026-04-07T12:08:31Z\u0022\u003E07.04.2026\u003C\/time\u003E\n\u003C\/div\u003E\u003Cspan class=\u0022teaser-content--publishing-date-divider\u0022\u003E - \u003C\/span\u003E\u003Cdiv class=\u0022teaser-content--body\u0022\u003E\u003Cp\u003EDie allgemein anerkannten Regeln der Technik sind eines der gr\u00f6\u00dften Hemmnisse, um kosteng\u00fcnstiger bauen zu k\u00f6nnen, sagt der Jurist Marc Steffen. Im Podcast Geb\u00e4udewende erkl\u00e4rt er au\u00dferdem, weshalb es sich beim Bauturbo und Geb\u00e4udetyp E zwar um sinnvolle politische Initiativen handelt, diese aber nur\u0026nbsp;wenig zur Linderung der Baukrise beitragen. \u2003Markus Strehlitz\u003C\/p\u003E\n\u003C\/div\u003E\n                        \u003Cspan class=\u0022read-more-arrow-container\u0022\u003E\n            \u003Cspan class=\u0022read-more-angled-arrow\u0022\u003E \u003C\/span\u003E\n          \u003C\/span\u003E\n                  \u003C\/div\u003E\n    \u003C\/a\u003E\n\u003Ca href=\u0022\/bautechnik\/projekt-badwiesen-2030-genossenschaftsquartier-energieautark-saniert\u0022  class=\u0022teaser teaser--standard\u0022 aria-label=\u0022Projekt Badwiesen 2030: Genossenschaftsquartier energieautark saniert\u0022\u003E\n      \u003Cdiv class=\u0022teaser-content--image\u0022\u003E\n        \u003Cfigure class=\u0022image--figure\u0022\u003E\n        \u003Cpicture\u003E\n                        \u003Csource srcset=\u0022\/sites\/default\/files\/styles\/teaser_standard__m\/public\/aurora\/2026\/03\/523831.jpeg.webp?itok=lgdIpAms 1x\u0022 media=\u0022(min-width: 48.0625em) and (max-width: 64em)\u0022 type=\u0022image\/webp\u0022 width=\u0022323\u0022 height=\u0022215\u0022\/\u003E\n                  \u003Csource srcset=\u0022\/sites\/default\/files\/styles\/teaser_standard__l\/public\/aurora\/2026\/03\/523831.jpeg.webp?itok=ek3zKYtw 1x\u0022 media=\u0022(min-width: 64.0625em)\u0022 type=\u0022image\/webp\u0022 width=\u0022203\u0022 height=\u0022135\u0022\/\u003E\n                  \u003Csource srcset=\u0022\/sites\/default\/files\/styles\/teaser_standard__m\/public\/aurora\/2026\/03\/523831.jpeg?itok=odC1s_LS 1x\u0022 media=\u0022(min-width: 48.0625em) and (max-width: 64em)\u0022 type=\u0022image\/jpeg\u0022 width=\u0022323\u0022 height=\u0022215\u0022\/\u003E\n                  \u003Csource srcset=\u0022\/sites\/default\/files\/styles\/teaser_standard__l\/public\/aurora\/2026\/03\/523831.jpeg?itok=SfUZqqfK 1x\u0022 media=\u0022(min-width: 64.0625em)\u0022 type=\u0022image\/jpeg\u0022 width=\u0022203\u0022 height=\u0022135\u0022\/\u003E\n                          \u003Cimg alt=\u0022In Kirchheim-Plochingen entsteht durch serielle Sanierung und moderne Nachverdichtung ein nachhaltiges, energieautarkes Genossenschaftsquartier.\u0022 loading=\u0022eager\u0022 data-caption-hide width=\u0022597\u0022 height=\u0022398\u0022 data-zoomed=\u0022https:\/\/www.geb-info.de\/sites\/default\/files\/styles\/content__zoomed\/public\/aurora\/2026\/03\/523831.jpeg?itok=ISGOzDHu\u0022 src=\u0022\/sites\/default\/files\/styles\/teaser_standard__s\/public\/aurora\/2026\/03\/523831.jpeg?itok=cLEST0kr\u0022 title=\u0022\u00a9 Claudius Pflug\u0022 \/\u003E\n\n    \u003C\/picture\u003E\n      \u003Cfigcaption class=\u0022image--figcaption\u0022\u003E\n          \u003Cdiv class=\u0022copyright\u0022\u003EClaudius Pflug\u003C\/div\u003E\n          \u003C\/figcaption\u003E\n\u003C\/figure\u003E\n\n\n    \u003C\/div\u003E\n    \u003Cdiv class=\u0022teaser-content\u0022\u003E\n                    \u003Cdiv class=\u0022teaser-content--kicker\u0022\u003E\n                    \n        \u003C\/div\u003E\n                                              \n                        \n        \u003Ch4 class=\u0022teaser-content--headline\u0022\u003E\n                                Projekt Badwiesen 2030: Genossenschaftsquartier energieautark \n                              \u003Cspan class=\u0022headline-last-word-arrow\u0022\u003Esaniert                      \u003C\/span\u003E\n        \u003C\/h4\u003E\n            \u003Cdiv class=\u0022teaser-content--publishing-date\u0022\u003E\u003Ctime datetime=\u00222026-03-22T05:00:04Z\u0022\u003E22.03.2026\u003C\/time\u003E\n\u003C\/div\u003E\u003Cspan class=\u0022teaser-content--publishing-date-divider\u0022\u003E - \u003C\/span\u003E\u003Cdiv class=\u0022teaser-content--body\u0022\u003E\u003Cp\u003EDie Kreisbaugenossenschaft Kirchheim-Plochingen saniert acht Mehrfamilienh\u00e4user seriell und entwickelt sie zu einem nachhaltigen Quartier weiter. Die Nahverdichtung soll 60 Prozent mehr Wohnraum schaffen. Wie das Projekt fl\u00e4chenschonend und zugleich energieautark funktioniert, zeigt dieser Beitrag.\u003C\/p\u003E\n\u003C\/div\u003E\n                        \u003Cspan class=\u0022read-more-arrow-container\u0022\u003E\n            \u003Cspan class=\u0022read-more-angled-arrow\u0022\u003E \u003C\/span\u003E\n          \u003C\/span\u003E\n                  \u003C\/div\u003E\n    \u003C\/a\u003E\n\u003Ca href=\u0022\/service\/handbuch-mit-kalksandstein-nachhaltig-bauen\u0022  class=\u0022teaser teaser--standard\u0022 aria-label=\u0022Mit Kalksandstein \u00adnachhaltig bauen\r\u0022\u003E\n      \u003Cdiv class=\u0022teaser-content--image\u0022\u003E\n        \u003Cfigure class=\u0022image--figure\u0022\u003E\n        \u003Cpicture\u003E\n                        \u003Csource srcset=\u0022\/sites\/default\/files\/styles\/teaser_standard__m\/public\/aurora\/2026\/02\/517097.jpeg.webp?itok=SEgFHYv7 1x\u0022 media=\u0022(min-width: 48.0625em) and (max-width: 64em)\u0022 type=\u0022image\/webp\u0022 width=\u0022323\u0022 height=\u0022186\u0022\/\u003E\n                  \u003Csource srcset=\u0022\/sites\/default\/files\/styles\/teaser_standard__l\/public\/aurora\/2026\/02\/517097.jpeg.webp?itok=bg0bZ8_G 1x\u0022 media=\u0022(min-width: 64.0625em)\u0022 type=\u0022image\/webp\u0022 width=\u0022203\u0022 height=\u0022117\u0022\/\u003E\n                  \u003Csource srcset=\u0022\/sites\/default\/files\/styles\/teaser_standard__m\/public\/aurora\/2026\/02\/517097.jpeg?itok=Qfw5M5RQ 1x\u0022 media=\u0022(min-width: 48.0625em) and (max-width: 64em)\u0022 type=\u0022image\/jpeg\u0022 width=\u0022323\u0022 height=\u0022186\u0022\/\u003E\n                  \u003Csource srcset=\u0022\/sites\/default\/files\/styles\/teaser_standard__l\/public\/aurora\/2026\/02\/517097.jpeg?itok=Cfk1K4Qs 1x\u0022 media=\u0022(min-width: 64.0625em)\u0022 type=\u0022image\/jpeg\u0022 width=\u0022203\u0022 height=\u0022117\u0022\/\u003E\n                          \u003Cimg loading=\u0022eager\u0022 data-caption-hide width=\u0022689\u0022 height=\u0022398\u0022 data-zoomed=\u0022https:\/\/www.geb-info.de\/sites\/default\/files\/styles\/content__zoomed\/public\/aurora\/2026\/02\/517097.jpeg?itok=zNf4yxDh\u0022 src=\u0022\/sites\/default\/files\/styles\/teaser_standard__s\/public\/aurora\/2026\/02\/517097.jpeg?itok=NgqqtXB6\u0022 title=\u0022Ein gro\u00dfes im Bau befindliches Geb\u00e4ude mit Ger\u00fcsten, einem kleinen Bagger und Baumaterialien vor Ort. - \u00a9 Bild: Bundesverband Kalksandsteinindustrie\u0022 \/\u003E\n\n    \u003C\/picture\u003E\n      \u003Cfigcaption class=\u0022image--figcaption\u0022\u003E\n          \u003Cdiv class=\u0022copyright\u0022\u003EBild: Bundesverband Kalksandsteinindustrie\u003C\/div\u003E\n          \u003C\/figcaption\u003E\n\u003C\/figure\u003E\n\n\n    \u003C\/div\u003E\n    \u003Cdiv class=\u0022teaser-content\u0022\u003E\n                    \u003Cdiv class=\u0022teaser-content--kicker\u0022\u003E\n                    Handbuch\n        \u003C\/div\u003E\n                                              \n                        \n        \u003Ch4 class=\u0022teaser-content--headline\u0022\u003E\n                                Mit Kalksandstein \u00adnachhaltig \n                              \u003Cspan class=\u0022headline-last-word-arrow\u0022\u003Ebauen                      \u003C\/span\u003E\n        \u003C\/h4\u003E\n            \u003Cdiv class=\u0022teaser-content--publishing-date\u0022\u003E\u003Ctime datetime=\u00222026-03-03T14:26:15Z\u0022\u003E03.03.2026\u003C\/time\u003E\n\u003C\/div\u003E\u003Cspan class=\u0022teaser-content--publishing-date-divider\u0022\u003E - \u003C\/span\u003E\u003Cdiv class=\u0022teaser-content--body\u0022\u003E  \u003Cp\u003EDer Bundesverband Kalksandsteinindustrie hat die 8. Auflage des Kalksandstein Planungshandbuchs grundlegend \u00fcberarbeitet. So hat er den Inhalt an aktuelle Normen wie Eurocode 6 angepasst und es um zwei neue Kapitel zu nachhaltigem Bauen und Klimaschutz erweitert. Themen wie \u00d6kobilanzierung...\u003C\/p\u003E\n\n\n\u003C\/div\u003E\n                        \u003Cspan class=\u0022read-more-arrow-container\u0022\u003E\n            \u003Cspan class=\u0022read-more-angled-arrow\u0022\u003E \u003C\/span\u003E\n          \u003C\/span\u003E\n                  \u003C\/div\u003E\n    \u003C\/a\u003E\n\u003Ca href=\u0022\/service\/datenbank-kooperation-foerdert-nachhaltiges-bauen\u0022  class=\u0022teaser teaser--standard\u0022 aria-label=\u0022Kooperation f\u00f6rdert nachhaltiges Bauen\r\u0022\u003E\n      \u003Cdiv class=\u0022teaser-content--image\u0022\u003E\n        \u003Cfigure class=\u0022image--figure\u0022\u003E\n        \u003Cpicture\u003E\n                        \u003Csource srcset=\u0022\/sites\/default\/files\/styles\/teaser_standard__m\/public\/aurora\/2026\/02\/517101.jpeg.webp?itok=Hbp6GIqx 1x\u0022 media=\u0022(min-width: 48.0625em) and (max-width: 64em)\u0022 type=\u0022image\/webp\u0022 width=\u0022323\u0022 height=\u0022191\u0022\/\u003E\n                  \u003Csource srcset=\u0022\/sites\/default\/files\/styles\/teaser_standard__l\/public\/aurora\/2026\/02\/517101.jpeg.webp?itok=5sfQ_PAl 1x\u0022 media=\u0022(min-width: 64.0625em)\u0022 type=\u0022image\/webp\u0022 width=\u0022203\u0022 height=\u0022120\u0022\/\u003E\n                  \u003Csource srcset=\u0022\/sites\/default\/files\/styles\/teaser_standard__m\/public\/aurora\/2026\/02\/517101.jpeg?itok=LgMzuTZ_ 1x\u0022 media=\u0022(min-width: 48.0625em) and (max-width: 64em)\u0022 type=\u0022image\/jpeg\u0022 width=\u0022323\u0022 height=\u0022191\u0022\/\u003E\n                  \u003Csource srcset=\u0022\/sites\/default\/files\/styles\/teaser_standard__l\/public\/aurora\/2026\/02\/517101.jpeg?itok=b6hQS7Ni 1x\u0022 media=\u0022(min-width: 64.0625em)\u0022 type=\u0022image\/jpeg\u0022 width=\u0022203\u0022 height=\u0022120\u0022\/\u003E\n                          \u003Cimg loading=\u0022eager\u0022 data-caption-hide width=\u0022675\u0022 height=\u0022398\u0022 data-zoomed=\u0022https:\/\/www.geb-info.de\/sites\/default\/files\/styles\/content__zoomed\/public\/aurora\/2026\/02\/517101.jpeg?itok=HthaBFL3\u0022 src=\u0022\/sites\/default\/files\/styles\/teaser_standard__s\/public\/aurora\/2026\/02\/517101.jpeg?itok=1yqgswzk\u0022 title=\u0022Zwei Computermonitore vor gro\u00dfen Zahnr\u00e4dern, auf denen jeweils verschiedene Firmenlogos und -namen zu sehen sind. - \u00a9 Bild: ORCA Software\u0022 \/\u003E\n\n    \u003C\/picture\u003E\n      \u003Cfigcaption class=\u0022image--figcaption\u0022\u003E\n          \u003Cdiv class=\u0022copyright\u0022\u003EBild: ORCA Software\u003C\/div\u003E\n          \u003C\/figcaption\u003E\n\u003C\/figure\u003E\n\n\n    \u003C\/div\u003E\n    \u003Cdiv class=\u0022teaser-content\u0022\u003E\n                    \u003Cdiv class=\u0022teaser-content--kicker\u0022\u003E\n                    Datenbank\n        \u003C\/div\u003E\n                                              \n                        \n        \u003Ch4 class=\u0022teaser-content--headline\u0022\u003E\n                                Kooperation f\u00f6rdert nachhaltiges \n                              \u003Cspan class=\u0022headline-last-word-arrow\u0022\u003EBauen                      \u003C\/span\u003E\n        \u003C\/h4\u003E\n            \u003Cdiv class=\u0022teaser-content--publishing-date\u0022\u003E\u003Ctime datetime=\u00222026-03-03T14:26:13Z\u0022\u003E03.03.2026\u003C\/time\u003E\n\u003C\/div\u003E\u003Cspan class=\u0022teaser-content--publishing-date-divider\u0022\u003E - \u003C\/span\u003E\u003Cdiv class=\u0022teaser-content--body\u0022\u003E  \u003Cp\u003EDas Sentinel Holding Institut (SHI) und die Plattform Ausschreiben.de haben eine Kooperation geschlossen, um nachhaltige und emissionsgepr\u00fcfte Bauprodukte im Planungs- und Ausschreibungsprozess sichtbar zu machen. Im Rahmen der Zusammenarbeit werden Bauprodukte mit einem SHI-Produktpass auf...\u003C\/p\u003E\n\n\n\u003C\/div\u003E\n                        \u003Cspan class=\u0022read-more-arrow-container\u0022\u003E\n            \u003Cspan class=\u0022read-more-angled-arrow\u0022\u003E \u003C\/span\u003E\n          \u003C\/span\u003E\n                  \u003C\/div\u003E\n    \u003C\/a\u003E\n\u003Ca href=\u0022\/schwerpunkt\/oekobilanz-von-glas-und-rahmen-das-fenster-und-sein-fussabdruck\u0022  class=\u0022teaser teaser--standard\u0022 aria-label=\u0022Das Fenster und sein Fu\u00dfabdruck\r\u0022\u003E\n      \u003Cdiv class=\u0022teaser-content--image\u0022\u003E\n        \u003Cfigure class=\u0022image--figure\u0022\u003E\n        \u003Cpicture\u003E\n                        \u003Csource srcset=\u0022\/sites\/default\/files\/styles\/teaser_standard__m\/public\/aurora\/2026\/03\/516923.jpeg.webp?itok=vAxjhOt8 1x\u0022 media=\u0022(min-width: 48.0625em) and (max-width: 64em)\u0022 type=\u0022image\/webp\u0022 width=\u0022279\u0022 height=\u0022242\u0022\/\u003E\n                  \u003Csource srcset=\u0022\/sites\/default\/files\/styles\/teaser_standard__l\/public\/aurora\/2026\/03\/516923.jpeg.webp?itok=QyuqAdVK 1x\u0022 media=\u0022(min-width: 64.0625em)\u0022 type=\u0022image\/webp\u0022 width=\u0022176\u0022 height=\u0022152\u0022\/\u003E\n                  \u003Csource srcset=\u0022\/sites\/default\/files\/styles\/teaser_standard__m\/public\/aurora\/2026\/03\/516923.jpeg?itok=Za8QcTJ7 1x\u0022 media=\u0022(min-width: 48.0625em) and (max-width: 64em)\u0022 type=\u0022image\/jpeg\u0022 width=\u0022279\u0022 height=\u0022242\u0022\/\u003E\n                  \u003Csource srcset=\u0022\/sites\/default\/files\/styles\/teaser_standard__l\/public\/aurora\/2026\/03\/516923.jpeg?itok=o4QE00G7 1x\u0022 media=\u0022(min-width: 64.0625em)\u0022 type=\u0022image\/jpeg\u0022 width=\u0022176\u0022 height=\u0022152\u0022\/\u003E\n                          \u003Cimg alt=\u00221 \u2002Mit dem Sanierungsblendrahmen Sch\u00fcco AWS 75.SI+ Reno aus Aluminium lassen sich Alt-Fenster aus Aluminium, Holz oder Kunststoff mit funktionsf\u00e4higem Wandanschluss modernisieren.\ufeff\u0022 loading=\u0022eager\u0022 data-caption-hide width=\u0022460\u0022 height=\u0022398\u0022 data-zoomed=\u0022https:\/\/www.geb-info.de\/sites\/default\/files\/styles\/content__zoomed\/public\/aurora\/2026\/03\/516923.jpeg?itok=ghUs1Twd\u0022 src=\u0022\/sites\/default\/files\/styles\/teaser_standard__s\/public\/aurora\/2026\/03\/516923.jpeg?itok=sA6pPos-\u0022 title=\u0022\u00a9 Bild: Sch\u00fcco\u0022 \/\u003E\n\n    \u003C\/picture\u003E\n      \u003Cfigcaption class=\u0022image--figcaption\u0022\u003E\n          \u003Cdiv class=\u0022copyright\u0022\u003EBild: Sch\u00fcco\u003C\/div\u003E\n          \u003C\/figcaption\u003E\n\u003C\/figure\u003E\n\n\n    \u003C\/div\u003E\n    \u003Cdiv class=\u0022teaser-content\u0022\u003E\n                    \u003Cdiv class=\u0022teaser-content--kicker\u0022\u003E\n                    \u00d6kobilanz von Glas und Rahmen\n        \u003C\/div\u003E\n                                              \n                        \n        \u003Ch4 class=\u0022teaser-content--headline\u0022\u003E\n                                Das Fenster und sein \n                              \u003Cspan class=\u0022headline-last-word-arrow\u0022\u003EFu\u00dfabdruck              \u003Cspan\n                  class=\u0022permission-lock permission-lock-icon--\u0022\u003E\u003C\/span\u003E\n                                  \u003C\/span\u003E\n        \u003C\/h4\u003E\n            \u003Cdiv class=\u0022teaser-content--publishing-date\u0022\u003E\u003Ctime datetime=\u00222026-03-03T14:26:01Z\u0022\u003E03.03.2026\u003C\/time\u003E\n\u003C\/div\u003E\u003Cspan class=\u0022teaser-content--publishing-date-divider\u0022\u003E - \u003C\/span\u003E\u003Cdiv class=\u0022teaser-content--body\u0022\u003E\u003Cp\u003EFenster k\u00f6nnen f\u00fcr Energieverluste im Geb\u00e4ude sorgen oder f\u00fcr Energiegewinne \u2013 manchmal zu viel von beidem. Bei einer Lebenszyklusbetrachtung eines Bau- oder Umbauprojektes m\u00fcssen ebenso Energieaufwand und Treibhausgasemissionen bei der Herstellung mitbedacht werden, genauso wie ihre Kreislauff\u00e4higkeit. Das geht bis hin zur Frage, ob im Bestand letztlich Austausch oder Erneuerung zielf\u00fchrend sind.\u2003Alexander Borchert\u003C\/p\u003E\n\u003C\/div\u003E\n                        \u003Cspan class=\u0022read-more-arrow-container\u0022\u003E\n            \u003Cspan class=\u0022read-more-angled-arrow\u0022\u003E \u003C\/span\u003E\n          \u003C\/span\u003E\n                  \u003C\/div\u003E\n    \u003C\/a\u003E\n\u003Ca href=\u0022\/produkte\/sfs-neues-winkelsystem-gibt-es-mit-baustellenservice\u0022  class=\u0022teaser teaser--standard\u0022 aria-label=\u0022Neues Winkelsystem gibt es mit Baustellenservice\r\u0022\u003E\n      \u003Cdiv class=\u0022teaser-content--image\u0022\u003E\n        \u003Cfigure class=\u0022image--figure\u0022\u003E\n        \u003Cpicture\u003E\n                        \u003Csource srcset=\u0022\/sites\/default\/files\/styles\/teaser_standard__m\/public\/aurora\/2026\/02\/517049.jpeg.webp?itok=IQBVgHg9 1x\u0022 media=\u0022(min-width: 48.0625em) and (max-width: 64em)\u0022 type=\u0022image\/webp\u0022 width=\u0022320\u0022 height=\u0022242\u0022\/\u003E\n                  \u003Csource srcset=\u0022\/sites\/default\/files\/styles\/teaser_standard__l\/public\/aurora\/2026\/02\/517049.jpeg.webp?itok=WP35vlCu 1x\u0022 media=\u0022(min-width: 64.0625em)\u0022 type=\u0022image\/webp\u0022 width=\u0022201\u0022 height=\u0022152\u0022\/\u003E\n                  \u003Csource srcset=\u0022\/sites\/default\/files\/styles\/teaser_standard__m\/public\/aurora\/2026\/02\/517049.jpeg?itok=TCU6ayJU 1x\u0022 media=\u0022(min-width: 48.0625em) and (max-width: 64em)\u0022 type=\u0022image\/jpeg\u0022 width=\u0022320\u0022 height=\u0022242\u0022\/\u003E\n                  \u003Csource srcset=\u0022\/sites\/default\/files\/styles\/teaser_standard__l\/public\/aurora\/2026\/02\/517049.jpeg?itok=WdLlkjX4 1x\u0022 media=\u0022(min-width: 64.0625em)\u0022 type=\u0022image\/jpeg\u0022 width=\u0022201\u0022 height=\u0022152\u0022\/\u003E\n                          \u003Cimg alt=\u0022Der Direktbefestiger FB 11,5 deckt ein breites Spektrum an Untergr\u00fcnden ab und erm\u00f6glicht eine zuverl\u00e4ssige Lastabtragung auch bei breiten Montagefugen.\u0022 loading=\u0022eager\u0022 data-caption-hide width=\u0022526\u0022 height=\u0022398\u0022 data-zoomed=\u0022https:\/\/www.geb-info.de\/sites\/default\/files\/styles\/content__zoomed\/public\/aurora\/2026\/02\/517049.jpeg?itok=sGcu_os3\u0022 src=\u0022\/sites\/default\/files\/styles\/teaser_standard__s\/public\/aurora\/2026\/02\/517049.jpeg?itok=nawG153A\u0022 title=\u0022\u00a9 Bild: SFS\u0022 \/\u003E\n\n    \u003C\/picture\u003E\n      \u003Cfigcaption class=\u0022image--figcaption\u0022\u003E\n          \u003Cdiv class=\u0022copyright\u0022\u003EBild: SFS\u003C\/div\u003E\n          \u003C\/figcaption\u003E\n\u003C\/figure\u003E\n\n\n    \u003C\/div\u003E\n    \u003Cdiv class=\u0022teaser-content\u0022\u003E\n                    \u003Cdiv class=\u0022teaser-content--kicker\u0022\u003E\n                    SFS\u2002\n        \u003C\/div\u003E\n                                              \n                        \n        \u003Ch4 class=\u0022teaser-content--headline\u0022\u003E\n                                Neues Winkelsystem gibt es mit \n                              \u003Cspan class=\u0022headline-last-word-arrow\u0022\u003EBaustellenservice                      \u003C\/span\u003E\n        \u003C\/h4\u003E\n            \u003Cdiv class=\u0022teaser-content--publishing-date\u0022\u003E\u003Ctime datetime=\u00222026-03-03T14:25:41Z\u0022\u003E03.03.2026\u003C\/time\u003E\n\u003C\/div\u003E\u003Cspan class=\u0022teaser-content--publishing-date-divider\u0022\u003E - \u003C\/span\u003E\u003Cdiv class=\u0022teaser-content--body\u0022\u003E  \u003Cp\u003ESFS zeigt das weiterentwickelte Winkelsystem JB-W\/XL. Dieses erm\u00f6glicht eine sichere Vorwandmontage, auch bei absturzsichernden Anforderungen. Es ist f\u00fcr hohe Tragf\u00e4higkeiten und gro\u00dfe Auskragungen ausgelegt, was den unterschiedlichen baurechtlichen Anforderungen gerecht wird. Erg\u00e4nzend pr\u00e4sentiert...\u003C\/p\u003E\n\n\n\u003C\/div\u003E\n                        \u003Cspan class=\u0022read-more-arrow-container\u0022\u003E\n            \u003Cspan class=\u0022read-more-angled-arrow\u0022\u003E \u003C\/span\u003E\n          \u003C\/span\u003E\n                  \u003C\/div\u003E\n    \u003C\/a\u003E\n\u003Ca href=\u0022\/produkte\/koemmerling-abstandshalter-nutzt-thin-triple-glas-konzept\u0022  class=\u0022teaser teaser--standard\u0022 aria-label=\u0022Abstandshalter nutzt\u00a0Thin-Triple-Glas-Konzept\r\u0022\u003E\n      \u003Cdiv class=\u0022teaser-content--image\u0022\u003E\n        \u003Cfigure class=\u0022image--figure\u0022\u003E\n        \u003Cpicture\u003E\n                        \u003Csource srcset=\u0022\/sites\/default\/files\/styles\/teaser_standard__m\/public\/aurora\/2026\/02\/517051.jpeg.webp?itok=v8okfkIu 1x\u0022 media=\u0022(min-width: 48.0625em) and (max-width: 64em)\u0022 type=\u0022image\/webp\u0022 width=\u0022323\u0022 height=\u0022198\u0022\/\u003E\n                  \u003Csource srcset=\u0022\/sites\/default\/files\/styles\/teaser_standard__l\/public\/aurora\/2026\/02\/517051.jpeg.webp?itok=UjzD0LGN 1x\u0022 media=\u0022(min-width: 64.0625em)\u0022 type=\u0022image\/webp\u0022 width=\u0022203\u0022 height=\u0022125\u0022\/\u003E\n                  \u003Csource srcset=\u0022\/sites\/default\/files\/styles\/teaser_standard__m\/public\/aurora\/2026\/02\/517051.jpeg?itok=3BUcQbzY 1x\u0022 media=\u0022(min-width: 48.0625em) and (max-width: 64em)\u0022 type=\u0022image\/jpeg\u0022 width=\u0022323\u0022 height=\u0022198\u0022\/\u003E\n                  \u003Csource srcset=\u0022\/sites\/default\/files\/styles\/teaser_standard__l\/public\/aurora\/2026\/02\/517051.jpeg?itok=7a-9wV6Z 1x\u0022 media=\u0022(min-width: 64.0625em)\u0022 type=\u0022image\/jpeg\u0022 width=\u0022203\u0022 height=\u0022125\u0022\/\u003E\n                          \u003Cimg alt=\u0022Der reaktive TPS\u2011Abstandhalter K\u00f6dispace 4SG ersetzt vollautomatisch Abstandhalter, Trockenmittel und Prim\u00e4rversiegelung herk\u00f6mmlicher Systeme durch nur einen Dichtstoff.\u0022 loading=\u0022eager\u0022 data-caption-hide width=\u0022649\u0022 height=\u0022398\u0022 data-zoomed=\u0022https:\/\/www.geb-info.de\/sites\/default\/files\/styles\/content__zoomed\/public\/aurora\/2026\/02\/517051.jpeg?itok=Nw7zFm7U\u0022 src=\u0022\/sites\/default\/files\/styles\/teaser_standard__s\/public\/aurora\/2026\/02\/517051.jpeg?itok=LJD91QfO\u0022 title=\u0022\u00a9 Bild: K\u00f6mmerling\u0022 \/\u003E\n\n    \u003C\/picture\u003E\n      \u003Cfigcaption class=\u0022image--figcaption\u0022\u003E\n          \u003Cdiv class=\u0022copyright\u0022\u003EBild: K\u00f6mmerling\u003C\/div\u003E\n          \u003C\/figcaption\u003E\n\u003C\/figure\u003E\n\n\n    \u003C\/div\u003E\n    \u003Cdiv class=\u0022teaser-content\u0022\u003E\n                    \u003Cdiv class=\u0022teaser-content--kicker\u0022\u003E\n                    K\u00f6mmerling\n        \u003C\/div\u003E\n                                              \n                        \n        \u003Ch4 class=\u0022teaser-content--headline\u0022\u003E\n                                Abstandshalter \n                              \u003Cspan class=\u0022headline-last-word-arrow\u0022\u003Enutzt\u00a0Thin-Triple-Glas-Konzept                      \u003C\/span\u003E\n        \u003C\/h4\u003E\n            \u003Cdiv class=\u0022teaser-content--publishing-date\u0022\u003E\u003Ctime datetime=\u00222026-03-03T14:25:39Z\u0022\u003E03.03.2026\u003C\/time\u003E\n\u003C\/div\u003E\u003Cspan class=\u0022teaser-content--publishing-date-divider\u0022\u003E - \u003C\/span\u003E\u003Cdiv class=\u0022teaser-content--body\u0022\u003E  \u003Cp\u003EDer reaktive thermoplastische Abstandhalter K\u00f6dispace 4SG von K\u00f6mmerling gew\u00e4hrleistet durch eine chemische Verbindung mit Glas und Sekund\u00e4rdichtstoff einen dauerhaft gasdichten und stabilen Randverbund. Diese Technologie steigert die Energieeffizienz, Langlebigkeit und Funktionssicherheit von...\u003C\/p\u003E\n\n\n\u003C\/div\u003E\n                        \u003Cspan class=\u0022read-more-arrow-container\u0022\u003E\n            \u003Cspan class=\u0022read-more-angled-arrow\u0022\u003E \u003C\/span\u003E\n          \u003C\/span\u003E\n                  \u003C\/div\u003E\n    \u003C\/a\u003E\n\u003Ca href=\u0022\/expertenwissen\/hohe-standards-machen-das-bauen-teuer\u0022  class=\u0022teaser teaser--standard\u0022 aria-label=\u0022Hohe Standards machen das Bauen teuer\u0022\u003E\n      \u003Cdiv class=\u0022teaser-content--image\u0022\u003E\n        \u003Cfigure class=\u0022image--figure\u0022\u003E\n        \u003Cpicture\u003E\n                        \u003Csource srcset=\u0022\/sites\/default\/files\/styles\/teaser_standard__m\/public\/aurora\/2026\/02\/515504.jpeg.webp?itok=d1CimTOu 1x\u0022 media=\u0022(min-width: 48.0625em) and (max-width: 64em)\u0022 type=\u0022image\/webp\u0022 width=\u0022323\u0022 height=\u0022210\u0022\/\u003E\n                  \u003Csource srcset=\u0022\/sites\/default\/files\/styles\/teaser_standard__l\/public\/aurora\/2026\/02\/515504.jpeg.webp?itok=wIvNoZoP 1x\u0022 media=\u0022(min-width: 64.0625em)\u0022 type=\u0022image\/webp\u0022 width=\u0022203\u0022 height=\u0022132\u0022\/\u003E\n                  \u003Csource srcset=\u0022\/sites\/default\/files\/styles\/teaser_standard__m\/public\/aurora\/2026\/02\/515504.jpeg?itok=Huh0UuaM 1x\u0022 media=\u0022(min-width: 48.0625em) and (max-width: 64em)\u0022 type=\u0022image\/jpeg\u0022 width=\u0022323\u0022 height=\u0022210\u0022\/\u003E\n                  \u003Csource srcset=\u0022\/sites\/default\/files\/styles\/teaser_standard__l\/public\/aurora\/2026\/02\/515504.jpeg?itok=3jDgMZTb 1x\u0022 media=\u0022(min-width: 64.0625em)\u0022 type=\u0022image\/jpeg\u0022 width=\u0022203\u0022 height=\u0022132\u0022\/\u003E\n                          \u003Cimg loading=\u0022eager\u0022 data-caption-hide width=\u0022611\u0022 height=\u0022398\u0022 data-zoomed=\u0022https:\/\/www.geb-info.de\/sites\/default\/files\/styles\/content__zoomed\/public\/aurora\/2026\/02\/515504.jpeg?itok=A2zvqQhq\u0022 src=\u0022\/sites\/default\/files\/styles\/teaser_standard__s\/public\/aurora\/2026\/02\/515504.jpeg?itok=MUeRMycm\u0022 alt=\u0022\u0022 title=\u0022Ein Smartphone mit Kopfh\u00f6rern, Musiknote und Text: \u0026quot;#45 Einfach Bauen aus rechtlicher Sicht. - \u00a9 Podcast Geb\u00e4udewende\u0022 \/\u003E\n\n    \u003C\/picture\u003E\n      \u003Cfigcaption class=\u0022image--figcaption\u0022\u003E\n          \u003Cdiv class=\u0022copyright\u0022\u003EPodcast Geb\u00e4udewende\u003C\/div\u003E\n          \u003C\/figcaption\u003E\n\u003C\/figure\u003E\n\n\n    \u003C\/div\u003E\n    \u003Cdiv class=\u0022teaser-content\u0022\u003E\n                    \u003Cdiv class=\u0022teaser-content--kicker\u0022\u003E\n                    \n        \u003C\/div\u003E\n                                              \n                        \n        \u003Ch4 class=\u0022teaser-content--headline\u0022\u003E\n                                Hohe Standards machen das Bauen \n                              \u003Cspan class=\u0022headline-last-word-arrow\u0022\u003Eteuer                      \u003C\/span\u003E\n        \u003C\/h4\u003E\n            \u003Cdiv class=\u0022teaser-content--publishing-date\u0022\u003E\u003Ctime datetime=\u00222026-02-19T05:00:04Z\u0022\u003E19.02.2026\u003C\/time\u003E\n\u003C\/div\u003E\u003Cspan class=\u0022teaser-content--publishing-date-divider\u0022\u003E - \u003C\/span\u003E\u003Cdiv class=\u0022teaser-content--body\u0022\u003E\u003Cp\u003EDie allgemein anerkannten Regeln der Technik seien eines der gr\u00f6\u00dften Hemmnisse, um einfacher und kosteng\u00fcnstiger bauen zu k\u00f6nnen, sagt der Jurist Marc Steffen im Podcast Geb\u00e4udewende. Au\u00dferdem erkl\u00e4rt er, weshalb Bauturbo und Geb\u00e4udetyp E aus seiner Sicht zwar sinnvolle politische Initiativen sind, aber nur wenig zur Bek\u00e4mpfung der Baukrise beitragen.\u003C\/p\u003E\n\u003C\/div\u003E\n                        \u003Cspan class=\u0022read-more-arrow-container\u0022\u003E\n            \u003Cspan class=\u0022read-more-angled-arrow\u0022\u003E \u003C\/span\u003E\n          \u003C\/span\u003E\n                  \u003C\/div\u003E\n    \u003C\/a\u003E\n\u003Ca href=\u0022\/forschung\/ift-rosenheim-feiert-jubilaeum\u0022  class=\u0022teaser teaser--standard\u0022 aria-label=\u0022ift Rosenheim feiert Jubil\u00e4um\u0022\u003E\n      \u003Cdiv class=\u0022teaser-content--image\u0022\u003E\n        \u003Cfigure class=\u0022image--figure\u0022\u003E\n        \u003Cpicture\u003E\n                        \u003Csource srcset=\u0022\/sites\/default\/files\/styles\/teaser_standard__m\/public\/aurora\/2026\/02\/514454.jpeg.webp?itok=FnrSOJzL 1x\u0022 media=\u0022(min-width: 48.0625em) and (max-width: 64em)\u0022 type=\u0022image\/webp\u0022 width=\u0022323\u0022 height=\u0022215\u0022\/\u003E\n                  \u003Csource srcset=\u0022\/sites\/default\/files\/styles\/teaser_standard__l\/public\/aurora\/2026\/02\/514454.jpeg.webp?itok=XpG1uFZ4 1x\u0022 media=\u0022(min-width: 64.0625em)\u0022 type=\u0022image\/webp\u0022 width=\u0022203\u0022 height=\u0022135\u0022\/\u003E\n                  \u003Csource srcset=\u0022\/sites\/default\/files\/styles\/teaser_standard__m\/public\/aurora\/2026\/02\/514454.jpeg?itok=d35J1Sya 1x\u0022 media=\u0022(min-width: 48.0625em) and (max-width: 64em)\u0022 type=\u0022image\/jpeg\u0022 width=\u0022323\u0022 height=\u0022215\u0022\/\u003E\n                  \u003Csource srcset=\u0022\/sites\/default\/files\/styles\/teaser_standard__l\/public\/aurora\/2026\/02\/514454.jpeg?itok=YALxoeGf 1x\u0022 media=\u0022(min-width: 64.0625em)\u0022 type=\u0022image\/jpeg\u0022 width=\u0022203\u0022 height=\u0022135\u0022\/\u003E\n                          \u003Cimg alt=\u0022Die Mitarbeiterinnen und Mitarbeiter des ift Rosenheim k\u00f6nnen 60 Jahre Institutsjubil\u00e4ums feiern.\u0022 loading=\u0022eager\u0022 data-caption-hide width=\u0022597\u0022 height=\u0022398\u0022 data-zoomed=\u0022https:\/\/www.geb-info.de\/sites\/default\/files\/styles\/content__zoomed\/public\/aurora\/2026\/02\/514454.jpeg?itok=irvJ5FKe\u0022 src=\u0022\/sites\/default\/files\/styles\/teaser_standard__s\/public\/aurora\/2026\/02\/514454.jpeg?itok=Ia40jICa\u0022 title=\u0022\u00a9 ift Rosenheim\u0022 \/\u003E\n\n    \u003C\/picture\u003E\n      \u003Cfigcaption class=\u0022image--figcaption\u0022\u003E\n          \u003Cdiv class=\u0022copyright\u0022\u003Eift Rosenheim\u003C\/div\u003E\n          \u003C\/figcaption\u003E\n\u003C\/figure\u003E\n\n\n    \u003C\/div\u003E\n    \u003Cdiv class=\u0022teaser-content\u0022\u003E\n                    \u003Cdiv class=\u0022teaser-content--kicker\u0022\u003E\n                    \n        \u003C\/div\u003E\n                                              \n                        \n        \u003Ch4 class=\u0022teaser-content--headline\u0022\u003E\n                                ift Rosenheim feiert \n                              \u003Cspan class=\u0022headline-last-word-arrow\u0022\u003EJubil\u00e4um                      \u003C\/span\u003E\n        \u003C\/h4\u003E\n            \u003Cdiv class=\u0022teaser-content--publishing-date\u0022\u003E\u003Ctime datetime=\u00222026-02-15T05:00:05Z\u0022\u003E15.02.2026\u003C\/time\u003E\n\u003C\/div\u003E\u003Cspan class=\u0022teaser-content--publishing-date-divider\u0022\u003E - \u003C\/span\u003E\u003Cdiv class=\u0022teaser-content--body\u0022\u003E\u003Cp\u003E1966 gr\u00fcndete sich das Institut f\u00fcr Fenstertechnik. Seine Aufgabe: Die Qualit\u00e4t von Holzfenstern durch Forschung, Pr\u00fcfung und Zertifizierung zu verbessern. In den folgenden 60 Jahren sind viele neue Aufgabengebiete hinzugekommen.\u003C\/p\u003E\n\u003C\/div\u003E\n                        \u003Cspan class=\u0022read-more-arrow-container\u0022\u003E\n            \u003Cspan class=\u0022read-more-angled-arrow\u0022\u003E \u003C\/span\u003E\n          \u003C\/span\u003E\n                  \u003C\/div\u003E\n    \u003C\/a\u003E\n\u003Ca href=\u0022\/schwerpunkt\/feuchteverhalten-von-zweischaligem-mauerwerk-das-trocknungswunder\u0022  class=\u0022teaser teaser--standard\u0022 aria-label=\u0022Das Trocknung\ufeffswunder \r\u0022\u003E\n      \u003Cdiv class=\u0022teaser-content--image\u0022\u003E\n        \u003Cfigure class=\u0022image--figure\u0022\u003E\n        \u003Cpicture\u003E\n                        \u003Csource srcset=\u0022\/sites\/default\/files\/styles\/teaser_standard__m\/public\/aurora\/2026\/01\/509232.jpeg.webp?itok=SbhOXmIo 1x\u0022 media=\u0022(min-width: 48.0625em) and (max-width: 64em)\u0022 type=\u0022image\/webp\u0022 width=\u0022323\u0022 height=\u0022189\u0022\/\u003E\n                  \u003Csource srcset=\u0022\/sites\/default\/files\/styles\/teaser_standard__l\/public\/aurora\/2026\/01\/509232.jpeg.webp?itok=d2BTz8cT 1x\u0022 media=\u0022(min-width: 64.0625em)\u0022 type=\u0022image\/webp\u0022 width=\u0022203\u0022 height=\u0022119\u0022\/\u003E\n                  \u003Csource srcset=\u0022\/sites\/default\/files\/styles\/teaser_standard__m\/public\/aurora\/2026\/01\/509232.jpeg?itok=unPl0P71 1x\u0022 media=\u0022(min-width: 48.0625em) and (max-width: 64em)\u0022 type=\u0022image\/jpeg\u0022 width=\u0022323\u0022 height=\u0022189\u0022\/\u003E\n                  \u003Csource srcset=\u0022\/sites\/default\/files\/styles\/teaser_standard__l\/public\/aurora\/2026\/01\/509232.jpeg?itok=IIwAfnsE 1x\u0022 media=\u0022(min-width: 64.0625em)\u0022 type=\u0022image\/jpeg\u0022 width=\u0022203\u0022 height=\u0022119\u0022\/\u003E\n                          \u003Cimg loading=\u0022eager\u0022 data-caption-hide width=\u0022680\u0022 height=\u0022398\u0022 data-zoomed=\u0022https:\/\/www.geb-info.de\/sites\/default\/files\/styles\/content__zoomed\/public\/aurora\/2026\/01\/509232.jpeg?itok=QIjSnG-l\u0022 src=\u0022\/sites\/default\/files\/styles\/teaser_standard__s\/public\/aurora\/2026\/01\/509232.jpeg?itok=cZ7e4oeP\u0022 title=\u0022Rote Backsteinfassade mit dekorativem Mauerwerk und einem wei\u00df gerahmten Rundbogenfenster auf der rechten Seite. - \u00a9 Bild: Werner Eicke-Hennig\u0022 \/\u003E\n\n    \u003C\/picture\u003E\n      \u003Cfigcaption class=\u0022image--figcaption\u0022\u003E\n          \u003Cdiv class=\u0022copyright\u0022\u003EBild: Werner Eicke-Hennig\u003C\/div\u003E\n          \u003C\/figcaption\u003E\n\u003C\/figure\u003E\n\n\n    \u003C\/div\u003E\n    \u003Cdiv class=\u0022teaser-content\u0022\u003E\n                    \u003Cdiv class=\u0022teaser-content--kicker\u0022\u003E\n                    Feuchteverhalten von zweischaligem Mauerwerk\n        \u003C\/div\u003E\n                                              \n                        \n        \u003Ch4 class=\u0022teaser-content--headline\u0022\u003E\n                                Das \n                              \u003Cspan class=\u0022headline-last-word-arrow\u0022\u003ETrocknung\ufeffswunder              \u003Cspan\n                  class=\u0022permission-lock permission-lock-icon--\u0022\u003E\u003C\/span\u003E\n                                  \u003C\/span\u003E\n        \u003C\/h4\u003E\n            \u003Cdiv class=\u0022teaser-content--publishing-date\u0022\u003E\u003Ctime datetime=\u00222026-02-03T10:12:22Z\u0022\u003E03.02.2026\u003C\/time\u003E\n\u003C\/div\u003E\u003Cspan class=\u0022teaser-content--publishing-date-divider\u0022\u003E - \u003C\/span\u003E\u003Cdiv class=\u0022teaser-content--body\u0022\u003E\u003Cp\u003EZweischaliges Mauerwerk ist in Nordeuropa ab zirka 1860 die typische Au\u00dfenwandkonstruktion bei Wohnbauten. In Norddeutschland trifft man sie heute bei 60 Prozent aller H\u00e4user an, viele davon immer noch ohne Kernd\u00e4mmung. Das hat mit der Angst vor Feuchtesch\u00e4den zu tun, die sich sogar in der Forderung einer Wandbel\u00fcftung in der DIN 1053 niederschlug. Diese Angst aber ist unbegr\u00fcndet, was bereits 1984 wissenschaftlich erwiesen wurde.\u2003Werner Eicke-Hennig\u003C\/p\u003E\n\u003C\/div\u003E\n                        \u003Cspan class=\u0022read-more-arrow-container\u0022\u003E\n            \u003Cspan class=\u0022read-more-angled-arrow\u0022\u003E \u003C\/span\u003E\n          \u003C\/span\u003E\n                  \u003C\/div\u003E\n    \u003C\/a\u003E\n\u003Ca href=\u0022\/schwerpunkt\/typische-maengel-bei-der-sockeldaemmung-aus-den-fehlern-der-anderen-lernen\u0022  class=\u0022teaser teaser--standard\u0022 aria-label=\u0022Aus den Fehlern der anderen \u00adlernen\r\u0022\u003E\n      \u003Cdiv class=\u0022teaser-content--image\u0022\u003E\n        \u003Cfigure class=\u0022image--figure\u0022\u003E\n        \u003Cpicture\u003E\n                        \u003Csource srcset=\u0022\/sites\/default\/files\/styles\/teaser_standard__m\/public\/aurora\/2026\/02\/509225.jpeg.webp?itok=gjsLpXV3 1x\u0022 media=\u0022(min-width: 48.0625em) and (max-width: 64em)\u0022 type=\u0022image\/webp\u0022 width=\u0022323\u0022 height=\u0022161\u0022\/\u003E\n                  \u003Csource srcset=\u0022\/sites\/default\/files\/styles\/teaser_standard__l\/public\/aurora\/2026\/02\/509225.jpeg.webp?itok=6Sd1WSn0 1x\u0022 media=\u0022(min-width: 64.0625em)\u0022 type=\u0022image\/webp\u0022 width=\u0022203\u0022 height=\u0022101\u0022\/\u003E\n                  \u003Csource srcset=\u0022\/sites\/default\/files\/styles\/teaser_standard__m\/public\/aurora\/2026\/02\/509225.jpeg?itok=tu5DNMNs 1x\u0022 media=\u0022(min-width: 48.0625em) and (max-width: 64em)\u0022 type=\u0022image\/jpeg\u0022 width=\u0022323\u0022 height=\u0022161\u0022\/\u003E\n                  \u003Csource srcset=\u0022\/sites\/default\/files\/styles\/teaser_standard__l\/public\/aurora\/2026\/02\/509225.jpeg?itok=T0AI1GEd 1x\u0022 media=\u0022(min-width: 64.0625em)\u0022 type=\u0022image\/jpeg\u0022 width=\u0022203\u0022 height=\u0022101\u0022\/\u003E\n                          \u003Cimg alt=\u00221 \u2002Gut gemeint, aber nicht gut ausgef\u00fchrt, und in der Baustellenrealit\u00e4t leider \u00f6fter anzutreffen: Die mehrlagige Anbringung der XPS-Platten, hier auch mit D\u00fcbelung, ist nicht normgerecht.\u0022 loading=\u0022eager\u0022 data-caption-hide width=\u0022708\u0022 height=\u0022354\u0022 data-zoomed=\u0022https:\/\/www.geb-info.de\/sites\/default\/files\/styles\/content__zoomed\/public\/aurora\/2026\/02\/509225.jpeg?itok=CX56jw_W\u0022 src=\u0022\/sites\/default\/files\/styles\/teaser_standard__s\/public\/aurora\/2026\/02\/509225.jpeg?itok=jMXR5zhO\u0022 title=\u0022\u00a9 Bild: Austrotherm\u0022 \/\u003E\n\n    \u003C\/picture\u003E\n      \u003Cfigcaption class=\u0022image--figcaption\u0022\u003E\n          \u003Cdiv class=\u0022copyright\u0022\u003EBild: Austrotherm\u003C\/div\u003E\n          \u003C\/figcaption\u003E\n\u003C\/figure\u003E\n\n\n    \u003C\/div\u003E\n    \u003Cdiv class=\u0022teaser-content\u0022\u003E\n                    \u003Cdiv class=\u0022teaser-content--kicker\u0022\u003E\n                    Typische M\u00e4ngel bei der Sockeld\u00e4mmung\n        \u003C\/div\u003E\n                                              \n                        \n        \u003Ch4 class=\u0022teaser-content--headline\u0022\u003E\n                                Aus den Fehlern der anderen \n                              \u003Cspan class=\u0022headline-last-word-arrow\u0022\u003E\u00adlernen              \u003Cspan\n                  class=\u0022permission-lock permission-lock-icon--\u0022\u003E\u003C\/span\u003E\n                                  \u003C\/span\u003E\n        \u003C\/h4\u003E\n            \u003Cdiv class=\u0022teaser-content--publishing-date\u0022\u003E\u003Ctime datetime=\u00222026-02-03T10:12:12Z\u0022\u003E03.02.2026\u003C\/time\u003E\n\u003C\/div\u003E\u003Cspan class=\u0022teaser-content--publishing-date-divider\u0022\u003E - \u003C\/span\u003E\u003Cdiv class=\u0022teaser-content--body\u0022\u003E\u003Cp\u003EIm Sockelbereich, am \u00dcbergang von den erdber\u00fchrenden Bauteilen zur Fassade, hat eine D\u00e4mmung besonderen Anforderungen zu gen\u00fcgen. Sie m\u00fcssen bei der Planung und bei der Ausf\u00fchrung ber\u00fccksichtigt werden, doch gerade letztere l\u00e4sst oft zu w\u00fcnschen \u00fcbrig. Der Beitrag stellt die h\u00e4ufigsten Fehler vor und erl\u00e4utert die Folgen, die sie haben k\u00f6nnen.\u2003Dirk Baune\u003C\/p\u003E\n\u003C\/div\u003E\n                        \u003Cspan class=\u0022read-more-arrow-container\u0022\u003E\n            \u003Cspan class=\u0022read-more-angled-arrow\u0022\u003E \u003C\/span\u003E\n          \u003C\/span\u003E\n                  \u003C\/div\u003E\n    \u003C\/a\u003E\n\u003Ca href=\u0022\/schwerpunkt\/neue-und-wiederentdeckte-baustoffe-zurueck-die-zukunft\u0022  class=\u0022teaser teaser--standard\u0022 aria-label=\u0022Zur\u00fcck in die Zukunft\r\u0022\u003E\n      \u003Cdiv class=\u0022teaser-content--image\u0022\u003E\n        \u003Cfigure class=\u0022image--figure\u0022\u003E\n        \u003Cpicture\u003E\n                        \u003Csource srcset=\u0022\/sites\/default\/files\/styles\/teaser_standard__m\/public\/aurora\/2026\/02\/509255.jpeg.webp?itok=c3eA8jOo 1x\u0022 media=\u0022(min-width: 48.0625em) and (max-width: 64em)\u0022 type=\u0022image\/webp\u0022 width=\u0022323\u0022 height=\u0022141\u0022\/\u003E\n                  \u003Csource srcset=\u0022\/sites\/default\/files\/styles\/teaser_standard__l\/public\/aurora\/2026\/02\/509255.jpeg.webp?itok=WvMjxu8v 1x\u0022 media=\u0022(min-width: 64.0625em)\u0022 type=\u0022image\/webp\u0022 width=\u0022203\u0022 height=\u002289\u0022\/\u003E\n                  \u003Csource srcset=\u0022\/sites\/default\/files\/styles\/teaser_standard__m\/public\/aurora\/2026\/02\/509255.jpeg?itok=Sdr6MGe7 1x\u0022 media=\u0022(min-width: 48.0625em) and (max-width: 64em)\u0022 type=\u0022image\/jpeg\u0022 width=\u0022323\u0022 height=\u0022141\u0022\/\u003E\n                  \u003Csource srcset=\u0022\/sites\/default\/files\/styles\/teaser_standard__l\/public\/aurora\/2026\/02\/509255.jpeg?itok=Zp_KclIY 1x\u0022 media=\u0022(min-width: 64.0625em)\u0022 type=\u0022image\/jpeg\u0022 width=\u0022203\u0022 height=\u002289\u0022\/\u003E\n                          \u003Cimg alt=\u0022Die mit \u00f6kologischen Baustoffen errichtete Waldorf-Kinderkrippe in Villingen-\u00adSchwenningen hat der freie Architekt\u00a0Otto Merz entworfen und geplant\u00a0(www.otto-merz.eu)\u0022 loading=\u0022eager\u0022 data-caption-hide width=\u0022708\u0022 height=\u0022310\u0022 data-zoomed=\u0022https:\/\/www.geb-info.de\/sites\/default\/files\/styles\/content__zoomed\/public\/aurora\/2026\/02\/509255.jpeg?itok=Gx3k9OEc\u0022 src=\u0022\/sites\/default\/files\/styles\/teaser_standard__s\/public\/aurora\/2026\/02\/509255.jpeg?itok=haJO6WBF\u0022 title=\u0022\u00a9 Bild: Arno Witt\u0022 \/\u003E\n\n    \u003C\/picture\u003E\n      \u003Cfigcaption class=\u0022image--figcaption\u0022\u003E\n          \u003Cdiv class=\u0022copyright\u0022\u003EBild: Arno Witt\u003C\/div\u003E\n          \u003C\/figcaption\u003E\n\u003C\/figure\u003E\n\n\n    \u003C\/div\u003E\n    \u003Cdiv class=\u0022teaser-content\u0022\u003E\n                    \u003Cdiv class=\u0022teaser-content--kicker\u0022\u003E\n                    Neue und wiederentdeckte Baustoffe\n        \u003C\/div\u003E\n                                              \n                        \n        \u003Ch4 class=\u0022teaser-content--headline\u0022\u003E\n                                Zur\u00fcck in die \n                              \u003Cspan class=\u0022headline-last-word-arrow\u0022\u003EZukunft              \u003Cspan\n                  class=\u0022permission-lock permission-lock-icon--\u0022\u003E\u003C\/span\u003E\n                                  \u003C\/span\u003E\n        \u003C\/h4\u003E\n            \u003Cdiv class=\u0022teaser-content--publishing-date\u0022\u003E\u003Ctime datetime=\u00222026-02-03T10:12:09Z\u0022\u003E03.02.2026\u003C\/time\u003E\n\u003C\/div\u003E\u003Cspan class=\u0022teaser-content--publishing-date-divider\u0022\u003E - \u003C\/span\u003E\u003Cdiv class=\u0022teaser-content--body\u0022\u003E\u003Cp\u003EAn Baustoffen gibt es mehr als Beton, Kalksandstein, Stahl oder Ziegel. Alternativen wie Holz, Lehm oder Stroh punkten fast durchweg mit CO\u2082-sparender Herstellung und Kreislauff\u00e4higkeit. Da die Lebenszyklusbilanz eines Geb\u00e4udes zuk\u00fcnftig wichtiger werden wird, sollten sich Energieberatende mit diesen Materialien besch\u00e4ftigen \u2013 auch wenn manche noch in der Entwickl\ufeffung sind.\u2003Alexander Borchert\u003C\/p\u003E\n\u003C\/div\u003E\n                        \u003Cspan class=\u0022read-more-arrow-container\u0022\u003E\n            \u003Cspan class=\u0022read-more-angled-arrow\u0022\u003E \u003C\/span\u003E\n          \u003C\/span\u003E\n                  \u003C\/div\u003E\n    \u003C\/a\u003E\n\u003Ca href=\u0022\/service\/fachbuch-standardwerk-fuer-holzrahmenbau-aktualisiert\u0022  class=\u0022teaser teaser--standard\u0022 aria-label=\u0022Standardwerk f\u00fcr Holzrahmenbau aktualisiert\r\u0022\u003E\n      \u003Cdiv class=\u0022teaser-content--image\u0022\u003E\n        \u003Cfigure class=\u0022image--figure\u0022\u003E\n        \u003Cpicture\u003E\n                        \u003Csource srcset=\u0022\/sites\/default\/files\/styles\/teaser_standard__m\/public\/aurora\/2026\/01\/509436.jpeg.webp?itok=RadG_8oo 1x\u0022 media=\u0022(min-width: 48.0625em) and (max-width: 64em)\u0022 type=\u0022image\/webp\u0022 width=\u0022176\u0022 height=\u0022242\u0022\/\u003E\n                  \u003Csource srcset=\u0022\/sites\/default\/files\/styles\/teaser_standard__l\/public\/aurora\/2026\/01\/509436.jpeg.webp?itok=Bnz6EE0X 1x\u0022 media=\u0022(min-width: 64.0625em)\u0022 type=\u0022image\/webp\u0022 width=\u0022110\u0022 height=\u0022152\u0022\/\u003E\n                  \u003Csource srcset=\u0022\/sites\/default\/files\/styles\/teaser_standard__m\/public\/aurora\/2026\/01\/509436.jpeg?itok=haD-v0fb 1x\u0022 media=\u0022(min-width: 48.0625em) and (max-width: 64em)\u0022 type=\u0022image\/jpeg\u0022 width=\u0022176\u0022 height=\u0022242\u0022\/\u003E\n                  \u003Csource srcset=\u0022\/sites\/default\/files\/styles\/teaser_standard__l\/public\/aurora\/2026\/01\/509436.jpeg?itok=pVz6jCaZ 1x\u0022 media=\u0022(min-width: 64.0625em)\u0022 type=\u0022image\/jpeg\u0022 width=\u0022110\u0022 height=\u0022152\u0022\/\u003E\n                          \u003Cimg loading=\u0022eager\u0022 data-caption-hide width=\u0022289\u0022 height=\u0022398\u0022 data-zoomed=\u0022https:\/\/www.geb-info.de\/sites\/default\/files\/styles\/content__zoomed\/public\/aurora\/2026\/01\/509436.jpeg?itok=mF4Eqpgp\u0022 src=\u0022\/sites\/default\/files\/styles\/teaser_standard__s\/public\/aurora\/2026\/01\/509436.jpeg?itok=26tX_mST\u0022 title=\u0022Buchumschlag von \u0026quot;Holzrahmenbau\u0026quot; mit einem Querschnitt durch ein Haus und orangefarbenem Hintergrund. - \u00a9 Bild: Rudolf M\u00fcller\u0022 \/\u003E\n\n    \u003C\/picture\u003E\n      \u003Cfigcaption class=\u0022image--figcaption\u0022\u003E\n          \u003Cdiv class=\u0022copyright\u0022\u003EBild: Rudolf M\u00fcller\u003C\/div\u003E\n          \u003C\/figcaption\u003E\n\u003C\/figure\u003E\n\n\n    \u003C\/div\u003E\n    \u003Cdiv class=\u0022teaser-content\u0022\u003E\n                    \u003Cdiv class=\u0022teaser-content--kicker\u0022\u003E\n                    Fachbuch\n        \u003C\/div\u003E\n                                              \n                        \n        \u003Ch4 class=\u0022teaser-content--headline\u0022\u003E\n                                Standardwerk f\u00fcr Holzrahmenbau \n                              \u003Cspan class=\u0022headline-last-word-arrow\u0022\u003Eaktualisiert                      \u003C\/span\u003E\n        \u003C\/h4\u003E\n            \u003Cdiv class=\u0022teaser-content--publishing-date\u0022\u003E\u003Ctime datetime=\u00222026-02-03T10:11:46Z\u0022\u003E03.02.2026\u003C\/time\u003E\n\u003C\/div\u003E\u003Cspan class=\u0022teaser-content--publishing-date-divider\u0022\u003E - \u003C\/span\u003E\u003Cdiv class=\u0022teaser-content--body\u0022\u003E  \u003Cp\u003EDie aktualisierte Auflage des Fachbuchs Holzrahmenbau \u2013 Modernes Hausbau-System hilft Planenden in Architekturb\u00fcros und Holzbaubetrieben bei der fachgerechten Ausf\u00fchrung. Autor Gerrit Horn greift aktuelle Gesetzgebungen wie die ge\u00e4nderten Brandschutzrichtlinien, die Anforderungen des...\u003C\/p\u003E\n\n\n\u003C\/div\u003E\n                        \u003Cspan class=\u0022read-more-arrow-container\u0022\u003E\n            \u003Cspan class=\u0022read-more-angled-arrow\u0022\u003E \u003C\/span\u003E\n          \u003C\/span\u003E\n                  \u003C\/div\u003E\n    \u003C\/a\u003E\n\u003Ca href=\u0022\/produkte\/fischer-sortiment-um-holzbau-und-spanplattenschrauben-erweitert\u0022  class=\u0022teaser teaser--standard\u0022 aria-label=\u0022Sortiment um Holzbau- und Spanplattenschrauben erweitert\r\u0022\u003E\n      \u003Cdiv class=\u0022teaser-content--image\u0022\u003E\n        \u003Cfigure class=\u0022image--figure\u0022\u003E\n        \u003Cpicture\u003E\n                        \u003Csource srcset=\u0022\/sites\/default\/files\/styles\/teaser_standard__m\/public\/aurora\/2026\/02\/509395.jpeg.webp?itok=2NHB-yKH 1x\u0022 media=\u0022(min-width: 48.0625em) and (max-width: 64em)\u0022 type=\u0022image\/webp\u0022 width=\u0022323\u0022 height=\u0022237\u0022\/\u003E\n                  \u003Csource srcset=\u0022\/sites\/default\/files\/styles\/teaser_standard__l\/public\/aurora\/2026\/02\/509395.jpeg.webp?itok=Vktc98g5 1x\u0022 media=\u0022(min-width: 64.0625em)\u0022 type=\u0022image\/webp\u0022 width=\u0022203\u0022 height=\u0022149\u0022\/\u003E\n                  \u003Csource srcset=\u0022\/sites\/default\/files\/styles\/teaser_standard__m\/public\/aurora\/2026\/02\/509395.jpeg?itok=bWYyXz0L 1x\u0022 media=\u0022(min-width: 48.0625em) and (max-width: 64em)\u0022 type=\u0022image\/jpeg\u0022 width=\u0022323\u0022 height=\u0022237\u0022\/\u003E\n                  \u003Csource srcset=\u0022\/sites\/default\/files\/styles\/teaser_standard__l\/public\/aurora\/2026\/02\/509395.jpeg?itok=r0t8m3x3 1x\u0022 media=\u0022(min-width: 64.0625em)\u0022 type=\u0022image\/jpeg\u0022 width=\u0022203\u0022 height=\u0022149\u0022\/\u003E\n                          \u003Cimg alt=\u0022Das Fischer-Spektrum umfasst zahlreiche Spanplatten-, Holzbau- und Spezialschrauben \u2013 jeweils mit passenden Kopfformen, Antrieben und Materialien.\u0022 loading=\u0022eager\u0022 data-caption-hide width=\u0022542\u0022 height=\u0022398\u0022 data-zoomed=\u0022https:\/\/www.geb-info.de\/sites\/default\/files\/styles\/content__zoomed\/public\/aurora\/2026\/02\/509395.jpeg?itok=pd9dD_wU\u0022 src=\u0022\/sites\/default\/files\/styles\/teaser_standard__s\/public\/aurora\/2026\/02\/509395.jpeg?itok=LBfXldCv\u0022 title=\u0022\u00a9 Bild: Fischer\u0022 \/\u003E\n\n    \u003C\/picture\u003E\n      \u003Cfigcaption class=\u0022image--figcaption\u0022\u003E\n          \u003Cdiv class=\u0022copyright\u0022\u003EBild: Fischer\u003C\/div\u003E\n          \u003C\/figcaption\u003E\n\u003C\/figure\u003E\n\n\n    \u003C\/div\u003E\n    \u003Cdiv class=\u0022teaser-content\u0022\u003E\n                    \u003Cdiv class=\u0022teaser-content--kicker\u0022\u003E\n                    Fischer\u2002\n        \u003C\/div\u003E\n                                              \n                        \n        \u003Ch4 class=\u0022teaser-content--headline\u0022\u003E\n                                Sortiment um Holzbau- und Spanplattenschrauben \n                              \u003Cspan class=\u0022headline-last-word-arrow\u0022\u003Eerweitert                      \u003C\/span\u003E\n        \u003C\/h4\u003E\n            \u003Cdiv class=\u0022teaser-content--publishing-date\u0022\u003E\u003Ctime datetime=\u00222026-02-03T10:11:32Z\u0022\u003E03.02.2026\u003C\/time\u003E\n\u003C\/div\u003E\u003Cspan class=\u0022teaser-content--publishing-date-divider\u0022\u003E - \u003C\/span\u003E\u003Cdiv class=\u0022teaser-content--body\u0022\u003E  \u003Cp\u003EFischer zeigt auf der Messe neue Befestigungen f\u00fcr den Dach- und Holzbau. Im Fokus stehen die Holzbauschrauben \u003Cbr\u003EPower Fast II und Power Full II, die laut Hersteller sicher, effizient und wirtschaftlich sind. Neu im Sortiment sind Power Fast II Spanplattenschrauben aus nicht rostendem Stahl A2 und A4...\u003C\/p\u003E\n\n\n\u003C\/div\u003E\n                        \u003Cspan class=\u0022read-more-arrow-container\u0022\u003E\n            \u003Cspan class=\u0022read-more-angled-arrow\u0022\u003E \u003C\/span\u003E\n          \u003C\/span\u003E\n                  \u003C\/div\u003E\n    \u003C\/a\u003E\n\u003Ca href=\u0022\/bautechnik\/betondruckverfahren-fuer-keller-soll-bessere-co2-bilanz-ermoeglichen\u0022  class=\u0022teaser teaser--standard\u0022 aria-label=\u0022Betondruckverfahren f\u00fcr Keller soll bessere CO\u2082-Bilanz erm\u00f6glichen\u0022\u003E\n      \u003Cdiv class=\u0022teaser-content--image\u0022\u003E\n        \u003Cfigure class=\u0022image--figure\u0022\u003E\n        \u003Cpicture\u003E\n                        \u003Csource srcset=\u0022\/sites\/default\/files\/styles\/teaser_standard__m\/public\/aurora\/2026\/01\/506987.jpeg.webp?itok=n3r5p8hE 1x\u0022 media=\u0022(min-width: 48.0625em) and (max-width: 64em)\u0022 type=\u0022image\/webp\u0022 width=\u0022323\u0022 height=\u0022215\u0022\/\u003E\n                  \u003Csource srcset=\u0022\/sites\/default\/files\/styles\/teaser_standard__l\/public\/aurora\/2026\/01\/506987.jpeg.webp?itok=TsXeocRL 1x\u0022 media=\u0022(min-width: 64.0625em)\u0022 type=\u0022image\/webp\u0022 width=\u0022203\u0022 height=\u0022135\u0022\/\u003E\n                  \u003Csource srcset=\u0022\/sites\/default\/files\/styles\/teaser_standard__m\/public\/aurora\/2026\/01\/506987.jpeg?itok=Is_UopCp 1x\u0022 media=\u0022(min-width: 48.0625em) and (max-width: 64em)\u0022 type=\u0022image\/jpeg\u0022 width=\u0022323\u0022 height=\u0022215\u0022\/\u003E\n                  \u003Csource srcset=\u0022\/sites\/default\/files\/styles\/teaser_standard__l\/public\/aurora\/2026\/01\/506987.jpeg?itok=E51pfu6L 1x\u0022 media=\u0022(min-width: 64.0625em)\u0022 type=\u0022image\/jpeg\u0022 width=\u0022203\u0022 height=\u0022135\u0022\/\u003E\n                          \u003Cimg alt=\u0022Der Drucker verbindet bew\u00e4hrte Baumaschinentechnik mit Robotik und setzt digitale Entwurfsdaten direkt auf der Baustelle um. Nach Angaben der Projektpartner reduziert die Technologie den Materialverbrauch auf das tats\u00e4chlich Erforderliche und senkt den CO\u2082-Aussto\u00df gegen\u00fcber konventionellem Mauerwerk deutlich.\u0022 loading=\u0022eager\u0022 data-caption-hide width=\u0022597\u0022 height=\u0022398\u0022 data-zoomed=\u0022https:\/\/www.geb-info.de\/sites\/default\/files\/styles\/content__zoomed\/public\/aurora\/2026\/01\/506987.jpeg?itok=7GG28vjv\u0022 src=\u0022\/sites\/default\/files\/styles\/teaser_standard__s\/public\/aurora\/2026\/01\/506987.jpeg?itok=76-wGJr2\u0022 title=\u0022\u00a9 Aleksej Keksel\u0022 \/\u003E\n\n    \u003C\/picture\u003E\n      \u003Cfigcaption class=\u0022image--figcaption\u0022\u003E\n          \u003Cdiv class=\u0022copyright\u0022\u003EAleksej Keksel\u003C\/div\u003E\n          \u003C\/figcaption\u003E\n\u003C\/figure\u003E\n\n\n    \u003C\/div\u003E\n    \u003Cdiv class=\u0022teaser-content\u0022\u003E\n                    \u003Cdiv class=\u0022teaser-content--kicker\u0022\u003E\n                    \n        \u003C\/div\u003E\n                                              \n                        \n        \u003Ch4 class=\u0022teaser-content--headline\u0022\u003E\n                                Betondruckverfahren f\u00fcr Keller soll bessere CO\u2082-Bilanz \n                              \u003Cspan class=\u0022headline-last-word-arrow\u0022\u003Eerm\u00f6glichen                      \u003C\/span\u003E\n        \u003C\/h4\u003E\n            \u003Cdiv class=\u0022teaser-content--publishing-date\u0022\u003E\u003Ctime datetime=\u00222026-01-20T05:00:04Z\u0022\u003E20.01.2026\u003C\/time\u003E\n\u003C\/div\u003E\u003Cspan class=\u0022teaser-content--publishing-date-divider\u0022\u003E - \u003C\/span\u003E\u003Cdiv class=\u0022teaser-content--body\u0022\u003E\u003Cp\u003EIn einer Kooperation mehrerer Unternehmen wurde im bayrischen Wei\u00dfenhorn ein Betonkeller im 3D-Druckverfahren hergestellt. \u0026nbsp;\u0026nbsp;\u003C\/p\u003E\n\u003C\/div\u003E\n                        \u003Cspan class=\u0022read-more-arrow-container\u0022\u003E\n            \u003Cspan class=\u0022read-more-angled-arrow\u0022\u003E \u003C\/span\u003E\n          \u003C\/span\u003E\n                  \u003C\/div\u003E\n    \u003C\/a\u003E\n\u003Ca href=\u0022\/topthema\/6-digitale-fachforum-gebaeudehuelle-im-fokus-auch-fuer-turbos-gelten-regeln\u0022  class=\u0022teaser teaser--standard\u0022 aria-label=\u0022Auch f\u00fcr Turbos gelten Regeln\r\u0022\u003E\n      \u003Cdiv class=\u0022teaser-content--image\u0022\u003E\n        \u003Cfigure class=\u0022image--figure\u0022\u003E\n        \u003Cpicture\u003E\n                        \u003Csource srcset=\u0022\/sites\/default\/files\/styles\/teaser_standard__m\/public\/aurora\/2025\/12\/499832.jpeg.webp?itok=wsXSOQWS 1x\u0022 media=\u0022(min-width: 48.0625em) and (max-width: 64em)\u0022 type=\u0022image\/webp\u0022 width=\u0022323\u0022 height=\u0022170\u0022\/\u003E\n                  \u003Csource srcset=\u0022\/sites\/default\/files\/styles\/teaser_standard__l\/public\/aurora\/2025\/12\/499832.jpeg.webp?itok=XmgaUnTn 1x\u0022 media=\u0022(min-width: 64.0625em)\u0022 type=\u0022image\/webp\u0022 width=\u0022203\u0022 height=\u0022107\u0022\/\u003E\n                  \u003Csource srcset=\u0022\/sites\/default\/files\/styles\/teaser_standard__m\/public\/aurora\/2025\/12\/499832.jpeg?itok=YphFeOhH 1x\u0022 media=\u0022(min-width: 48.0625em) and (max-width: 64em)\u0022 type=\u0022image\/jpeg\u0022 width=\u0022323\u0022 height=\u0022170\u0022\/\u003E\n                  \u003Csource srcset=\u0022\/sites\/default\/files\/styles\/teaser_standard__l\/public\/aurora\/2025\/12\/499832.jpeg?itok=NQX5kH-l 1x\u0022 media=\u0022(min-width: 64.0625em)\u0022 type=\u0022image\/jpeg\u0022 width=\u0022203\u0022 height=\u0022107\u0022\/\u003E\n                          \u003Cimg alt=\u0022F\u00fchrte durch den Tag: das Moderations-Dreierteam aus Redakteurin Claudia Siegele vom Geb\u00e4ude-Energieberater,\u00a0Redakteur Matthias Rehberger von der Glaswelt und Martin Pr\u00f6sler von Proesler Kommunikation\u0022 loading=\u0022eager\u0022 data-caption-hide width=\u0022708\u0022 height=\u0022373\u0022 data-zoomed=\u0022https:\/\/www.geb-info.de\/sites\/default\/files\/styles\/content__zoomed\/public\/aurora\/2025\/12\/499832.jpeg?itok=5akKnfBC\u0022 src=\u0022\/sites\/default\/files\/styles\/teaser_standard__s\/public\/aurora\/2025\/12\/499832.jpeg?itok=N8c3VG2i\u0022 title=\u0022\u00a9 Bild: Proesler Kommunikation\u0022 \/\u003E\n\n    \u003C\/picture\u003E\n      \u003Cfigcaption class=\u0022image--figcaption\u0022\u003E\n          \u003Cdiv class=\u0022copyright\u0022\u003EBild: Proesler Kommunikation\u003C\/div\u003E\n          \u003C\/figcaption\u003E\n\u003C\/figure\u003E\n\n\n    \u003C\/div\u003E\n    \u003Cdiv class=\u0022teaser-content\u0022\u003E\n                    \u003Cdiv class=\u0022teaser-content--kicker\u0022\u003E\n                    6. Digitale Fachforum \u201eGeb\u00e4udeh\u00fclle im Fokus\u201c\n        \u003C\/div\u003E\n                                              \n                        \n        \u003Ch4 class=\u0022teaser-content--headline\u0022\u003E\n                                Auch f\u00fcr Turbos gelten \n                              \u003Cspan class=\u0022headline-last-word-arrow\u0022\u003ERegeln                      \u003C\/span\u003E\n        \u003C\/h4\u003E\n            \u003Cdiv class=\u0022teaser-content--publishing-date\u0022\u003E\u003Ctime datetime=\u00222025-12-12T15:00:46Z\u0022\u003E12.12.2025\u003C\/time\u003E\n\u003C\/div\u003E\u003Cspan class=\u0022teaser-content--publishing-date-divider\u0022\u003E - \u003C\/span\u003E\u003Cdiv class=\u0022teaser-content--body\u0022\u003E\u003Cp\u003EBau-Turbo und Geb\u00e4udetyp E hei\u00dfen die zwei Instrumente, von denen die Politik derzeit sich und anderen die schnelle Schaffung von Wohnraum verspricht. Sie standen im Mittelpunkt des diesj\u00e4hrigen Digitalen Fachforums \u201eGeb\u00e4udeh\u00fclle im Fokus\u201c des Gentner Verlags. Alle Referenten waren sich einig, dass das Bauen und mehr noch das Modernisieren mehr Tempo brauchen, nicht aber dar\u00fcber, wie geeignet diese beiden Werkzeuge sind. Auf jeden Fall, das zeigten die Beitr\u00e4ge der Sachverst\u00e4ndigen und Vertreter der Hersteller, stehen die erforderlichen Bauverfahren, Bauteile und Baustoffe bereits zur \u00adVerf\u00fcgung.\u2003\u00adAlexander Borchert\u003C\/p\u003E\n\u003C\/div\u003E\n                        \u003Cspan class=\u0022read-more-arrow-container\u0022\u003E\n            \u003Cspan class=\u0022read-more-angled-arrow\u0022\u003E \u003C\/span\u003E\n          \u003C\/span\u003E\n                  \u003C\/div\u003E\n    \u003C\/a\u003E\n\u003Ca href=\u0022\/service\/broschuere-schulgebaeude-aus-dem-holzbaukasten\u0022  class=\u0022teaser teaser--standard\u0022 aria-label=\u0022Schulgeb\u00e4ude aus dem Holzbaukasten\r\u0022\u003E\n      \u003Cdiv class=\u0022teaser-content--image\u0022\u003E\n        \u003Cfigure class=\u0022image--figure\u0022\u003E\n        \u003Cpicture\u003E\n                        \u003Csource srcset=\u0022\/sites\/default\/files\/styles\/teaser_standard__m\/public\/aurora\/2025\/12\/500294.jpeg.webp?itok=z5De09Mw 1x\u0022 media=\u0022(min-width: 48.0625em) and (max-width: 64em)\u0022 type=\u0022image\/webp\u0022 width=\u0022323\u0022 height=\u0022197\u0022\/\u003E\n                  \u003Csource srcset=\u0022\/sites\/default\/files\/styles\/teaser_standard__l\/public\/aurora\/2025\/12\/500294.jpeg.webp?itok=-kQRc3MB 1x\u0022 media=\u0022(min-width: 64.0625em)\u0022 type=\u0022image\/webp\u0022 width=\u0022203\u0022 height=\u0022124\u0022\/\u003E\n                  \u003Csource srcset=\u0022\/sites\/default\/files\/styles\/teaser_standard__m\/public\/aurora\/2025\/12\/500294.jpeg?itok=xfVNF8po 1x\u0022 media=\u0022(min-width: 48.0625em) and (max-width: 64em)\u0022 type=\u0022image\/jpeg\u0022 width=\u0022323\u0022 height=\u0022197\u0022\/\u003E\n                  \u003Csource srcset=\u0022\/sites\/default\/files\/styles\/teaser_standard__l\/public\/aurora\/2025\/12\/500294.jpeg?itok=UzJbEBoL 1x\u0022 media=\u0022(min-width: 64.0625em)\u0022 type=\u0022image\/jpeg\u0022 width=\u0022203\u0022 height=\u0022124\u0022\/\u003E\n                          \u003Cimg loading=\u0022eager\u0022 data-caption-hide width=\u0022653\u0022 height=\u0022398\u0022 data-zoomed=\u0022https:\/\/www.geb-info.de\/sites\/default\/files\/styles\/content__zoomed\/public\/aurora\/2025\/12\/500294.jpeg?itok=FjeNF6bp\u0022 src=\u0022\/sites\/default\/files\/styles\/teaser_standard__s\/public\/aurora\/2025\/12\/500294.jpeg?itok=9H9_aAVP\u0022 title=\u0022Brosch\u00fcre mit dem Titel \u0026quot;HOLZBAU IM SYSTEM\u0026quot;, die geschlossen und ge\u00f6ffnet auf einer hellen Holzoberfl\u00e4che gezeigt wird. - \u00a9 Bild: FNR\u0022 \/\u003E\n\n    \u003C\/picture\u003E\n      \u003Cfigcaption class=\u0022image--figcaption\u0022\u003E\n          \u003Cdiv class=\u0022copyright\u0022\u003EBild: FNR\u003C\/div\u003E\n          \u003C\/figcaption\u003E\n\u003C\/figure\u003E\n\n\n    \u003C\/div\u003E\n    \u003Cdiv class=\u0022teaser-content\u0022\u003E\n                    \u003Cdiv class=\u0022teaser-content--kicker\u0022\u003E\n                    Brosch\u00fcre\n        \u003C\/div\u003E\n                                              \n                        \n        \u003Ch4 class=\u0022teaser-content--headline\u0022\u003E\n                                Schulgeb\u00e4ude aus dem \n                              \u003Cspan class=\u0022headline-last-word-arrow\u0022\u003EHolzbaukasten                      \u003C\/span\u003E\n        \u003C\/h4\u003E\n            \u003Cdiv class=\u0022teaser-content--publishing-date\u0022\u003E\u003Ctime datetime=\u00222025-12-12T15:00:40Z\u0022\u003E12.12.2025\u003C\/time\u003E\n\u003C\/div\u003E\u003Cspan class=\u0022teaser-content--publishing-date-divider\u0022\u003E - \u003C\/span\u003E\u003Cdiv class=\u0022teaser-content--body\u0022\u003E  \u003Cp\u003EBisher verf\u00fcgbare Bausysteme f\u00fcr Bildungsbauten sind oft nur eingeschr\u00e4nkt an moderne p\u00e4dagogische Konzepte anpassbar. Ihre fixen Raumaufteilungen lassen sich kaum auf unterschiedliche Herangehensweisen abstimmen; Faktoren wie Aufenthaltsqualit\u00e4t, Akustik oder R\u00fcckzugsbereiche spielen bei den...\u003C\/p\u003E\n\n\n\u003C\/div\u003E\n                        \u003Cspan class=\u0022read-more-arrow-container\u0022\u003E\n            \u003Cspan class=\u0022read-more-angled-arrow\u0022\u003E \u003C\/span\u003E\n          \u003C\/span\u003E\n                  \u003C\/div\u003E\n    \u003C\/a\u003E\n","entity_type":"node","used_ids":["",257113,257041,257042,256241,255268,255271,255251,255236,255232,254619,254408,253678,253677,253676,253653,253634,252873,251768,251740],"show_more":"\u003Cdiv class=\u0022del-show-more\u0022\u003E\u003Ca href=\u0022\/ajax\/del\/c2b79039-4536-4bd3-afde-9867b472d88f\/paragraph\/20\/19\/asc\/eyJub2RlIjp7ImlkIjoiMTg3NDAwIiwidHlwZSI6InBhZ2UifX0%3D\u0022 title=\u0022Mehr Elemente anzeigen\u0022 class=\u0022del-show-more-link use-ajax\u0022 rel=\u0022nofollow\u0022 data-target-type=\u0022node\u0022 aria-controls=\u0022del--paragraph-656910--content\u0022 aria-label=\u0022Mehr Elemente anzeigen\u0022\u003EMehr anzeigen\u003C\/a\u003E\u003C\/div\u003E\n"}]