[{"command":"settings","settings":{"pluralDelimiter":"\u0003","suppressDeprecationErrors":true,"ajaxPageState":{"libraries":"eJxLzi9K1S_ITC4pLUpNy8zJ0UmpzEvMzUyOT80rySypjM_JLC7RL87IL4_PBaoEALH_EqY","theme":"ivory","theme_token":null},"ajaxTrustedUrl":[],"user":{"uid":0,"permissionsHash":"9c975576f1b96e43d31b3ff34c1ca6b53b6096ff14d83974ef00f2d68011e8fb"}},"merge":true},{"command":"add_css","data":[{"rel":"stylesheet","media":"all","href":"\/core\/themes\/stable9\/css\/core\/components\/progress.module.css?tdy2vy"},{"rel":"stylesheet","media":"all","href":"\/core\/themes\/stable9\/css\/core\/components\/ajax-progress.module.css?tdy2vy"},{"rel":"stylesheet","media":"all","href":"\/themes\/contrib\/gin\/dist\/css\/components\/ajax.css?tdy2vy"}]},{"command":"add_js","selector":"body","data":[{"src":"\/core\/assets\/vendor\/jquery\/jquery.min.js?v=4.0.0"},{"src":"\/sites\/default\/files\/js\/js_d-vnMCVcm62poJDWZlvQBKmmovo43M5e-K1h1hoM2I8.js?scope=footer\u0026delta=1\u0026language=de-geb\u0026theme=ivory\u0026include=eJxLqcxLzM1Mjk_NK8ksqYzPySwu0S_OyC-Pz80vSgUAtBcL_w"}]},{"command":"showMoreTeasers","id":"del--paragraph-656928","content":"\u003Ca href=\u0022\/energieberatung\/energieberatungsverband-wehrt-sich-gegen-expertenliste-light\u0022  class=\u0022teaser teaser--standard\u0022 aria-label=\u0022Energieberatungsverband wehrt sich gegen Expertenliste Light\u0022\u003E\n      \u003Cdiv class=\u0022teaser-content--image\u0022\u003E\n        \u003Cfigure class=\u0022image--figure\u0022\u003E\n        \u003Cpicture\u003E\n                        \u003Csource srcset=\u0022\/sites\/default\/files\/styles\/teaser_standard__m\/public\/aurora\/2026\/04\/531253.jpeg.webp?itok=XJTqH3MB 1x\u0022 media=\u0022(min-width: 48.0625em) and (max-width: 64em)\u0022 type=\u0022image\/webp\u0022 width=\u0022323\u0022 height=\u0022215\u0022\/\u003E\n                  \u003Csource srcset=\u0022\/sites\/default\/files\/styles\/teaser_standard__l\/public\/aurora\/2026\/04\/531253.jpeg.webp?itok=fDII8CXq 1x\u0022 media=\u0022(min-width: 64.0625em)\u0022 type=\u0022image\/webp\u0022 width=\u0022203\u0022 height=\u0022135\u0022\/\u003E\n                  \u003Csource srcset=\u0022\/sites\/default\/files\/styles\/teaser_standard__m\/public\/aurora\/2026\/04\/531253.jpeg?itok=yr_65rJn 1x\u0022 media=\u0022(min-width: 48.0625em) and (max-width: 64em)\u0022 type=\u0022image\/jpeg\u0022 width=\u0022323\u0022 height=\u0022215\u0022\/\u003E\n                  \u003Csource srcset=\u0022\/sites\/default\/files\/styles\/teaser_standard__l\/public\/aurora\/2026\/04\/531253.jpeg?itok=N2gpgfuC 1x\u0022 media=\u0022(min-width: 64.0625em)\u0022 type=\u0022image\/jpeg\u0022 width=\u0022203\u0022 height=\u0022135\u0022\/\u003E\n                          \u003Cimg alt=\u0022DEN-Vorst\u00e4ndin Jutta M. Betz: \u201eDie Dekarbonisierung des Geb\u00e4udesektors ist ma\u00dfgeblich davon abh\u00e4ngig, dass Verbraucher:innen gute Erfahrung mit der Energieberatung machen, dass Sie von unabh\u00e4ngigen wie kompetenten Fachkr\u00e4ften begleitet und gef\u00f6rderte Ma\u00dfnahmen qualit\u00e4tsgesichert durchgef\u00fchrt werden.\u201c\u0022 loading=\u0022eager\u0022 data-caption-hide width=\u0022597\u0022 height=\u0022398\u0022 data-zoomed=\u0022https:\/\/www.geb-info.de\/sites\/default\/files\/styles\/content__zoomed\/public\/aurora\/2026\/04\/531253.jpeg?itok=lJmQJCNf\u0022 src=\u0022\/sites\/default\/files\/styles\/teaser_standard__s\/public\/aurora\/2026\/04\/531253.jpeg?itok=idlmgcMb\u0022 title=\u0022\u00a9 DEN\u0022 \/\u003E\n\n    \u003C\/picture\u003E\n      \u003Cfigcaption class=\u0022image--figcaption\u0022\u003E\n          \u003Cdiv class=\u0022copyright\u0022\u003EDEN\u003C\/div\u003E\n          \u003C\/figcaption\u003E\n\u003C\/figure\u003E\n\n\n    \u003C\/div\u003E\n    \u003Cdiv class=\u0022teaser-content\u0022\u003E\n                    \u003Cdiv class=\u0022teaser-content--kicker\u0022\u003E\n                    \n        \u003C\/div\u003E\n                                              \n                        \n        \u003Ch4 class=\u0022teaser-content--headline\u0022\u003E\n                                Energieberatungsverband wehrt sich gegen Expertenliste \n                              \u003Cspan class=\u0022headline-last-word-arrow\u0022\u003ELight                      \u003C\/span\u003E\n        \u003C\/h4\u003E\n            \u003Cdiv class=\u0022teaser-content--publishing-date\u0022\u003E\u003Ctime datetime=\u00222026-04-22T04:00:07Z\u0022\u003E22.04.2026\u003C\/time\u003E\n\u003C\/div\u003E\u003Cspan class=\u0022teaser-content--publishing-date-divider\u0022\u003E - \u003C\/span\u003E\u003Cdiv class=\u0022teaser-content--body\u0022\u003E\u003Cp\u003EDie die Energie-Effizienz-Expertenliste soll f\u00fcr SHK-Betriebe ge\u00f6ffnet werden. Das DEN spricht sich dagegen aus \u2013 und fordert stattdessen ein Berufsbild f\u00fcr die Energieberatung.\u003C\/p\u003E\n\u003C\/div\u003E\n                        \u003Cspan class=\u0022read-more-arrow-container\u0022\u003E\n            \u003Cspan class=\u0022read-more-angled-arrow\u0022\u003E \u003C\/span\u003E\n          \u003C\/span\u003E\n                  \u003C\/div\u003E\n    \u003C\/a\u003E\n\u003Ca href=\u0022\/energieberatung\/77-der-energieberatenden-lehnen-abschaffung-der-65-regel-ab\u0022  class=\u0022teaser teaser--standard\u0022 aria-label=\u002277\u00a0% der Energieberatenden leh\u00adnen Ab\u00adschaf\u00adfung der 65%-Regel ab\u0022\u003E\n      \u003Cdiv class=\u0022teaser-content--image\u0022\u003E\n        \u003Cfigure class=\u0022image--figure\u0022\u003E\n        \u003Cpicture\u003E\n                        \u003Csource srcset=\u0022\/sites\/default\/files\/styles\/teaser_standard__m\/public\/aurora\/2026\/04\/530006.jpeg.webp?itok=BhDXDHHd 1x\u0022 media=\u0022(min-width: 48.0625em) and (max-width: 64em)\u0022 type=\u0022image\/webp\u0022 width=\u0022323\u0022 height=\u0022215\u0022\/\u003E\n                  \u003Csource srcset=\u0022\/sites\/default\/files\/styles\/teaser_standard__l\/public\/aurora\/2026\/04\/530006.jpeg.webp?itok=4uk0t7Mz 1x\u0022 media=\u0022(min-width: 64.0625em)\u0022 type=\u0022image\/webp\u0022 width=\u0022203\u0022 height=\u0022135\u0022\/\u003E\n                  \u003Csource srcset=\u0022\/sites\/default\/files\/styles\/teaser_standard__m\/public\/aurora\/2026\/04\/530006.jpeg?itok=NkTszJ66 1x\u0022 media=\u0022(min-width: 48.0625em) and (max-width: 64em)\u0022 type=\u0022image\/jpeg\u0022 width=\u0022323\u0022 height=\u0022215\u0022\/\u003E\n                  \u003Csource srcset=\u0022\/sites\/default\/files\/styles\/teaser_standard__l\/public\/aurora\/2026\/04\/530006.jpeg?itok=VvxZ8Fnz 1x\u0022 media=\u0022(min-width: 64.0625em)\u0022 type=\u0022image\/jpeg\u0022 width=\u0022203\u0022 height=\u0022135\u0022\/\u003E\n                          \u003Cimg loading=\u0022eager\u0022 data-caption-hide width=\u0022597\u0022 height=\u0022398\u0022 data-zoomed=\u0022https:\/\/www.geb-info.de\/sites\/default\/files\/styles\/content__zoomed\/public\/aurora\/2026\/04\/530006.jpeg?itok=YPcq0R6R\u0022 src=\u0022\/sites\/default\/files\/styles\/teaser_standard__s\/public\/aurora\/2026\/04\/530006.jpeg?itok=JzKqRNIj\u0022 title=\u0022Vier H\u00e4nde mit Daumen-nach-unten-Gesten, die Missbilligung oder Abneigung ausdr\u00fccken, vor einem verschwommenen Hintergrund. - \u00a9 JordaanExams\/peopleimages.com - stock.adobe.com\u0022 \/\u003E\n\n    \u003C\/picture\u003E\n      \u003Cfigcaption class=\u0022image--figcaption\u0022\u003E\n          \u003Cdiv class=\u0022copyright\u0022\u003EJordaanExams\/peopleimages.com - stock.adobe.com\u003C\/div\u003E\n          \u003C\/figcaption\u003E\n\u003C\/figure\u003E\n\n\n    \u003C\/div\u003E\n    \u003Cdiv class=\u0022teaser-content\u0022\u003E\n                    \u003Cdiv class=\u0022teaser-content--kicker\u0022\u003E\n                    \n        \u003C\/div\u003E\n                                              \n                        \n        \u003Ch4 class=\u0022teaser-content--headline\u0022\u003E\n                                77\u00a0% der Energieberatenden leh\u00adnen Ab\u00adschaf\u00adfung der 65%-Regel \n                              \u003Cspan class=\u0022headline-last-word-arrow\u0022\u003Eab                      \u003C\/span\u003E\n        \u003C\/h4\u003E\n            \u003Cdiv class=\u0022teaser-content--publishing-date\u0022\u003E\u003Ctime datetime=\u00222026-04-17T09:06:16Z\u0022\u003E17.04.2026\u003C\/time\u003E\n\u003C\/div\u003E\u003Cspan class=\u0022teaser-content--publishing-date-divider\u0022\u003E - \u003C\/span\u003E\u003Cdiv class=\u0022teaser-content--body\u0022\u003E\u003Cp\u003EDie geplante ersatz\u00adlose Strei\u00adchung der 65-%-Regel f\u00fcr er\u00adneu\u00ader\u00adbare Heiz\u00adenergie st\u00f6\u00dft bei Ener\u00adgie\u00adbe\u00adra\u00adten\u00adden auf breite Ab\u00adleh\u00adnung.\u003C\/p\u003E\n\u003C\/div\u003E\n                        \u003Cspan class=\u0022read-more-arrow-container\u0022\u003E\n            \u003Cspan class=\u0022read-more-angled-arrow\u0022\u003E \u003C\/span\u003E\n          \u003C\/span\u003E\n                  \u003C\/div\u003E\n    \u003C\/a\u003E\n\u003Ca href=\u0022\/energieberatung\/hea-und-den-bauen-kooperation-der-energieberatung-aus\u0022  class=\u0022teaser teaser--standard\u0022 aria-label=\u0022HEA und DEN bauen Kooperation in der Energieberatung aus\u0022\u003E\n      \u003Cdiv class=\u0022teaser-content--image\u0022\u003E\n        \u003Cfigure class=\u0022image--figure\u0022\u003E\n        \u003Cpicture\u003E\n                        \u003Csource srcset=\u0022\/sites\/default\/files\/styles\/teaser_standard__m\/public\/aurora\/2026\/04\/529623.jpeg.webp?itok=RISSCTcc 1x\u0022 media=\u0022(min-width: 48.0625em) and (max-width: 64em)\u0022 type=\u0022image\/webp\u0022 width=\u0022323\u0022 height=\u0022215\u0022\/\u003E\n                  \u003Csource srcset=\u0022\/sites\/default\/files\/styles\/teaser_standard__l\/public\/aurora\/2026\/04\/529623.jpeg.webp?itok=xLXxxp_s 1x\u0022 media=\u0022(min-width: 64.0625em)\u0022 type=\u0022image\/webp\u0022 width=\u0022203\u0022 height=\u0022135\u0022\/\u003E\n                  \u003Csource srcset=\u0022\/sites\/default\/files\/styles\/teaser_standard__m\/public\/aurora\/2026\/04\/529623.jpeg?itok=ktCQapLY 1x\u0022 media=\u0022(min-width: 48.0625em) and (max-width: 64em)\u0022 type=\u0022image\/jpeg\u0022 width=\u0022323\u0022 height=\u0022215\u0022\/\u003E\n                  \u003Csource srcset=\u0022\/sites\/default\/files\/styles\/teaser_standard__l\/public\/aurora\/2026\/04\/529623.jpeg?itok=1oEPWw1G 1x\u0022 media=\u0022(min-width: 64.0625em)\u0022 type=\u0022image\/jpeg\u0022 width=\u0022203\u0022 height=\u0022135\u0022\/\u003E\n                          \u003Cimg alt=\u0022Neben dem Verkehrssektor hat vor allem der Geb\u00e4udesektor bei der CO2-Reduktion einiges aufzuholen. Dazu braucht es allerdings fl\u00e4chendeckend verf\u00fcgbare qualifizierte Energieberatung .\u0022 loading=\u0022eager\u0022 data-caption-hide width=\u0022597\u0022 height=\u0022398\u0022 data-zoomed=\u0022https:\/\/www.geb-info.de\/sites\/default\/files\/styles\/content__zoomed\/public\/aurora\/2026\/04\/529623.jpeg?itok=rVttV9dR\u0022 src=\u0022\/sites\/default\/files\/styles\/teaser_standard__s\/public\/aurora\/2026\/04\/529623.jpeg?itok=MfdgwkBQ\u0022 title=\u0022\u00a9 Ingo Bartussek - AdobeStock\u0022 \/\u003E\n\n    \u003C\/picture\u003E\n      \u003Cfigcaption class=\u0022image--figcaption\u0022\u003E\n          \u003Cdiv class=\u0022copyright\u0022\u003EIngo Bartussek - AdobeStock\u003C\/div\u003E\n          \u003C\/figcaption\u003E\n\u003C\/figure\u003E\n\n\n    \u003C\/div\u003E\n    \u003Cdiv class=\u0022teaser-content\u0022\u003E\n                    \u003Cdiv class=\u0022teaser-content--kicker\u0022\u003E\n                    \n        \u003C\/div\u003E\n                                              \n                        \n        \u003Ch4 class=\u0022teaser-content--headline\u0022\u003E\n                                HEA und DEN bauen Kooperation in der Energieberatung \n                              \u003Cspan class=\u0022headline-last-word-arrow\u0022\u003Eaus                      \u003C\/span\u003E\n        \u003C\/h4\u003E\n            \u003Cdiv class=\u0022teaser-content--publishing-date\u0022\u003E\u003Ctime datetime=\u00222026-04-16T04:00:06Z\u0022\u003E16.04.2026\u003C\/time\u003E\n\u003C\/div\u003E\u003Cspan class=\u0022teaser-content--publishing-date-divider\u0022\u003E - \u003C\/span\u003E\u003Cdiv class=\u0022teaser-content--body\u0022\u003E\u003Cp\u003EDie Fachgemeinschaft f\u00fcr effiziente Energieanwendung und das Deutsche Energieberater-Netzwerk werden angesichts wachsender Anforderungen an die energetische Sanierung von Bestandsgeb\u00e4uden ihre Zusammenarbeit verst\u00e4rken.\u003C\/p\u003E\n\u003C\/div\u003E\n                        \u003Cspan class=\u0022read-more-arrow-container\u0022\u003E\n            \u003Cspan class=\u0022read-more-angled-arrow\u0022\u003E \u003C\/span\u003E\n          \u003C\/span\u003E\n                  \u003C\/div\u003E\n    \u003C\/a\u003E\n\u003Ca href=\u0022\/gebaeudeenergiegesetz-geg\/der-geg-berater-ihr-komplettpaket-fuer-die-energieberatung\u0022  class=\u0022teaser teaser--standard\u0022 aria-label=\u0022Der GEG-Berater: Ihr Komplettpaket f\u00fcr die Energieberatung\u0022\u003E\n      \u003Cdiv class=\u0022teaser-content--image\u0022\u003E\n        \u003Cfigure class=\u0022image--figure\u0022\u003E\n        \u003Cpicture\u003E\n                        \u003Csource srcset=\u0022\/sites\/default\/files\/styles\/teaser_standard__m\/public\/2026-04\/geg-berater_teaser.jpg.webp?itok=0aIgSJ5b 1x\u0022 media=\u0022(min-width: 48.0625em) and (max-width: 64em)\u0022 type=\u0022image\/webp\u0022 width=\u0022323\u0022 height=\u0022182\u0022\/\u003E\n                  \u003Csource srcset=\u0022\/sites\/default\/files\/styles\/teaser_standard__l\/public\/2026-04\/geg-berater_teaser.jpg.webp?itok=8uJLsnNB 1x\u0022 media=\u0022(min-width: 64.0625em)\u0022 type=\u0022image\/webp\u0022 width=\u0022203\u0022 height=\u0022114\u0022\/\u003E\n                  \u003Csource srcset=\u0022\/sites\/default\/files\/styles\/teaser_standard__m\/public\/2026-04\/geg-berater_teaser.jpg?itok=o2Tn4Z0X 1x\u0022 media=\u0022(min-width: 48.0625em) and (max-width: 64em)\u0022 type=\u0022image\/jpeg\u0022 width=\u0022323\u0022 height=\u0022182\u0022\/\u003E\n                  \u003Csource srcset=\u0022\/sites\/default\/files\/styles\/teaser_standard__l\/public\/2026-04\/geg-berater_teaser.jpg?itok=qyOhHBqw 1x\u0022 media=\u0022(min-width: 64.0625em)\u0022 type=\u0022image\/jpeg\u0022 width=\u0022203\u0022 height=\u0022114\u0022\/\u003E\n                          \u003Cimg loading=\u0022eager\u0022 data-caption-hide width=\u0022708\u0022 height=\u0022398\u0022 data-zoomed=\u0022https:\/\/www.geb-info.de\/sites\/default\/files\/styles\/content__zoomed\/public\/2026-04\/geg-berater_teaser.jpg?itok=X6mGHzkH\u0022 src=\u0022\/sites\/default\/files\/styles\/teaser_standard__s\/public\/2026-04\/geg-berater_teaser.jpg?itok=Dr16yo18\u0022 alt=\u0022\u0022 title=\u0022\u00a9 Hottgenroth Software AG\u0022 \/\u003E\n\n    \u003C\/picture\u003E\n      \u003Cfigcaption class=\u0022image--figcaption\u0022\u003E\n          \u003Cdiv class=\u0022copyright\u0022\u003EHottgenroth Software AG\u003C\/div\u003E\n          \u003C\/figcaption\u003E\n\u003C\/figure\u003E\n\n\n    \u003C\/div\u003E\n    \u003Cdiv class=\u0022teaser-content\u0022\u003E\n                    \u003Cdiv class=\u0022teaser-content--kicker\u0022\u003E\n                      \u003Cdiv class=\u0022teaser-content--advertisement\u0022\u003EAnzeige\u003C\/div\u003E\n                    \n        \u003C\/div\u003E\n                                              \n                        \n        \u003Ch4 class=\u0022teaser-content--headline\u0022\u003E\n                                Der GEG-Berater: Ihr Komplettpaket f\u00fcr die \n                              \u003Cspan class=\u0022headline-last-word-arrow\u0022\u003EEnergieberatung                      \u003C\/span\u003E\n        \u003C\/h4\u003E\n            \u003Cdiv class=\u0022teaser-content--publishing-date\u0022\u003E\u003Ctime datetime=\u00222026-04-13T08:00:00Z\u0022\u003E13.04.2026\u003C\/time\u003E\n\u003C\/div\u003E\u003Cspan class=\u0022teaser-content--publishing-date-divider\u0022\u003E - \u003C\/span\u003E\u003Cdiv class=\u0022teaser-content--body\u0022\u003E\u003Cp\u003EWeniger Aufwand, mehr Effizienz: Mit dem GEG-Berater der Hottgenroth Gruppe b\u00fcndeln Sie s\u00e4mtliche Schritte der Energieberatung in einer einzigen, durchg\u00e4ngigen Softwarel\u00f6sung. Von der Geb\u00e4udeerfassung \u00fcber die GEG-Bilanzierung bis hin zu Heizlast, L\u00fcftung und \u00d6kobilanz arbeiten Sie schneller, sicherer und vollst\u00e4ndig normkonform. Reduzieren Sie Komplexit\u00e4t und bringen Sie Ihre Projekte effizient ans Ziel.\u003C\/p\u003E\n\u003C\/div\u003E\n                        \u003Cspan class=\u0022read-more-arrow-container\u0022\u003E\n            \u003Cspan class=\u0022read-more-angled-arrow\u0022\u003E \u003C\/span\u003E\n          \u003C\/span\u003E\n                  \u003C\/div\u003E\n    \u003C\/a\u003E\n\u003Ca href=\u0022\/energieberatung\/stromkosten-versprochene-entlastung-fuer-privathaushalte-faellt-aus\u0022  class=\u0022teaser teaser--standard\u0022 aria-label=\u0022Stromkosten: versprochene Entlastung f\u00fcr Privathaushalte f\u00e4llt aus\u0022\u003E\n      \u003Cdiv class=\u0022teaser-content--image\u0022\u003E\n        \u003Cfigure class=\u0022image--figure\u0022\u003E\n        \u003Cpicture\u003E\n                        \u003Csource srcset=\u0022\/sites\/default\/files\/styles\/teaser_standard__m\/public\/aurora\/2026\/04\/528579.jpeg.webp?itok=fradqHcm 1x\u0022 media=\u0022(min-width: 48.0625em) and (max-width: 64em)\u0022 type=\u0022image\/webp\u0022 width=\u0022323\u0022 height=\u0022215\u0022\/\u003E\n                  \u003Csource srcset=\u0022\/sites\/default\/files\/styles\/teaser_standard__l\/public\/aurora\/2026\/04\/528579.jpeg.webp?itok=Oovyw53D 1x\u0022 media=\u0022(min-width: 64.0625em)\u0022 type=\u0022image\/webp\u0022 width=\u0022203\u0022 height=\u0022135\u0022\/\u003E\n                  \u003Csource srcset=\u0022\/sites\/default\/files\/styles\/teaser_standard__m\/public\/aurora\/2026\/04\/528579.jpeg?itok=9fJvHylR 1x\u0022 media=\u0022(min-width: 48.0625em) and (max-width: 64em)\u0022 type=\u0022image\/jpeg\u0022 width=\u0022323\u0022 height=\u0022215\u0022\/\u003E\n                  \u003Csource srcset=\u0022\/sites\/default\/files\/styles\/teaser_standard__l\/public\/aurora\/2026\/04\/528579.jpeg?itok=5oh12l9j 1x\u0022 media=\u0022(min-width: 64.0625em)\u0022 type=\u0022image\/jpeg\u0022 width=\u0022203\u0022 height=\u0022135\u0022\/\u003E\n                          \u003Cimg loading=\u0022eager\u0022 data-caption-hide width=\u0022597\u0022 height=\u0022398\u0022 data-zoomed=\u0022https:\/\/www.geb-info.de\/sites\/default\/files\/styles\/content__zoomed\/public\/aurora\/2026\/04\/528579.jpeg?itok=oPRW0u8E\u0022 src=\u0022\/sites\/default\/files\/styles\/teaser_standard__s\/public\/aurora\/2026\/04\/528579.jpeg?itok=O0qWsIUx\u0022 title=\u0022Eine Person h\u00e4lt eine leuchtende Gl\u00fchbirne in der Hand und legt M\u00fcnzen in ein Sparschwein, das Sparen und kluge Ideen symbolisiert. - \u00a9 Farknot Architect - stock.adobe.com\u0022 \/\u003E\n\n    \u003C\/picture\u003E\n      \u003Cfigcaption class=\u0022image--figcaption\u0022\u003E\n          \u003Cdiv class=\u0022copyright\u0022\u003EFarknot Architect - stock.adobe.com\u003C\/div\u003E\n          \u003C\/figcaption\u003E\n\u003C\/figure\u003E\n\n\n    \u003C\/div\u003E\n    \u003Cdiv class=\u0022teaser-content\u0022\u003E\n                    \u003Cdiv class=\u0022teaser-content--kicker\u0022\u003E\n                    \n        \u003C\/div\u003E\n                                              \n                        \n        \u003Ch4 class=\u0022teaser-content--headline\u0022\u003E\n                                Stromkosten: versprochene Entlastung f\u00fcr Privathaushalte f\u00e4llt \n                              \u003Cspan class=\u0022headline-last-word-arrow\u0022\u003Eaus                      \u003C\/span\u003E\n        \u003C\/h4\u003E\n            \u003Cdiv class=\u0022teaser-content--publishing-date\u0022\u003E\u003Ctime datetime=\u00222026-04-13T04:00:05Z\u0022\u003E13.04.2026\u003C\/time\u003E\n\u003C\/div\u003E\u003Cspan class=\u0022teaser-content--publishing-date-divider\u0022\u003E - \u003C\/span\u003E\u003Cdiv class=\u0022teaser-content--body\u0022\u003E\u003Cp\u003EDie von der Bundesregierung angek\u00fcndigte j\u00e4hrliche Ersparnis von 100 Euro beim Strompreis wird fast \u00fcberall deutlich verfehlt, wie eine Marktuntersuchung zeigt. Die Verbraucherzentrale fordert daher eine Senkung der Stromsteuer auf das europ\u00e4ische Mindestma\u00df.\u003C\/p\u003E\n\u003C\/div\u003E\n                        \u003Cspan class=\u0022read-more-arrow-container\u0022\u003E\n            \u003Cspan class=\u0022read-more-angled-arrow\u0022\u003E \u003C\/span\u003E\n          \u003C\/span\u003E\n                  \u003C\/div\u003E\n    \u003C\/a\u003E\n\u003Ca href=\u0022\/service\/software-neue-version-ist-auf-verschiedenen-endgeraeten-nutzbar\u0022  class=\u0022teaser teaser--standard\u0022 aria-label=\u0022Neue Version ist auf verschiedenen Endger\u00e4ten nutzbar\r\u0022\u003E\n      \u003Cdiv class=\u0022teaser-content--image\u0022\u003E\n        \u003Cfigure class=\u0022image--figure\u0022\u003E\n        \u003Cpicture\u003E\n                        \u003Csource srcset=\u0022\/sites\/default\/files\/styles\/teaser_standard__m\/public\/aurora\/2026\/03\/525850.jpeg.webp?itok=5BhxgiVR 1x\u0022 media=\u0022(min-width: 48.0625em) and (max-width: 64em)\u0022 type=\u0022image\/webp\u0022 width=\u0022323\u0022 height=\u0022181\u0022\/\u003E\n                  \u003Csource srcset=\u0022\/sites\/default\/files\/styles\/teaser_standard__l\/public\/aurora\/2026\/03\/525850.jpeg.webp?itok=iITcHKjc 1x\u0022 media=\u0022(min-width: 64.0625em)\u0022 type=\u0022image\/webp\u0022 width=\u0022203\u0022 height=\u0022114\u0022\/\u003E\n                  \u003Csource srcset=\u0022\/sites\/default\/files\/styles\/teaser_standard__m\/public\/aurora\/2026\/03\/525850.jpeg?itok=-CumOBQQ 1x\u0022 media=\u0022(min-width: 48.0625em) and (max-width: 64em)\u0022 type=\u0022image\/jpeg\u0022 width=\u0022323\u0022 height=\u0022181\u0022\/\u003E\n                  \u003Csource srcset=\u0022\/sites\/default\/files\/styles\/teaser_standard__l\/public\/aurora\/2026\/03\/525850.jpeg?itok=hZCNzOvb 1x\u0022 media=\u0022(min-width: 64.0625em)\u0022 type=\u0022image\/jpeg\u0022 width=\u0022203\u0022 height=\u0022114\u0022\/\u003E\n                          \u003Cimg loading=\u0022eager\u0022 data-caption-hide width=\u0022708\u0022 height=\u0022397\u0022 data-zoomed=\u0022https:\/\/www.geb-info.de\/sites\/default\/files\/styles\/content__zoomed\/public\/aurora\/2026\/03\/525850.jpeg?itok=-pX93nD0\u0022 src=\u0022\/sites\/default\/files\/styles\/teaser_standard__s\/public\/aurora\/2026\/03\/525850.jpeg?itok=FZBRwjd_\u0022 title=\u0022Der geteilte Bildschirm zeigt Geb\u00e4udedaten in einer Tabelle auf der linken Seite und ein 3D-Architekturmodell auf der rechten Seite. - \u00a9 Bild: ZUB Systems\u0022 \/\u003E\n\n    \u003C\/picture\u003E\n      \u003Cfigcaption class=\u0022image--figcaption\u0022\u003E\n          \u003Cdiv class=\u0022copyright\u0022\u003EBild: ZUB Systems\u003C\/div\u003E\n          \u003C\/figcaption\u003E\n\u003C\/figure\u003E\n\n\n    \u003C\/div\u003E\n    \u003Cdiv class=\u0022teaser-content\u0022\u003E\n                    \u003Cdiv class=\u0022teaser-content--kicker\u0022\u003E\n                    Software\n        \u003C\/div\u003E\n                                              \n                        \n        \u003Ch4 class=\u0022teaser-content--headline\u0022\u003E\n                                Neue Version ist auf verschiedenen Endger\u00e4ten \n                              \u003Cspan class=\u0022headline-last-word-arrow\u0022\u003Enutzbar                      \u003C\/span\u003E\n        \u003C\/h4\u003E\n            \u003Cdiv class=\u0022teaser-content--publishing-date\u0022\u003E\u003Ctime datetime=\u00222026-04-07T12:09:23Z\u0022\u003E07.04.2026\u003C\/time\u003E\n\u003C\/div\u003E\u003Cspan class=\u0022teaser-content--publishing-date-divider\u0022\u003E - \u003C\/span\u003E\u003Cdiv class=\u0022teaser-content--body\u0022\u003E  \u003Cp\u003EDie Software ZUB E-CAD 6 von ZUB Systems bietet Energieberatenden eine Grundlage f\u00fcr die Geb\u00e4udebilanzierung. Die neue Version erleichtert die Ermittlung von Fl\u00e4chen, Volumina und Zonen gem\u00e4\u00df DIN V 18599-10 und erm\u00f6glicht durch eine COM-Schnittstelle zur Energieberatersoftware ZUB Helena eine...\u003C\/p\u003E\n\n\n\u003C\/div\u003E\n                        \u003Cspan class=\u0022read-more-arrow-container\u0022\u003E\n            \u003Cspan class=\u0022read-more-angled-arrow\u0022\u003E \u003C\/span\u003E\n          \u003C\/span\u003E\n                  \u003C\/div\u003E\n    \u003C\/a\u003E\n\u003Ca href=\u0022\/service\/software-individuellen-sanierungsfahrplan-erstellen\u0022  class=\u0022teaser teaser--standard\u0022 aria-label=\u0022Individuellen Sanierungs\u00adfahrplan erstellen\r\u0022\u003E\n      \u003Cdiv class=\u0022teaser-content--image\u0022\u003E\n        \u003Cfigure class=\u0022image--figure\u0022\u003E\n        \u003Cpicture\u003E\n                        \u003Csource srcset=\u0022\/sites\/default\/files\/styles\/teaser_standard__m\/public\/aurora\/2026\/03\/525862.jpeg.webp?itok=dsNP2nXI 1x\u0022 media=\u0022(min-width: 48.0625em) and (max-width: 64em)\u0022 type=\u0022image\/webp\u0022 width=\u0022323\u0022 height=\u0022189\u0022\/\u003E\n                  \u003Csource srcset=\u0022\/sites\/default\/files\/styles\/teaser_standard__l\/public\/aurora\/2026\/03\/525862.jpeg.webp?itok=NlnvBZzg 1x\u0022 media=\u0022(min-width: 64.0625em)\u0022 type=\u0022image\/webp\u0022 width=\u0022203\u0022 height=\u0022119\u0022\/\u003E\n                  \u003Csource srcset=\u0022\/sites\/default\/files\/styles\/teaser_standard__m\/public\/aurora\/2026\/03\/525862.jpeg?itok=K3B9zvP_ 1x\u0022 media=\u0022(min-width: 48.0625em) and (max-width: 64em)\u0022 type=\u0022image\/jpeg\u0022 width=\u0022323\u0022 height=\u0022189\u0022\/\u003E\n                  \u003Csource srcset=\u0022\/sites\/default\/files\/styles\/teaser_standard__l\/public\/aurora\/2026\/03\/525862.jpeg?itok=05UbbrB7 1x\u0022 media=\u0022(min-width: 64.0625em)\u0022 type=\u0022image\/jpeg\u0022 width=\u0022203\u0022 height=\u0022119\u0022\/\u003E\n                          \u003Cimg loading=\u0022eager\u0022 data-caption-hide width=\u0022680\u0022 height=\u0022398\u0022 data-zoomed=\u0022https:\/\/www.geb-info.de\/sites\/default\/files\/styles\/content__zoomed\/public\/aurora\/2026\/03\/525862.jpeg?itok=o3e9pe8q\u0022 src=\u0022\/sites\/default\/files\/styles\/teaser_standard__s\/public\/aurora\/2026\/03\/525862.jpeg?itok=vYZjOWWZ\u0022 title=\u0022Ein Raster mit Symbolen und farbigen Bl\u00f6cken mit den Bezeichnungen Bauphysik, GEG + Energieberatung und Supplement. - \u00a9 Bild: D\u00e4mmwerk\u0022 \/\u003E\n\n    \u003C\/picture\u003E\n      \u003Cfigcaption class=\u0022image--figcaption\u0022\u003E\n          \u003Cdiv class=\u0022copyright\u0022\u003EBild: D\u00e4mmwerk\u003C\/div\u003E\n          \u003C\/figcaption\u003E\n\u003C\/figure\u003E\n\n\n    \u003C\/div\u003E\n    \u003Cdiv class=\u0022teaser-content\u0022\u003E\n                    \u003Cdiv class=\u0022teaser-content--kicker\u0022\u003E\n                    Software\n        \u003C\/div\u003E\n                                              \n                        \n        \u003Ch4 class=\u0022teaser-content--headline\u0022\u003E\n                                Individuellen Sanierungs\u00adfahrplan \n                              \u003Cspan class=\u0022headline-last-word-arrow\u0022\u003Eerstellen                      \u003C\/span\u003E\n        \u003C\/h4\u003E\n            \u003Cdiv class=\u0022teaser-content--publishing-date\u0022\u003E\u003Ctime datetime=\u00222026-04-07T12:09:20Z\u0022\u003E07.04.2026\u003C\/time\u003E\n\u003C\/div\u003E\u003Cspan class=\u0022teaser-content--publishing-date-divider\u0022\u003E - \u003C\/span\u003E\u003Cdiv class=\u0022teaser-content--body\u0022\u003E  \u003Cp\u003ESeit 2017 gibt es den individuellen Sanierungsfahrplan (iSFP). Er entstand im Auftrag des Bundesministeriums f\u00fcr Wirtschaft und Energie und gilt als Standard, um die Energieberatung f\u00fcr Wohngeb\u00e4ude zu strukturieren und zu optimieren. Die Software iSFP von Kern eignet sich sowohl f\u00fcr Fahrpl\u00e4ne zur...\u003C\/p\u003E\n\n\n\u003C\/div\u003E\n                        \u003Cspan class=\u0022read-more-arrow-container\u0022\u003E\n            \u003Cspan class=\u0022read-more-angled-arrow\u0022\u003E \u003C\/span\u003E\n          \u003C\/span\u003E\n                  \u003C\/div\u003E\n    \u003C\/a\u003E\n\u003Ca href=\u0022\/schwerpunkt\/propan-waermepumpen-bei-stromausfall-haertetest-fuer-monoblock-geraete\u0022  class=\u0022teaser teaser--standard\u0022 aria-label=\u0022\ufeffH\u00e4rtetest f\u00fcr Monoblock-Ger\u00e4te\r\u0022\u003E\n      \u003Cdiv class=\u0022teaser-content--image\u0022\u003E\n        \u003Cfigure class=\u0022image--figure\u0022\u003E\n        \u003Cpicture\u003E\n                        \u003Csource srcset=\u0022\/sites\/default\/files\/styles\/teaser_standard__m\/public\/aurora\/2026\/04\/525888.jpeg.webp?itok=HcsIqP3w 1x\u0022 media=\u0022(min-width: 48.0625em) and (max-width: 64em)\u0022 type=\u0022image\/webp\u0022 width=\u0022323\u0022 height=\u0022174\u0022\/\u003E\n                  \u003Csource srcset=\u0022\/sites\/default\/files\/styles\/teaser_standard__l\/public\/aurora\/2026\/04\/525888.jpeg.webp?itok=d93oXvxU 1x\u0022 media=\u0022(min-width: 64.0625em)\u0022 type=\u0022image\/webp\u0022 width=\u0022203\u0022 height=\u0022109\u0022\/\u003E\n                  \u003Csource srcset=\u0022\/sites\/default\/files\/styles\/teaser_standard__m\/public\/aurora\/2026\/04\/525888.jpeg?itok=Tab9-BgA 1x\u0022 media=\u0022(min-width: 48.0625em) and (max-width: 64em)\u0022 type=\u0022image\/jpeg\u0022 width=\u0022323\u0022 height=\u0022174\u0022\/\u003E\n                  \u003Csource srcset=\u0022\/sites\/default\/files\/styles\/teaser_standard__l\/public\/aurora\/2026\/04\/525888.jpeg?itok=K8gxIPsY 1x\u0022 media=\u0022(min-width: 64.0625em)\u0022 type=\u0022image\/jpeg\u0022 width=\u0022203\u0022 height=\u0022109\u0022\/\u003E\n                          \u003Cimg alt=\u0022Wintertest im Labor: Monoblock-W\u00e4rmepumpen zeichnen sich dadurch aus, dass neben der W\u00e4rmegewinnung aus der Au\u00dfenluft auch die W\u00e4rme\u00fcbergabe an das Heizwasser im Ger\u00e4t stattfindet. Die wasserf\u00fchrende Leitung zwischen Ger\u00e4t und Geb\u00e4ude ist die Achillesferse der Anlage und sollte entsprechend gut ged\u00e4mmt sein.\u0022 loading=\u0022eager\u0022 data-caption-hide width=\u0022708\u0022 height=\u0022381\u0022 data-zoomed=\u0022https:\/\/www.geb-info.de\/sites\/default\/files\/styles\/content__zoomed\/public\/aurora\/2026\/04\/525888.jpeg?itok=6jx751GB\u0022 src=\u0022\/sites\/default\/files\/styles\/teaser_standard__s\/public\/aurora\/2026\/04\/525888.jpeg?itok=HxxF5PpO\u0022 title=\u0022\u00a9 Bild: Bosch Thermotechnik\u0022 \/\u003E\n\n    \u003C\/picture\u003E\n      \u003Cfigcaption class=\u0022image--figcaption\u0022\u003E\n          \u003Cdiv class=\u0022copyright\u0022\u003EBild: Bosch Thermotechnik\u003C\/div\u003E\n          \u003C\/figcaption\u003E\n\u003C\/figure\u003E\n\n\n    \u003C\/div\u003E\n    \u003Cdiv class=\u0022teaser-content\u0022\u003E\n                    \u003Cdiv class=\u0022teaser-content--kicker\u0022\u003E\n                    Propan-W\u00e4rmepumpen bei Stromausfall\n        \u003C\/div\u003E\n                                              \n                        \n        \u003Ch4 class=\u0022teaser-content--headline\u0022\u003E\n                                \ufeffH\u00e4rtetest f\u00fcr \n                              \u003Cspan class=\u0022headline-last-word-arrow\u0022\u003EMonoblock-Ger\u00e4te              \u003Cspan\n                  class=\u0022permission-lock permission-lock-icon--\u0022\u003E\u003C\/span\u003E\n                                  \u003C\/span\u003E\n        \u003C\/h4\u003E\n            \u003Cdiv class=\u0022teaser-content--publishing-date\u0022\u003E\u003Ctime datetime=\u00222026-04-07T12:09:10Z\u0022\u003E07.04.2026\u003C\/time\u003E\n\u003C\/div\u003E\u003Cspan class=\u0022teaser-content--publishing-date-divider\u0022\u003E - \u003C\/span\u003E\u003Cdiv class=\u0022teaser-content--body\u0022\u003E\u003Cp\u003EAnfang Januar stellte der Stromausfall im Berliner S\u00fcdwesten viele Betroffene auf eine Nervenprobe. Besitzer:innen von Propan-W\u00e4rmepumpen wurden zus\u00e4tzlich durch das Ger\u00fccht \u00fcber eine angebliche Explosionsgefahr\u0026nbsp;durch das K\u00e4ltemittel verunsichert. So haltlos diese Behauptung auch ist, kann sie doch Modernisierungswillige von einem Wechsel zur Umweltw\u00e4rme abhalten. Energieberatende k\u00f6nnen jedoch auf die \u00c4ngste eingehen und zugleich \u00fcber die Vorteile einer Modernisierung aufkl\u00e4ren.\u2003Alexander Borchert\u003C\/p\u003E\n\u003C\/div\u003E\n                        \u003Cspan class=\u0022read-more-arrow-container\u0022\u003E\n            \u003Cspan class=\u0022read-more-angled-arrow\u0022\u003E \u003C\/span\u003E\n          \u003C\/span\u003E\n                  \u003C\/div\u003E\n    \u003C\/a\u003E\n\u003Ca href=\u0022\/fachwissen\/algen-und-pilzbefall-hinauszoegern-2-es-den-mikroben-schwer-machen\u0022  class=\u0022teaser teaser--standard\u0022 aria-label=\u0022Es den Mikroben schwer machen\r\u0022\u003E\n      \u003Cdiv class=\u0022teaser-content--image\u0022\u003E\n        \u003Cfigure class=\u0022image--figure\u0022\u003E\n        \u003Cpicture\u003E\n                        \u003Csource srcset=\u0022\/sites\/default\/files\/styles\/teaser_standard__m\/public\/aurora\/2026\/04\/526265.jpeg.webp?itok=e4JUFVoW 1x\u0022 media=\u0022(min-width: 48.0625em) and (max-width: 64em)\u0022 type=\u0022image\/webp\u0022 width=\u0022172\u0022 height=\u0022242\u0022\/\u003E\n                  \u003Csource srcset=\u0022\/sites\/default\/files\/styles\/teaser_standard__l\/public\/aurora\/2026\/04\/526265.jpeg.webp?itok=LWI_y-DR 1x\u0022 media=\u0022(min-width: 64.0625em)\u0022 type=\u0022image\/webp\u0022 width=\u0022108\u0022 height=\u0022152\u0022\/\u003E\n                  \u003Csource srcset=\u0022\/sites\/default\/files\/styles\/teaser_standard__m\/public\/aurora\/2026\/04\/526265.jpeg?itok=3bYRMj93 1x\u0022 media=\u0022(min-width: 48.0625em) and (max-width: 64em)\u0022 type=\u0022image\/jpeg\u0022 width=\u0022172\u0022 height=\u0022242\u0022\/\u003E\n                  \u003Csource srcset=\u0022\/sites\/default\/files\/styles\/teaser_standard__l\/public\/aurora\/2026\/04\/526265.jpeg?itok=DPsYT60y 1x\u0022 media=\u0022(min-width: 64.0625em)\u0022 type=\u0022image\/jpeg\u0022 width=\u0022108\u0022 height=\u0022152\u0022\/\u003E\n                          \u003Cimg alt=\u00221 \u2002Algenbefall kann dort auftreten, wo die Fassaden einer starken Feuchte\u00adbelastung ausgesetzt sind und nicht in ausreichendem Ma\u00df austrocknen k\u00f6nnen. Wo der W\u00e4rmeschutz des Geb\u00e4udes durch W\u00e4rmebr\u00fccken unterbrochen wird, wie hier im Bild durch die D\u00fcbelungen der D\u00e4mmpackung, zeigen sich L\u00fccken.\u0022 loading=\u0022eager\u0022 data-caption-hide width=\u0022283\u0022 height=\u0022398\u0022 data-zoomed=\u0022https:\/\/www.geb-info.de\/sites\/default\/files\/styles\/content__zoomed\/public\/aurora\/2026\/04\/526265.jpeg?itok=O6n-S9qs\u0022 src=\u0022\/sites\/default\/files\/styles\/teaser_standard__s\/public\/aurora\/2026\/04\/526265.jpeg?itok=BCPMePZ-\u0022 title=\u0022\u00a9 Bild: Frank Fr\u00f6ssel\u0022 \/\u003E\n\n    \u003C\/picture\u003E\n      \u003Cfigcaption class=\u0022image--figcaption\u0022\u003E\n          \u003Cdiv class=\u0022copyright\u0022\u003EBild: Frank Fr\u00f6ssel\u003C\/div\u003E\n          \u003C\/figcaption\u003E\n\u003C\/figure\u003E\n\n\n    \u003C\/div\u003E\n    \u003Cdiv class=\u0022teaser-content\u0022\u003E\n                    \u003Cdiv class=\u0022teaser-content--kicker\u0022\u003E\n                    Algen- und Pilzbefall hinausz\u00f6gern (2)\n        \u003C\/div\u003E\n                                              \n                        \n        \u003Ch4 class=\u0022teaser-content--headline\u0022\u003E\n                                Es den Mikroben schwer \n                              \u003Cspan class=\u0022headline-last-word-arrow\u0022\u003Emachen              \u003Cspan\n                  class=\u0022permission-lock permission-lock-icon--\u0022\u003E\u003C\/span\u003E\n                                  \u003C\/span\u003E\n        \u003C\/h4\u003E\n            \u003Cdiv class=\u0022teaser-content--publishing-date\u0022\u003E\u003Ctime datetime=\u00222026-04-07T12:08:41Z\u0022\u003E07.04.2026\u003C\/time\u003E\n\u003C\/div\u003E\u003Cspan class=\u0022teaser-content--publishing-date-divider\u0022\u003E - \u003C\/span\u003E\u003Cdiv class=\u0022teaser-content--body\u0022\u003E\u003Cp\u003ENachdem sich der erste Teil dieses Beitrags mit den Ursachen f\u00fcr einen mikrobiellen Befall von Fassaden besch\u00e4ftigt hat, geht es im zweiten Teil um die Ma\u00dfnahmen, mit denen sich die Ansiedlung von Algen, Pilzen und Bakterien zumindest erschweren l\u00e4sst.\u2003Frank Fr\u00f6ssel\ufeff\u003C\/p\u003E\n\u003C\/div\u003E\n                        \u003Cspan class=\u0022read-more-arrow-container\u0022\u003E\n            \u003Cspan class=\u0022read-more-angled-arrow\u0022\u003E \u003C\/span\u003E\n          \u003C\/span\u003E\n                  \u003C\/div\u003E\n    \u003C\/a\u003E\n\u003Ca href=\u0022\/fachwissen\/14-gih-bundeskongress-fachleute-feierlaune\u0022  class=\u0022teaser teaser--standard\u0022 aria-label=\u0022Fachleute in Feierlaune!?\r\u0022\u003E\n      \u003Cdiv class=\u0022teaser-content--image\u0022\u003E\n        \u003Cfigure class=\u0022image--figure\u0022\u003E\n        \u003Cpicture\u003E\n                        \u003Csource srcset=\u0022\/sites\/default\/files\/styles\/teaser_standard__m\/public\/aurora\/2026\/04\/526279.jpeg.webp?itok=PdGc_c8z 1x\u0022 media=\u0022(min-width: 48.0625em) and (max-width: 64em)\u0022 type=\u0022image\/webp\u0022 width=\u0022323\u0022 height=\u0022199\u0022\/\u003E\n                  \u003Csource srcset=\u0022\/sites\/default\/files\/styles\/teaser_standard__l\/public\/aurora\/2026\/04\/526279.jpeg.webp?itok=mac6Za43 1x\u0022 media=\u0022(min-width: 64.0625em)\u0022 type=\u0022image\/webp\u0022 width=\u0022203\u0022 height=\u0022125\u0022\/\u003E\n                  \u003Csource srcset=\u0022\/sites\/default\/files\/styles\/teaser_standard__m\/public\/aurora\/2026\/04\/526279.jpeg?itok=qlmXEopf 1x\u0022 media=\u0022(min-width: 48.0625em) and (max-width: 64em)\u0022 type=\u0022image\/jpeg\u0022 width=\u0022323\u0022 height=\u0022199\u0022\/\u003E\n                  \u003Csource srcset=\u0022\/sites\/default\/files\/styles\/teaser_standard__l\/public\/aurora\/2026\/04\/526279.jpeg?itok=klDq4FZ5 1x\u0022 media=\u0022(min-width: 64.0625em)\u0022 type=\u0022image\/jpeg\u0022 width=\u0022203\u0022 height=\u0022125\u0022\/\u003E\n                          \u003Cimg alt=\u0022Beim GIH Bundeskongress teilen Expert:innen  aktuelle Erkenntnisse, Trends und Praxisbeispiele rund um Energieeffizienz, F\u00f6rderung und energetische Konzepte.\u0022 loading=\u0022eager\u0022 data-caption-hide width=\u0022647\u0022 height=\u0022398\u0022 data-zoomed=\u0022https:\/\/www.geb-info.de\/sites\/default\/files\/styles\/content__zoomed\/public\/aurora\/2026\/04\/526279.jpeg?itok=G8rFoX8h\u0022 src=\u0022\/sites\/default\/files\/styles\/teaser_standard__s\/public\/aurora\/2026\/04\/526279.jpeg?itok=5IWebQ6Y\u0022 title=\u0022\u00a9 Bild: GIH\u0022 \/\u003E\n\n    \u003C\/picture\u003E\n      \u003Cfigcaption class=\u0022image--figcaption\u0022\u003E\n          \u003Cdiv class=\u0022copyright\u0022\u003EBild: GIH\u003C\/div\u003E\n          \u003C\/figcaption\u003E\n\u003C\/figure\u003E\n\n\n    \u003C\/div\u003E\n    \u003Cdiv class=\u0022teaser-content\u0022\u003E\n                    \u003Cdiv class=\u0022teaser-content--kicker\u0022\u003E\n                    14. GIH-Bundeskongress\n        \u003C\/div\u003E\n                                              \n                        \n        \u003Ch4 class=\u0022teaser-content--headline\u0022\u003E\n                                Fachleute in \n                              \u003Cspan class=\u0022headline-last-word-arrow\u0022\u003EFeierlaune!?              \u003Cspan\n                  class=\u0022permission-lock permission-lock-icon--\u0022\u003E\u003C\/span\u003E\n                                  \u003C\/span\u003E\n        \u003C\/h4\u003E\n            \u003Cdiv class=\u0022teaser-content--publishing-date\u0022\u003E\u003Ctime datetime=\u00222026-04-07T12:08:40Z\u0022\u003E07.04.2026\u003C\/time\u003E\n\u003C\/div\u003E\u003Cspan class=\u0022teaser-content--publishing-date-divider\u0022\u003E - \u003C\/span\u003E\u003Cdiv class=\u0022teaser-content--body\u0022\u003E\u003Cp\u003EBei seinem Bundeskongress am 7. Mai 2026 kann der Energie\u00adberatungsverband GIH auf 25 Jahre zur\u00fcckblicken und auf das Verbandsbestehen ansto\u00dfen. Davor allerdings gilt es die weniger erfreulichen aktuellen politischen Vorhaben zu diskutieren. Wer wissen will, wohin die Energieberatung steuert, sollte sich anmelden.\u003C\/p\u003E\n\u003C\/div\u003E\n                        \u003Cspan class=\u0022read-more-arrow-container\u0022\u003E\n            \u003Cspan class=\u0022read-more-angled-arrow\u0022\u003E \u003C\/span\u003E\n          \u003C\/span\u003E\n                  \u003C\/div\u003E\n    \u003C\/a\u003E\n\u003Ca href=\u0022\/fachwissen\/marktuebersicht-geg-software-energieeffizienz-nach-programm\u0022  class=\u0022teaser teaser--standard\u0022 aria-label=\u0022Energieeffizienz nach Programm\r\u0022\u003E\n      \u003Cdiv class=\u0022teaser-content--image\u0022\u003E\n        \u003Cfigure class=\u0022image--figure\u0022\u003E\n        \u003Cpicture\u003E\n                        \u003Csource srcset=\u0022\/sites\/default\/files\/styles\/teaser_standard__m\/public\/aurora\/2026\/04\/526131.jpeg.webp?itok=DaR9bVd6 1x\u0022 media=\u0022(min-width: 48.0625em) and (max-width: 64em)\u0022 type=\u0022image\/webp\u0022 width=\u0022323\u0022 height=\u0022237\u0022\/\u003E\n                  \u003Csource srcset=\u0022\/sites\/default\/files\/styles\/teaser_standard__l\/public\/aurora\/2026\/04\/526131.jpeg.webp?itok=IsgqmyI8 1x\u0022 media=\u0022(min-width: 64.0625em)\u0022 type=\u0022image\/webp\u0022 width=\u0022203\u0022 height=\u0022149\u0022\/\u003E\n                  \u003Csource srcset=\u0022\/sites\/default\/files\/styles\/teaser_standard__m\/public\/aurora\/2026\/04\/526131.jpeg?itok=hSCEB6Zh 1x\u0022 media=\u0022(min-width: 48.0625em) and (max-width: 64em)\u0022 type=\u0022image\/jpeg\u0022 width=\u0022323\u0022 height=\u0022237\u0022\/\u003E\n                  \u003Csource srcset=\u0022\/sites\/default\/files\/styles\/teaser_standard__l\/public\/aurora\/2026\/04\/526131.jpeg?itok=qXYQY1eO 1x\u0022 media=\u0022(min-width: 64.0625em)\u0022 type=\u0022image\/jpeg\u0022 width=\u0022203\u0022 height=\u0022149\u0022\/\u003E\n                          \u003Cimg alt=\u0022Software unterst\u00fctzt Energieberatende nicht nur bei der Geb\u00e4ude- und Raumerfassung oder Ausweiserstellung, \u2026\u0022 loading=\u0022eager\u0022 data-caption-hide width=\u0022543\u0022 height=\u0022398\u0022 data-zoomed=\u0022https:\/\/www.geb-info.de\/sites\/default\/files\/styles\/content__zoomed\/public\/aurora\/2026\/04\/526131.jpeg?itok=XubhLI2p\u0022 src=\u0022\/sites\/default\/files\/styles\/teaser_standard__s\/public\/aurora\/2026\/04\/526131.jpeg?itok=ELKCVX5z\u0022 title=\u0022\u00a9 Bild: Microsoft, KI-generiert, Prompt: Behaneck\u0022 \/\u003E\n\n    \u003C\/picture\u003E\n      \u003Cfigcaption class=\u0022image--figcaption\u0022\u003E\n          \u003Cdiv class=\u0022copyright\u0022\u003EBild: Microsoft, KI-generiert, Prompt: Behaneck\u003C\/div\u003E\n          \u003C\/figcaption\u003E\n\u003C\/figure\u003E\n\n\n    \u003C\/div\u003E\n    \u003Cdiv class=\u0022teaser-content\u0022\u003E\n                    \u003Cdiv class=\u0022teaser-content--kicker\u0022\u003E\n                    Markt\u00fcbersicht GEG-Software\n        \u003C\/div\u003E\n                                              \n                        \n        \u003Ch4 class=\u0022teaser-content--headline\u0022\u003E\n                                Energieeffizienz nach \n                              \u003Cspan class=\u0022headline-last-word-arrow\u0022\u003EProgramm              \u003Cspan\n                  class=\u0022permission-lock permission-lock-icon--\u0022\u003E\u003C\/span\u003E\n                                  \u003C\/span\u003E\n        \u003C\/h4\u003E\n            \u003Cdiv class=\u0022teaser-content--publishing-date\u0022\u003E\u003Ctime datetime=\u00222026-04-07T12:08:31Z\u0022\u003E07.04.2026\u003C\/time\u003E\n\u003C\/div\u003E\u003Cspan class=\u0022teaser-content--publishing-date-divider\u0022\u003E - \u003C\/span\u003E\u003Cdiv class=\u0022teaser-content--body\u0022\u003E\u003Cp\u003EOb Geb\u00e4udeenergie- oder Geb\u00e4udemodernisierungsgesetz \u2013 Energieberatende ben\u00f6tigen digitale Unterst\u00fctzung in Form von Software f\u00fcr ihre vielf\u00e4ltigen Aufgaben wie etwa die energetische Analyse und Sanierung, die Energieausweiserstellung oder Ma\u00dfnahmenoptimierung. Das Angebot an entsprechenden Tools ist gro\u00df, und diese unterscheiden sich in vielen Details.\u2003Marian Behaneck\u003C\/p\u003E\n\u003C\/div\u003E\n                        \u003Cspan class=\u0022read-more-arrow-container\u0022\u003E\n            \u003Cspan class=\u0022read-more-angled-arrow\u0022\u003E \u003C\/span\u003E\n          \u003C\/span\u003E\n                  \u003C\/div\u003E\n    \u003C\/a\u003E\n\u003Ca href=\u0022\/fachwissen\/effiziente-beratungsdienste-sanierungsfahrplaene-serie\u0022  class=\u0022teaser teaser--standard\u0022 aria-label=\u0022Sanierungsfahrpl\u00e4ne in Serie\r\u0022\u003E\n      \u003Cdiv class=\u0022teaser-content--image\u0022\u003E\n        \u003Cfigure class=\u0022image--figure\u0022\u003E\n        \u003Cpicture\u003E\n                        \u003Csource srcset=\u0022\/sites\/default\/files\/styles\/teaser_standard__m\/public\/aurora\/2026\/04\/526149.jpeg.webp?itok=ZI50IRih 1x\u0022 media=\u0022(min-width: 48.0625em) and (max-width: 64em)\u0022 type=\u0022image\/webp\u0022 width=\u0022323\u0022 height=\u0022176\u0022\/\u003E\n                  \u003Csource srcset=\u0022\/sites\/default\/files\/styles\/teaser_standard__l\/public\/aurora\/2026\/04\/526149.jpeg.webp?itok=O6yHFLPh 1x\u0022 media=\u0022(min-width: 64.0625em)\u0022 type=\u0022image\/webp\u0022 width=\u0022203\u0022 height=\u0022111\u0022\/\u003E\n                  \u003Csource srcset=\u0022\/sites\/default\/files\/styles\/teaser_standard__m\/public\/aurora\/2026\/04\/526149.jpeg?itok=z55_JtEC 1x\u0022 media=\u0022(min-width: 48.0625em) and (max-width: 64em)\u0022 type=\u0022image\/jpeg\u0022 width=\u0022323\u0022 height=\u0022176\u0022\/\u003E\n                  \u003Csource srcset=\u0022\/sites\/default\/files\/styles\/teaser_standard__l\/public\/aurora\/2026\/04\/526149.jpeg?itok=a8_FgZNm 1x\u0022 media=\u0022(min-width: 64.0625em)\u0022 type=\u0022image\/jpeg\u0022 width=\u0022203\u0022 height=\u0022111\u0022\/\u003E\n                          \u003Cimg alt=\u0022Zahlreiche Anbieter haben sich auf individuelle Sanierungsfahrpl\u00e4ne spezialisiert.\u0022 loading=\u0022eager\u0022 data-caption-hide width=\u0022708\u0022 height=\u0022387\u0022 data-zoomed=\u0022https:\/\/www.geb-info.de\/sites\/default\/files\/styles\/content__zoomed\/public\/aurora\/2026\/04\/526149.jpeg?itok=FgeCsBfG\u0022 src=\u0022\/sites\/default\/files\/styles\/teaser_standard__s\/public\/aurora\/2026\/04\/526149.jpeg?itok=0QQuWU5Y\u0022 title=\u0022\u00a9 Bild: USeePhoto - stock.adobe.com\u0022 \/\u003E\n\n    \u003C\/picture\u003E\n      \u003Cfigcaption class=\u0022image--figcaption\u0022\u003E\n          \u003Cdiv class=\u0022copyright\u0022\u003EBild: USeePhoto - stock.adobe.com\u003C\/div\u003E\n          \u003C\/figcaption\u003E\n\u003C\/figure\u003E\n\n\n    \u003C\/div\u003E\n    \u003Cdiv class=\u0022teaser-content\u0022\u003E\n                    \u003Cdiv class=\u0022teaser-content--kicker\u0022\u003E\n                    Effiziente Beratungsdienste\n        \u003C\/div\u003E\n                                              \n                        \n        \u003Ch4 class=\u0022teaser-content--headline\u0022\u003E\n                                Sanierungsfahrpl\u00e4ne in \n                              \u003Cspan class=\u0022headline-last-word-arrow\u0022\u003ESerie              \u003Cspan\n                  class=\u0022permission-lock permission-lock-icon--\u0022\u003E\u003C\/span\u003E\n                                  \u003C\/span\u003E\n        \u003C\/h4\u003E\n            \u003Cdiv class=\u0022teaser-content--publishing-date\u0022\u003E\u003Ctime datetime=\u00222026-04-07T12:08:27Z\u0022\u003E07.04.2026\u003C\/time\u003E\n\u003C\/div\u003E\u003Cspan class=\u0022teaser-content--publishing-date-divider\u0022\u003E - \u003C\/span\u003E\u003Cdiv class=\u0022teaser-content--body\u0022\u003E\u003Cp\u003EGr\u00f6\u00dfere Anbieter erstellen individuelle Sanierungsfahrpl\u00e4ne in hohen St\u00fcckzahlen. Der Vorteil f\u00fcr den Kunden: Die Unternehmen k\u00f6nnen den Service relativ preisg\u00fcnstig bereitstellen. Die Branchenverb\u00e4nde DEN und GIH sehen diese\u0026nbsp;Dienstleistung pragmatisch, f\u00fcrchten aber auch um die Unabh\u00e4ngigkeit bei der Beratung. \u2003Eva Kafke\u003C\/p\u003E\n\u003C\/div\u003E\n                        \u003Cspan class=\u0022read-more-arrow-container\u0022\u003E\n            \u003Cspan class=\u0022read-more-angled-arrow\u0022\u003E \u003C\/span\u003E\n          \u003C\/span\u003E\n                  \u003C\/div\u003E\n    \u003C\/a\u003E\n\u003Ca href=\u0022\/fachwissen\/energieberatertag-2026-waermewende-wie-gehts-weiter\u0022  class=\u0022teaser teaser--standard\u0022 aria-label=\u0022\ufeffW\u00e4rme\u00adwende \u2013 wie geht\u2019s weiter?\ufeff\r\u0022\u003E\n      \u003Cdiv class=\u0022teaser-content--image\u0022\u003E\n        \u003Cfigure class=\u0022image--figure\u0022\u003E\n        \u003Cpicture\u003E\n                        \u003Csource srcset=\u0022\/sites\/default\/files\/styles\/teaser_standard__m\/public\/aurora\/2026\/04\/525893.jpeg.webp?itok=Wze01tny 1x\u0022 media=\u0022(min-width: 48.0625em) and (max-width: 64em)\u0022 type=\u0022image\/webp\u0022 width=\u0022323\u0022 height=\u002293\u0022\/\u003E\n                  \u003Csource srcset=\u0022\/sites\/default\/files\/styles\/teaser_standard__l\/public\/aurora\/2026\/04\/525893.jpeg.webp?itok=5hYjksbN 1x\u0022 media=\u0022(min-width: 64.0625em)\u0022 type=\u0022image\/webp\u0022 width=\u0022203\u0022 height=\u002258\u0022\/\u003E\n                  \u003Csource srcset=\u0022\/sites\/default\/files\/styles\/teaser_standard__m\/public\/aurora\/2026\/04\/525893.jpeg?itok=wYbYmM2w 1x\u0022 media=\u0022(min-width: 48.0625em) and (max-width: 64em)\u0022 type=\u0022image\/jpeg\u0022 width=\u0022323\u0022 height=\u002293\u0022\/\u003E\n                  \u003Csource srcset=\u0022\/sites\/default\/files\/styles\/teaser_standard__l\/public\/aurora\/2026\/04\/525893.jpeg?itok=UfzAppR0 1x\u0022 media=\u0022(min-width: 64.0625em)\u0022 type=\u0022image\/jpeg\u0022 width=\u0022203\u0022 height=\u002258\u0022\/\u003E\n                          \u003Cimg alt=\u0022Auf dem Podium diskutierten Jens Acker (BMWE), Jutta Maria Betz (DEN), Stefan Bolln (GIH), Tim Hofmann (S Kreditpartner), Beatrice Kuhn (dena) und Dirk Markfort (KfW). GEB-Chefredakteur Joachim Berner (links) und Tagungsleiter Klaus Lambrecht (rechts) moderierten den Austausch.\u0022 loading=\u0022eager\u0022 data-caption-hide width=\u0022708\u0022 height=\u0022203\u0022 data-zoomed=\u0022https:\/\/www.geb-info.de\/sites\/default\/files\/styles\/content__zoomed\/public\/aurora\/2026\/04\/525893.jpeg?itok=i_yFTmCG\u0022 src=\u0022\/sites\/default\/files\/styles\/teaser_standard__s\/public\/aurora\/2026\/04\/525893.jpeg?itok=M4MBy_-T\u0022 title=\u0022\u00a9 Bild: Alisia Romeo\u0022 \/\u003E\n\n    \u003C\/picture\u003E\n      \u003Cfigcaption class=\u0022image--figcaption\u0022\u003E\n          \u003Cdiv class=\u0022copyright\u0022\u003EBild: Alisia Romeo\u003C\/div\u003E\n          \u003C\/figcaption\u003E\n\u003C\/figure\u003E\n\n\n    \u003C\/div\u003E\n    \u003Cdiv class=\u0022teaser-content\u0022\u003E\n                    \u003Cdiv class=\u0022teaser-content--kicker\u0022\u003E\n                    \ufeffEnergieberatertag 2026\n        \u003C\/div\u003E\n                                              \n                        \n        \u003Ch4 class=\u0022teaser-content--headline\u0022\u003E\n                                \ufeffW\u00e4rme\u00adwende \u2013 wie geht\u2019s \n                              \u003Cspan class=\u0022headline-last-word-arrow\u0022\u003Eweiter?\ufeff              \u003Cspan\n                  class=\u0022permission-lock permission-lock-icon--\u0022\u003E\u003C\/span\u003E\n                                  \u003C\/span\u003E\n        \u003C\/h4\u003E\n            \u003Cdiv class=\u0022teaser-content--publishing-date\u0022\u003E\u003Ctime datetime=\u00222026-04-07T12:04:52Z\u0022\u003E07.04.2026\u003C\/time\u003E\n\u003C\/div\u003E\u003Cspan class=\u0022teaser-content--publishing-date-divider\u0022\u003E - \u003C\/span\u003E\u003Cdiv class=\u0022teaser-content--body\u0022\u003E\u003Cp\u003EWas bleibt vom Geb\u00e4udeenergiegesetz? Der 14. Deutsche Energieberatertag stand im Zeichen politischer Unsicherheit. W\u00e4hrend das Geb\u00e4udemodernisierungsgesetz noch auf sich warten l\u00e4sst, diskutierten Experten \u00fcber die Rolle der Energieberatung in der W\u00e4rmewende.\u2003Alisia Romeo\u003C\/p\u003E\n\u003C\/div\u003E\n                        \u003Cspan class=\u0022read-more-arrow-container\u0022\u003E\n            \u003Cspan class=\u0022read-more-angled-arrow\u0022\u003E \u003C\/span\u003E\n          \u003C\/span\u003E\n                  \u003C\/div\u003E\n    \u003C\/a\u003E\n\u003Ca href=\u0022\/energieberatung\/geleaktes-klimaschutzprogramm-gute-ansatzpunkte-fehlende-ergebnisse\u0022  class=\u0022teaser teaser--standard\u0022 aria-label=\u0022Geleaktes Klimaschutzprogramm: Gute Ansatzpunkte, fehlende Ergebnisse\u0022\u003E\n      \u003Cdiv class=\u0022teaser-content--image\u0022\u003E\n        \u003Cfigure class=\u0022image--figure\u0022\u003E\n        \u003Cpicture\u003E\n                        \u003Csource srcset=\u0022\/sites\/default\/files\/styles\/teaser_standard__m\/public\/aurora\/2026\/03\/521397.jpeg.webp?itok=O0U9ICAy 1x\u0022 media=\u0022(min-width: 48.0625em) and (max-width: 64em)\u0022 type=\u0022image\/webp\u0022 width=\u0022323\u0022 height=\u0022216\u0022\/\u003E\n                  \u003Csource srcset=\u0022\/sites\/default\/files\/styles\/teaser_standard__l\/public\/aurora\/2026\/03\/521397.jpeg.webp?itok=anxRZ35Z 1x\u0022 media=\u0022(min-width: 64.0625em)\u0022 type=\u0022image\/webp\u0022 width=\u0022203\u0022 height=\u0022136\u0022\/\u003E\n                  \u003Csource srcset=\u0022\/sites\/default\/files\/styles\/teaser_standard__m\/public\/aurora\/2026\/03\/521397.jpeg?itok=eJm_krOT 1x\u0022 media=\u0022(min-width: 48.0625em) and (max-width: 64em)\u0022 type=\u0022image\/jpeg\u0022 width=\u0022323\u0022 height=\u0022216\u0022\/\u003E\n                  \u003Csource srcset=\u0022\/sites\/default\/files\/styles\/teaser_standard__l\/public\/aurora\/2026\/03\/521397.jpeg?itok=ueb81XcG 1x\u0022 media=\u0022(min-width: 64.0625em)\u0022 type=\u0022image\/jpeg\u0022 width=\u0022203\u0022 height=\u0022136\u0022\/\u003E\n                          \u003Cimg alt=\u0022Zwei wichtige Punkte in dem Klimaschutzprogramm: Die Relevanz der zuletzt angestiegenen Absatzzahlen von Wa\u0308rmepumpen und die Anerkennung der Energieberatung als Berufsbild, das bislang leider immer noch nicht juristisch gesch\u00fctzt ist.\u00a0\u0022 loading=\u0022eager\u0022 data-caption-hide width=\u0022596\u0022 height=\u0022398\u0022 data-zoomed=\u0022https:\/\/www.geb-info.de\/sites\/default\/files\/styles\/content__zoomed\/public\/aurora\/2026\/03\/521397.jpeg?itok=zvrcJ5fu\u0022 src=\u0022\/sites\/default\/files\/styles\/teaser_standard__s\/public\/aurora\/2026\/03\/521397.jpeg?itok=nxWc7Gm-\u0022 title=\u0022\u00a9 studio v-zwoelf - stock.adobe.com\u0022 \/\u003E\n\n    \u003C\/picture\u003E\n      \u003Cfigcaption class=\u0022image--figcaption\u0022\u003E\n          \u003Cdiv class=\u0022copyright\u0022\u003Estudio v-zwoelf - stock.adobe.com\u003C\/div\u003E\n          \u003C\/figcaption\u003E\n\u003C\/figure\u003E\n\n\n    \u003C\/div\u003E\n    \u003Cdiv class=\u0022teaser-content\u0022\u003E\n                    \u003Cdiv class=\u0022teaser-content--kicker\u0022\u003E\n                    \n        \u003C\/div\u003E\n                                              \n                        \n        \u003Ch4 class=\u0022teaser-content--headline\u0022\u003E\n                                Geleaktes Klimaschutzprogramm: Gute Ansatzpunkte, fehlende \n                              \u003Cspan class=\u0022headline-last-word-arrow\u0022\u003EErgebnisse                      \u003C\/span\u003E\n        \u003C\/h4\u003E\n            \u003Cdiv class=\u0022teaser-content--publishing-date\u0022\u003E\u003Ctime datetime=\u00222026-03-13T05:00:04Z\u0022\u003E13.03.2026\u003C\/time\u003E\n\u003C\/div\u003E\u003Cspan class=\u0022teaser-content--publishing-date-divider\u0022\u003E - \u003C\/span\u003E\u003Cdiv class=\u0022teaser-content--body\u0022\u003E\u003Cp\u003EDas j\u00fcngst geleakte Klimaschutzprogramm liest sich zwar ganz anders als das Eckpunktepapier zum Geba\u0308udemodernisierungsgesetz, jedoch reichen nach Ansicht des DEN die darin vorgeschlagenen Instrumente nicht aus, die deutschen Klimaneutralit\u00e4tsziele bis 2045 zu erreichen.\u003C\/p\u003E\n\u003C\/div\u003E\n                        \u003Cspan class=\u0022read-more-arrow-container\u0022\u003E\n            \u003Cspan class=\u0022read-more-angled-arrow\u0022\u003E \u003C\/span\u003E\n          \u003C\/span\u003E\n                  \u003C\/div\u003E\n    \u003C\/a\u003E\n\u003Ca href=\u0022\/topthema\/effizienzberechnungen-fuer-den-tpn-erfolgskontrolle-mit-vertretbarem-aufwand\u0022  class=\u0022teaser teaser--standard\u0022 aria-label=\u0022Erfolgskontrolle \u2013 mit \u00advertret\u00adbarem Aufwand\r\u0022\u003E\n      \u003Cdiv class=\u0022teaser-content--image\u0022\u003E\n        \u003Cfigure class=\u0022image--figure\u0022\u003E\n        \u003Cpicture\u003E\n                        \u003Csource srcset=\u0022\/sites\/default\/files\/styles\/teaser_standard__m\/public\/aurora\/2026\/03\/516883.jpeg.webp?itok=XIsXKan_ 1x\u0022 media=\u0022(min-width: 48.0625em) and (max-width: 64em)\u0022 type=\u0022image\/webp\u0022 width=\u0022323\u0022 height=\u0022196\u0022\/\u003E\n                  \u003Csource srcset=\u0022\/sites\/default\/files\/styles\/teaser_standard__l\/public\/aurora\/2026\/03\/516883.jpeg.webp?itok=9BBZa14K 1x\u0022 media=\u0022(min-width: 64.0625em)\u0022 type=\u0022image\/webp\u0022 width=\u0022203\u0022 height=\u0022123\u0022\/\u003E\n                  \u003Csource srcset=\u0022\/sites\/default\/files\/styles\/teaser_standard__m\/public\/aurora\/2026\/03\/516883.jpeg?itok=_MQW7iqY 1x\u0022 media=\u0022(min-width: 48.0625em) and (max-width: 64em)\u0022 type=\u0022image\/jpeg\u0022 width=\u0022323\u0022 height=\u0022196\u0022\/\u003E\n                  \u003Csource srcset=\u0022\/sites\/default\/files\/styles\/teaser_standard__l\/public\/aurora\/2026\/03\/516883.jpeg?itok=Utg5uHuC 1x\u0022 media=\u0022(min-width: 64.0625em)\u0022 type=\u0022image\/jpeg\u0022 width=\u0022203\u0022 height=\u0022123\u0022\/\u003E\n                          \u003Cimg loading=\u0022eager\u0022 data-caption-hide width=\u0022657\u0022 height=\u0022398\u0022 data-zoomed=\u0022https:\/\/www.geb-info.de\/sites\/default\/files\/styles\/content__zoomed\/public\/aurora\/2026\/03\/516883.jpeg?itok=1eAgnPi_\u0022 src=\u0022\/sites\/default\/files\/styles\/teaser_standard__s\/public\/aurora\/2026\/03\/516883.jpeg?itok=y-bUj2Ee\u0022 title=\u0022Ein Mann in einem blauen Hemd schreibt auf einem Klemmbrett, w\u00e4hrend er die Au\u00dfenseite eines Geb\u00e4udes in der N\u00e4he eines Fensters inspiziert. - \u00a9 Bild: Valmedia - stock.adobe.com\u0022 \/\u003E\n\n    \u003C\/picture\u003E\n      \u003Cfigcaption class=\u0022image--figcaption\u0022\u003E\n          \u003Cdiv class=\u0022copyright\u0022\u003EBild: Valmedia - stock.adobe.com\u003C\/div\u003E\n          \u003C\/figcaption\u003E\n\u003C\/figure\u003E\n\n\n    \u003C\/div\u003E\n    \u003Cdiv class=\u0022teaser-content\u0022\u003E\n                    \u003Cdiv class=\u0022teaser-content--kicker\u0022\u003E\n                    Effizienzberechnungen f\u00fcr den TPN\n        \u003C\/div\u003E\n                                              \n                        \n        \u003Ch4 class=\u0022teaser-content--headline\u0022\u003E\n                                Erfolgskontrolle \u2013 mit \u00advertret\u00adbarem \n                              \u003Cspan class=\u0022headline-last-word-arrow\u0022\u003EAufwand              \u003Cspan\n                  class=\u0022permission-lock permission-lock-icon--\u0022\u003E\u003C\/span\u003E\n                                  \u003C\/span\u003E\n        \u003C\/h4\u003E\n            \u003Cdiv class=\u0022teaser-content--publishing-date\u0022\u003E\u003Ctime datetime=\u00222026-03-03T14:26:20Z\u0022\u003E03.03.2026\u003C\/time\u003E\n\u003C\/div\u003E\u003Cspan class=\u0022teaser-content--publishing-date-divider\u0022\u003E - \u003C\/span\u003E\u003Cdiv class=\u0022teaser-content--body\u0022\u003E\u003Cp\u003EGegen Ende Januar entstand eine gewisse Unruhe in der Energieberatungsbranche, ausgel\u00f6st durch eine zus\u00e4tzliche Abfrage von Effizienzkennwerten f\u00fcr den technischen Projektnachweis in der Bundesf\u00f6rderung f\u00fcr effiziente Geb\u00e4ude. Das Bafa kam damit Vorgaben der EU-Geb\u00e4uderichtlinie zur Erfolgskontrolle der F\u00f6rderung nach, die Energieberatende grunds\u00e4tzlich bef\u00fcrworten. Die damit in vielen F\u00e4llen n\u00f6tige Neubilanzierung sorgte jedoch f\u00fcr Unmut. Inzwischen allerdings wird eine Hilfestellung entwickelt, die den Mehraufwand in Grenzen halten soll.\u2003Alexander Borchert\u003C\/p\u003E\n\u003C\/div\u003E\n                        \u003Cspan class=\u0022read-more-arrow-container\u0022\u003E\n            \u003Cspan class=\u0022read-more-angled-arrow\u0022\u003E \u003C\/span\u003E\n          \u003C\/span\u003E\n                  \u003C\/div\u003E\n    \u003C\/a\u003E\n\u003Ca href=\u0022\/service\/software-optimierte-version-durch-schnittstelle-zu-energieberatersoftware\u0022  class=\u0022teaser teaser--standard\u0022 aria-label=\u0022Optimierte Version durch Schnittstelle zu Energieberatersoftware\r\u0022\u003E\n      \u003Cdiv class=\u0022teaser-content--image\u0022\u003E\n        \u003Cfigure class=\u0022image--figure\u0022\u003E\n        \u003Cpicture\u003E\n                        \u003Csource srcset=\u0022\/sites\/default\/files\/styles\/teaser_standard__m\/public\/aurora\/2026\/03\/517147.jpeg.webp?itok=TKsu7MqH 1x\u0022 media=\u0022(min-width: 48.0625em) and (max-width: 64em)\u0022 type=\u0022image\/webp\u0022 width=\u0022323\u0022 height=\u0022182\u0022\/\u003E\n                  \u003Csource srcset=\u0022\/sites\/default\/files\/styles\/teaser_standard__l\/public\/aurora\/2026\/03\/517147.jpeg.webp?itok=RLi-Jxxv 1x\u0022 media=\u0022(min-width: 64.0625em)\u0022 type=\u0022image\/webp\u0022 width=\u0022203\u0022 height=\u0022114\u0022\/\u003E\n                  \u003Csource srcset=\u0022\/sites\/default\/files\/styles\/teaser_standard__m\/public\/aurora\/2026\/03\/517147.jpeg?itok=aQ_57L3S 1x\u0022 media=\u0022(min-width: 48.0625em) and (max-width: 64em)\u0022 type=\u0022image\/jpeg\u0022 width=\u0022323\u0022 height=\u0022182\u0022\/\u003E\n                  \u003Csource srcset=\u0022\/sites\/default\/files\/styles\/teaser_standard__l\/public\/aurora\/2026\/03\/517147.jpeg?itok=qGGDX5gO 1x\u0022 media=\u0022(min-width: 64.0625em)\u0022 type=\u0022image\/jpeg\u0022 width=\u0022203\u0022 height=\u0022114\u0022\/\u003E\n                          \u003Cimg loading=\u0022eager\u0022 data-caption-hide width=\u0022706\u0022 height=\u0022398\u0022 data-zoomed=\u0022https:\/\/www.geb-info.de\/sites\/default\/files\/styles\/content__zoomed\/public\/aurora\/2026\/03\/517147.jpeg?itok=oZoz-XC8\u0022 src=\u0022\/sites\/default\/files\/styles\/teaser_standard__s\/public\/aurora\/2026\/03\/517147.jpeg?itok=ULuWOQjF\u0022 title=\u0022Geteilter Bildschirm: links eine Tabelle eines Bauprojekts, rechts ein 3D-Geb\u00e4udemodell mit einer rot markierten Wand. - \u00a9 Bild: ZUB Systems\u0022 \/\u003E\n\n    \u003C\/picture\u003E\n      \u003Cfigcaption class=\u0022image--figcaption\u0022\u003E\n          \u003Cdiv class=\u0022copyright\u0022\u003EBild: ZUB Systems\u003C\/div\u003E\n          \u003C\/figcaption\u003E\n\u003C\/figure\u003E\n\n\n    \u003C\/div\u003E\n    \u003Cdiv class=\u0022teaser-content\u0022\u003E\n                    \u003Cdiv class=\u0022teaser-content--kicker\u0022\u003E\n                    Software\n        \u003C\/div\u003E\n                                              \n                        \n        \u003Ch4 class=\u0022teaser-content--headline\u0022\u003E\n                                Optimierte Version durch Schnittstelle zu \n                              \u003Cspan class=\u0022headline-last-word-arrow\u0022\u003EEnergieberatersoftware                      \u003C\/span\u003E\n        \u003C\/h4\u003E\n            \u003Cdiv class=\u0022teaser-content--publishing-date\u0022\u003E\u003Ctime datetime=\u00222026-03-03T14:26:17Z\u0022\u003E03.03.2026\u003C\/time\u003E\n\u003C\/div\u003E\u003Cspan class=\u0022teaser-content--publishing-date-divider\u0022\u003E - \u003C\/span\u003E\u003Cdiv class=\u0022teaser-content--body\u0022\u003E  \u003Cp\u003EDie Version der Software Zub E-Cad 6 von Zub Systems erleichtert Energieberatenden die Geb\u00e4udebilanzierung. Die neue Version reduziert Arbeitszeit und erm\u00f6glicht es, alle \u00adrelevanten Bauteile und Zonen direkt im Modell zu \u00fcberpr\u00fcfen. Mit optimierten Funktionen zur Ermittlung von Fl\u00e4chen, Volumina...\u003C\/p\u003E\n\n\n\u003C\/div\u003E\n                        \u003Cspan class=\u0022read-more-arrow-container\u0022\u003E\n            \u003Cspan class=\u0022read-more-angled-arrow\u0022\u003E \u003C\/span\u003E\n          \u003C\/span\u003E\n                  \u003C\/div\u003E\n    \u003C\/a\u003E\n\u003Ca href=\u0022\/fachwissen\/ki-erleichtert-den-job-smarte-helfer-fuer-den-arbeitsalltag\u0022  class=\u0022teaser teaser--standard\u0022 aria-label=\u0022Smarte Helfer f\u00fcr den\u00a0Arbeitsalltag\r\u0022\u003E\n      \u003Cdiv class=\u0022teaser-content--image\u0022\u003E\n        \u003Cfigure class=\u0022image--figure\u0022\u003E\n        \u003Cpicture\u003E\n                        \u003Csource srcset=\u0022\/sites\/default\/files\/styles\/teaser_standard__m\/public\/aurora\/2026\/03\/516951.jpeg.webp?itok=MOzBXAo- 1x\u0022 media=\u0022(min-width: 48.0625em) and (max-width: 64em)\u0022 type=\u0022image\/webp\u0022 width=\u0022323\u0022 height=\u0022189\u0022\/\u003E\n                  \u003Csource srcset=\u0022\/sites\/default\/files\/styles\/teaser_standard__l\/public\/aurora\/2026\/03\/516951.jpeg.webp?itok=nNHqprkJ 1x\u0022 media=\u0022(min-width: 64.0625em)\u0022 type=\u0022image\/webp\u0022 width=\u0022203\u0022 height=\u0022119\u0022\/\u003E\n                  \u003Csource srcset=\u0022\/sites\/default\/files\/styles\/teaser_standard__m\/public\/aurora\/2026\/03\/516951.jpeg?itok=yg4pTA_A 1x\u0022 media=\u0022(min-width: 48.0625em) and (max-width: 64em)\u0022 type=\u0022image\/jpeg\u0022 width=\u0022323\u0022 height=\u0022189\u0022\/\u003E\n                  \u003Csource srcset=\u0022\/sites\/default\/files\/styles\/teaser_standard__l\/public\/aurora\/2026\/03\/516951.jpeg?itok=TOP2BvVI 1x\u0022 media=\u0022(min-width: 64.0625em)\u0022 type=\u0022image\/jpeg\u0022 width=\u0022203\u0022 height=\u0022119\u0022\/\u003E\n                          \u003Cimg alt=\u0022F\u00fcr die energetische Beratung und die Neubau- und Sanierungsplanung gibt es zahlreiche Werkzeuge, die mit KI arbeiten.\u0022 loading=\u0022eager\u0022 data-caption-hide width=\u0022679\u0022 height=\u0022398\u0022 data-zoomed=\u0022https:\/\/www.geb-info.de\/sites\/default\/files\/styles\/content__zoomed\/public\/aurora\/2026\/03\/516951.jpeg?itok=YVE1GENN\u0022 src=\u0022\/sites\/default\/files\/styles\/teaser_standard__s\/public\/aurora\/2026\/03\/516951.jpeg?itok=A6DTyWph\u0022 title=\u0022\u00a9 Bild: Skema, Adobestock\u0022 \/\u003E\n\n    \u003C\/picture\u003E\n      \u003Cfigcaption class=\u0022image--figcaption\u0022\u003E\n          \u003Cdiv class=\u0022copyright\u0022\u003EBild: Skema, Adobestock\u003C\/div\u003E\n          \u003C\/figcaption\u003E\n\u003C\/figure\u003E\n\n\n    \u003C\/div\u003E\n    \u003Cdiv class=\u0022teaser-content\u0022\u003E\n                    \u003Cdiv class=\u0022teaser-content--kicker\u0022\u003E\n                    KI erleichtert den Job\n        \u003C\/div\u003E\n                                              \n                        \n        \u003Ch4 class=\u0022teaser-content--headline\u0022\u003E\n                                Smarte Helfer f\u00fcr \n                              \u003Cspan class=\u0022headline-last-word-arrow\u0022\u003Eden\u00a0Arbeitsalltag              \u003Cspan\n                  class=\u0022permission-lock permission-lock-icon--\u0022\u003E\u003C\/span\u003E\n                                  \u003C\/span\u003E\n        \u003C\/h4\u003E\n            \u003Cdiv class=\u0022teaser-content--publishing-date\u0022\u003E\u003Ctime datetime=\u00222026-03-03T14:25:21Z\u0022\u003E03.03.2026\u003C\/time\u003E\n\u003C\/div\u003E\u003Cspan class=\u0022teaser-content--publishing-date-divider\u0022\u003E - \u003C\/span\u003E\u003Cdiv class=\u0022teaser-content--body\u0022\u003E\u003Cp\u003ESoftware mit K\u00fcnstlicher Intelligenz unterst\u00fctzt die energetische Analyse, Berechnung oder Optimierung von Geb\u00e4uden \u2013 und ver\u00e4ndert damit die Arbeitsabl\u00e4ufe von Energiebe\u00adra\u00adtenden. Ein \u00dcberblick \u00fcber das breite Angebot an verf\u00fcgbaren L\u00f6sungen.\u2003Marian Behaneck\u003C\/p\u003E\n\u003C\/div\u003E\n                        \u003Cspan class=\u0022read-more-arrow-container\u0022\u003E\n            \u003Cspan class=\u0022read-more-angled-arrow\u0022\u003E \u003C\/span\u003E\n          \u003C\/span\u003E\n                  \u003C\/div\u003E\n    \u003C\/a\u003E\n\u003Ca href=\u0022\/fachwissen\/photovoltaik-wegs-3-gemeinsam-der-energiewende-teilhaben\u0022  class=\u0022teaser teaser--standard\u0022 aria-label=\u0022\ufeffGemeinsam an der Energiewende teilhaben\ufeff\r\u0022\u003E\n      \u003Cdiv class=\u0022teaser-content--image\u0022\u003E\n        \u003Cfigure class=\u0022image--figure\u0022\u003E\n        \u003Cpicture\u003E\n                        \u003Csource srcset=\u0022\/sites\/default\/files\/styles\/teaser_standard__m\/public\/aurora\/2026\/03\/516943.jpeg.webp?itok=hVxaznwx 1x\u0022 media=\u0022(min-width: 48.0625em) and (max-width: 64em)\u0022 type=\u0022image\/webp\u0022 width=\u0022323\u0022 height=\u0022144\u0022\/\u003E\n                  \u003Csource srcset=\u0022\/sites\/default\/files\/styles\/teaser_standard__l\/public\/aurora\/2026\/03\/516943.jpeg.webp?itok=YSgWtJfD 1x\u0022 media=\u0022(min-width: 64.0625em)\u0022 type=\u0022image\/webp\u0022 width=\u0022203\u0022 height=\u002290\u0022\/\u003E\n                  \u003Csource srcset=\u0022\/sites\/default\/files\/styles\/teaser_standard__m\/public\/aurora\/2026\/03\/516943.jpeg?itok=bpiiDwnn 1x\u0022 media=\u0022(min-width: 48.0625em) and (max-width: 64em)\u0022 type=\u0022image\/jpeg\u0022 width=\u0022323\u0022 height=\u0022144\u0022\/\u003E\n                  \u003Csource srcset=\u0022\/sites\/default\/files\/styles\/teaser_standard__l\/public\/aurora\/2026\/03\/516943.jpeg?itok=H_bkaG7h 1x\u0022 media=\u0022(min-width: 64.0625em)\u0022 type=\u0022image\/jpeg\u0022 width=\u0022203\u0022 height=\u002290\u0022\/\u003E\n                          \u003Cimg alt=\u0022Damit in einer Wohnungs\u00adeigent\u00fcmergemeinschaft eine PV-Anlage installiert werden kann, gilt es im Vorhinein einiges zu regeln. Energieberatende k\u00f6nnen dabei helfen.\u0022 loading=\u0022eager\u0022 data-caption-hide width=\u0022708\u0022 height=\u0022315\u0022 data-zoomed=\u0022https:\/\/www.geb-info.de\/sites\/default\/files\/styles\/content__zoomed\/public\/aurora\/2026\/03\/516943.jpeg?itok=0MRdvnE_\u0022 src=\u0022\/sites\/default\/files\/styles\/teaser_standard__s\/public\/aurora\/2026\/03\/516943.jpeg?itok=h2gKCf4b\u0022 title=\u0022\u00a9 Bild: \u0420\u0438\u043a\u0430 \u0422\u0441 - stock.adobe.com\u0022 \/\u003E\n\n    \u003C\/picture\u003E\n      \u003Cfigcaption class=\u0022image--figcaption\u0022\u003E\n          \u003Cdiv class=\u0022copyright\u0022\u003EBild: \u0420\u0438\u043a\u0430 \u0422\u0441 - stock.adobe.com\u003C\/div\u003E\n          \u003C\/figcaption\u003E\n\u003C\/figure\u003E\n\n\n    \u003C\/div\u003E\n    \u003Cdiv class=\u0022teaser-content\u0022\u003E\n                    \u003Cdiv class=\u0022teaser-content--kicker\u0022\u003E\n                    \ufeffPhotovoltaik in WEGs (3)\n        \u003C\/div\u003E\n                                              \n                        \n        \u003Ch4 class=\u0022teaser-content--headline\u0022\u003E\n                                \ufeffGemeinsam an der Energiewende \n                              \u003Cspan class=\u0022headline-last-word-arrow\u0022\u003Eteilhaben\ufeff              \u003Cspan\n                  class=\u0022permission-lock permission-lock-icon--\u0022\u003E\u003C\/span\u003E\n                                  \u003C\/span\u003E\n        \u003C\/h4\u003E\n            \u003Cdiv class=\u0022teaser-content--publishing-date\u0022\u003E\u003Ctime datetime=\u00222026-03-03T14:25:01Z\u0022\u003E03.03.2026\u003C\/time\u003E\n\u003C\/div\u003E\u003Cspan class=\u0022teaser-content--publishing-date-divider\u0022\u003E - \u003C\/span\u003E\u003Cdiv class=\u0022teaser-content--body\u0022\u003E\u003Cp\u003EPhotovoltaikanlagen bieten Wohnungseigent\u00fcmergemeinschaften attraktive Vorteile. Energieberatende k\u00f6nnen WEG-Mitglieder durch verschiedene Betriebskonzepte f\u00fchren \u2013 von der einfachen Volleinspeisung bis zur wirtschaftlich lukrativen gemeinschaftlichen Geb\u00e4udeversorgung. Der Beitrag zeigt, welche Modelle sich f\u00fcr welche Ausgangssituation eignen und wie Beratende die Entscheidungsfindung in der Gemeinschaft erfolgreich begleiten.\u2003Martin Fischer\u003C\/p\u003E\n\u003C\/div\u003E\n                        \u003Cspan class=\u0022read-more-arrow-container\u0022\u003E\n            \u003Cspan class=\u0022read-more-angled-arrow\u0022\u003E \u003C\/span\u003E\n          \u003C\/span\u003E\n                  \u003C\/div\u003E\n    \u003C\/a\u003E\n\u003Ca href=\u0022\/energieberatung\/mehr-zu-tun-fuer-die-energieberatenden\u0022  class=\u0022teaser teaser--standard\u0022 aria-label=\u0022Mehr zu tun f\u00fcr die Energieberatenden?\u0022\u003E\n      \u003Cdiv class=\u0022teaser-content--image\u0022\u003E\n        \u003Cfigure class=\u0022image--figure\u0022\u003E\n        \u003Cpicture\u003E\n                        \u003Csource srcset=\u0022\/sites\/default\/files\/styles\/teaser_standard__m\/public\/aurora\/2026\/03\/518331.jpeg.webp?itok=jYm46sQ_ 1x\u0022 media=\u0022(min-width: 48.0625em) and (max-width: 64em)\u0022 type=\u0022image\/webp\u0022 width=\u0022323\u0022 height=\u0022210\u0022\/\u003E\n                  \u003Csource srcset=\u0022\/sites\/default\/files\/styles\/teaser_standard__l\/public\/aurora\/2026\/03\/518331.jpeg.webp?itok=s4lswaGE 1x\u0022 media=\u0022(min-width: 64.0625em)\u0022 type=\u0022image\/webp\u0022 width=\u0022203\u0022 height=\u0022132\u0022\/\u003E\n                  \u003Csource srcset=\u0022\/sites\/default\/files\/styles\/teaser_standard__m\/public\/aurora\/2026\/03\/518331.jpeg?itok=LV7DqVLu 1x\u0022 media=\u0022(min-width: 48.0625em) and (max-width: 64em)\u0022 type=\u0022image\/jpeg\u0022 width=\u0022323\u0022 height=\u0022210\u0022\/\u003E\n                  \u003Csource srcset=\u0022\/sites\/default\/files\/styles\/teaser_standard__l\/public\/aurora\/2026\/03\/518331.jpeg?itok=OCJigwdT 1x\u0022 media=\u0022(min-width: 64.0625em)\u0022 type=\u0022image\/jpeg\u0022 width=\u0022203\u0022 height=\u0022132\u0022\/\u003E\n                          \u003Cimg loading=\u0022eager\u0022 data-caption-hide width=\u0022611\u0022 height=\u0022398\u0022 data-zoomed=\u0022https:\/\/www.geb-info.de\/sites\/default\/files\/styles\/content__zoomed\/public\/aurora\/2026\/03\/518331.jpeg?itok=6EJ3MdRl\u0022 src=\u0022\/sites\/default\/files\/styles\/teaser_standard__s\/public\/aurora\/2026\/03\/518331.jpeg?itok=1yQD7iL4\u0022 alt=\u0022\u0022 title=\u0022Smartphone mit Kopfh\u00f6rer, \u0026quot;#46\u0026quot; und \u0026quot;Geb\u00e4udemodernisierungsgesetz\u0026quot; auf gelbem Hintergrund mit Schallwellen. - \u00a9 Podcast Geb\u00e4udewende\u0022 \/\u003E\n\n    \u003C\/picture\u003E\n      \u003Cfigcaption class=\u0022image--figcaption\u0022\u003E\n          \u003Cdiv class=\u0022copyright\u0022\u003EPodcast Geb\u00e4udewende\u003C\/div\u003E\n          \u003C\/figcaption\u003E\n\u003C\/figure\u003E\n\n\n    \u003C\/div\u003E\n    \u003Cdiv class=\u0022teaser-content\u0022\u003E\n                    \u003Cdiv class=\u0022teaser-content--kicker\u0022\u003E\n                    \n        \u003C\/div\u003E\n                                              \n                        \n        \u003Ch4 class=\u0022teaser-content--headline\u0022\u003E\n                                Mehr zu tun f\u00fcr die \n                              \u003Cspan class=\u0022headline-last-word-arrow\u0022\u003EEnergieberatenden?                      \u003C\/span\u003E\n        \u003C\/h4\u003E\n            \u003Cdiv class=\u0022teaser-content--publishing-date\u0022\u003E\u003Ctime datetime=\u00222026-03-02T11:10:03Z\u0022\u003E02.03.2026\u003C\/time\u003E\n\u003C\/div\u003E\u003Cspan class=\u0022teaser-content--publishing-date-divider\u0022\u003E - \u003C\/span\u003E\u003Cdiv class=\u0022teaser-content--body\u0022\u003E\u003Cp\u003EDas Geb\u00e4udemodernisierungsgesetz k\u00f6nnte fatale Folgen f\u00fcr Verbraucher und Klima haben. Gleichzeitig w\u00e4chst der Bedarf an Energieberatung. So lautet eine erste Einsch\u00e4tzung der Energieberatenden-Vereinigungen GIH und DEN zu den vorgestellten Pl\u00e4nen.\u003C\/p\u003E\n\u003C\/div\u003E\n                        \u003Cspan class=\u0022read-more-arrow-container\u0022\u003E\n            \u003Cspan class=\u0022read-more-angled-arrow\u0022\u003E \u003C\/span\u003E\n          \u003C\/span\u003E\n                  \u003C\/div\u003E\n    \u003C\/a\u003E\n","entity_type":"node","used_ids":["",257777,257640,257573,256843,257255,257100,257096,257086,257044,257046,257040,257038,257035,255967,255282,255277,255206,255200,255063],"show_more":"\u003Cdiv class=\u0022del-show-more\u0022\u003E\u003Ca href=\u0022\/ajax\/del\/73ba2141-585b-48d1-a43b-58ed8a9e4f6a\/paragraph\/20\/19\/asc\/eyJub2RlIjp7ImlkIjoiMTg3NDAxIiwidHlwZSI6InBhZ2UifX0%3D\u0022 title=\u0022Mehr Elemente anzeigen\u0022 class=\u0022del-show-more-link use-ajax\u0022 rel=\u0022nofollow\u0022 data-target-type=\u0022node\u0022 aria-controls=\u0022del--paragraph-656928--content\u0022 aria-label=\u0022Mehr Elemente anzeigen\u0022\u003EMehr anzeigen\u003C\/a\u003E\u003C\/div\u003E\n"}]