[{"command":"settings","settings":{"pluralDelimiter":"\u0003","suppressDeprecationErrors":true,"ajaxPageState":{"libraries":"eJxLzi9K1S_ITC4pLUpNy8zJ0UmpzEvMzUyOT80rySypjM_JLC7RL87IL4_PBaoEALH_EqY","theme":"ivory","theme_token":null},"ajaxTrustedUrl":[],"user":{"uid":0,"permissionsHash":"9c975576f1b96e43d31b3ff34c1ca6b53b6096ff14d83974ef00f2d68011e8fb"}},"merge":true},{"command":"add_css","data":[{"rel":"stylesheet","media":"all","href":"\/core\/themes\/stable9\/css\/core\/components\/progress.module.css?tdy2vy"},{"rel":"stylesheet","media":"all","href":"\/core\/themes\/stable9\/css\/core\/components\/ajax-progress.module.css?tdy2vy"},{"rel":"stylesheet","media":"all","href":"\/themes\/contrib\/gin\/dist\/css\/components\/ajax.css?tdy2vy"}]},{"command":"add_js","selector":"body","data":[{"src":"\/core\/assets\/vendor\/jquery\/jquery.min.js?v=4.0.0"},{"src":"\/sites\/default\/files\/js\/js_d-vnMCVcm62poJDWZlvQBKmmovo43M5e-K1h1hoM2I8.js?scope=footer\u0026delta=1\u0026language=de-geb\u0026theme=ivory\u0026include=eJxLqcxLzM1Mjk_NK8ksqYzPySwu0S_OyC-Pz80vSgUAtBcL_w"}]},{"command":"showMoreTeasers","id":"del--paragraph-656964","content":"\u003Ca href=\u0022\/service\/nachschlagewerk-so-klappt-der-umgang-mit-bauglas\u0022  class=\u0022teaser teaser--standard\u0022 aria-label=\u0022So klappt der Umgang mit Bauglas\r\u0022\u003E\n      \u003Cdiv class=\u0022teaser-content--image\u0022\u003E\n        \u003Cfigure class=\u0022image--figure\u0022\u003E\n        \u003Cpicture\u003E\n                        \u003Csource srcset=\u0022\/sites\/default\/files\/styles\/teaser_standard__m\/public\/aurora\/2026\/03\/525848.jpeg.webp?itok=ZuIg3pe_ 1x\u0022 media=\u0022(min-width: 48.0625em) and (max-width: 64em)\u0022 type=\u0022image\/webp\u0022 width=\u0022242\u0022 height=\u0022242\u0022\/\u003E\n                  \u003Csource srcset=\u0022\/sites\/default\/files\/styles\/teaser_standard__l\/public\/aurora\/2026\/03\/525848.jpeg.webp?itok=7SFozJfJ 1x\u0022 media=\u0022(min-width: 64.0625em)\u0022 type=\u0022image\/webp\u0022 width=\u0022152\u0022 height=\u0022152\u0022\/\u003E\n                  \u003Csource srcset=\u0022\/sites\/default\/files\/styles\/teaser_standard__m\/public\/aurora\/2026\/03\/525848.jpeg?itok=cqFUpLKE 1x\u0022 media=\u0022(min-width: 48.0625em) and (max-width: 64em)\u0022 type=\u0022image\/jpeg\u0022 width=\u0022242\u0022 height=\u0022242\u0022\/\u003E\n                  \u003Csource srcset=\u0022\/sites\/default\/files\/styles\/teaser_standard__l\/public\/aurora\/2026\/03\/525848.jpeg?itok=1rHBNZbS 1x\u0022 media=\u0022(min-width: 64.0625em)\u0022 type=\u0022image\/jpeg\u0022 width=\u0022152\u0022 height=\u0022152\u0022\/\u003E\n                          \u003Cimg loading=\u0022eager\u0022 data-caption-hide width=\u0022398\u0022 height=\u0022398\u0022 data-zoomed=\u0022https:\/\/www.geb-info.de\/sites\/default\/files\/styles\/content__zoomed\/public\/aurora\/2026\/03\/525848.jpeg?itok=LFCZQrvE\u0022 src=\u0022\/sites\/default\/files\/styles\/teaser_standard__s\/public\/aurora\/2026\/03\/525848.jpeg?itok=Ntwuc9oZ\u0022 title=\u0022Zwei Personen lesen gemeinsam ein Buch; in der N\u00e4he sind ein aufgeschlagenes Buch und ein neues Buch mit dem Titel \u0026quot;GLAS AM BAU\u0026quot; zu sehen. - \u00a9 Bild: CSP\u0022 \/\u003E\n\n    \u003C\/picture\u003E\n      \u003Cfigcaption class=\u0022image--figcaption\u0022\u003E\n          \u003Cdiv class=\u0022copyright\u0022\u003EBild: CSP\u003C\/div\u003E\n          \u003C\/figcaption\u003E\n\u003C\/figure\u003E\n\n\n    \u003C\/div\u003E\n    \u003Cdiv class=\u0022teaser-content\u0022\u003E\n                    \u003Cdiv class=\u0022teaser-content--kicker\u0022\u003E\n                    Nachschlagewerk\n        \u003C\/div\u003E\n                                              \n                        \n        \u003Ch4 class=\u0022teaser-content--headline\u0022\u003E\n                                So klappt der Umgang mit \n                              \u003Cspan class=\u0022headline-last-word-arrow\u0022\u003EBauglas                      \u003C\/span\u003E\n        \u003C\/h4\u003E\n            \u003Cdiv class=\u0022teaser-content--publishing-date\u0022\u003E\u003Ctime datetime=\u00222026-04-07T12:09:29Z\u0022\u003E07.04.2026\u003C\/time\u003E\n\u003C\/div\u003E\u003Cspan class=\u0022teaser-content--publishing-date-divider\u0022\u003E - \u003C\/span\u003E\u003Cdiv class=\u0022teaser-content--body\u0022\u003E  \u003Cp\u003EDie Anforderungen an Bauglas entwickeln sich kontinuierlich weiter: Normen werden aktualisiert, Sicherheits- und Nachhaltigkeitsanforderungen steigen und Verglasungen werden zunehmend als Teil komplexer Systeml\u00f6sungen geplant. Das aktualisierte Nachschlagewerk Glas am Bau 2026 des Netzwerks...\u003C\/p\u003E\n\n\n\u003C\/div\u003E\n                        \u003Cspan class=\u0022read-more-arrow-container\u0022\u003E\n            \u003Cspan class=\u0022read-more-angled-arrow\u0022\u003E \u003C\/span\u003E\n          \u003C\/span\u003E\n                  \u003C\/div\u003E\n    \u003C\/a\u003E\n\u003Ca href=\u0022\/produkte\/keller-schiebesysteme-fuer-moderne-architektur\u0022  class=\u0022teaser teaser--standard\u0022 aria-label=\u0022Schiebesysteme f\u00fcr moderne\u00a0Architektur\r\u0022\u003E\n      \u003Cdiv class=\u0022teaser-content--image\u0022\u003E\n        \u003Cfigure class=\u0022image--figure\u0022\u003E\n        \u003Cpicture\u003E\n                        \u003Csource srcset=\u0022\/sites\/default\/files\/styles\/teaser_standard__m\/public\/aurora\/2026\/03\/525835.jpeg.webp?itok=X6ttuuNt 1x\u0022 media=\u0022(min-width: 48.0625em) and (max-width: 64em)\u0022 type=\u0022image\/webp\u0022 width=\u0022323\u0022 height=\u0022158\u0022\/\u003E\n                  \u003Csource srcset=\u0022\/sites\/default\/files\/styles\/teaser_standard__l\/public\/aurora\/2026\/03\/525835.jpeg.webp?itok=0Ec0S_2v 1x\u0022 media=\u0022(min-width: 64.0625em)\u0022 type=\u0022image\/webp\u0022 width=\u0022203\u0022 height=\u002299\u0022\/\u003E\n                  \u003Csource srcset=\u0022\/sites\/default\/files\/styles\/teaser_standard__m\/public\/aurora\/2026\/03\/525835.jpeg?itok=yXvt4_QU 1x\u0022 media=\u0022(min-width: 48.0625em) and (max-width: 64em)\u0022 type=\u0022image\/jpeg\u0022 width=\u0022323\u0022 height=\u0022158\u0022\/\u003E\n                  \u003Csource srcset=\u0022\/sites\/default\/files\/styles\/teaser_standard__l\/public\/aurora\/2026\/03\/525835.jpeg?itok=7hNAwzc2 1x\u0022 media=\u0022(min-width: 64.0625em)\u0022 type=\u0022image\/jpeg\u0022 width=\u0022203\u0022 height=\u002299\u0022\/\u003E\n                          \u003Cimg alt=\u0022Keller zeigt Produkte f\u00fcr Glasarchitektur: von gebogenen und geneigten Schiebesystemen \u00fcber gro\u00dfformatige Fassadenelemente bis hin zu smarten T\u00fcr- und Antriebstechnologien.\u0022 loading=\u0022eager\u0022 data-caption-hide width=\u0022708\u0022 height=\u0022346\u0022 data-zoomed=\u0022https:\/\/www.geb-info.de\/sites\/default\/files\/styles\/content__zoomed\/public\/aurora\/2026\/03\/525835.jpeg?itok=KQXns-6b\u0022 src=\u0022\/sites\/default\/files\/styles\/teaser_standard__s\/public\/aurora\/2026\/03\/525835.jpeg?itok=vQyZfw2d\u0022 title=\u0022\u00a9 Bild: Keller\u0022 \/\u003E\n\n    \u003C\/picture\u003E\n      \u003Cfigcaption class=\u0022image--figcaption\u0022\u003E\n          \u003Cdiv class=\u0022copyright\u0022\u003EBild: Keller\u003C\/div\u003E\n          \u003C\/figcaption\u003E\n\u003C\/figure\u003E\n\n\n    \u003C\/div\u003E\n    \u003Cdiv class=\u0022teaser-content\u0022\u003E\n                    \u003Cdiv class=\u0022teaser-content--kicker\u0022\u003E\n                    Keller\n        \u003C\/div\u003E\n                                              \n                        \n        \u003Ch4 class=\u0022teaser-content--headline\u0022\u003E\n                                Schiebesysteme f\u00fcr \n                              \u003Cspan class=\u0022headline-last-word-arrow\u0022\u003Emoderne\u00a0Architektur                      \u003C\/span\u003E\n        \u003C\/h4\u003E\n            \u003Cdiv class=\u0022teaser-content--publishing-date\u0022\u003E\u003Ctime datetime=\u00222026-04-07T12:08:55Z\u0022\u003E07.04.2026\u003C\/time\u003E\n\u003C\/div\u003E\u003Cspan class=\u0022teaser-content--publishing-date-divider\u0022\u003E - \u003C\/span\u003E\u003Cdiv class=\u0022teaser-content--body\u0022\u003E  \u003Cp\u003EGeschwungene Geb\u00e4udestrukturen gewinnen in der zeitgen\u00f6ssischen Architektur zunehmend an Bedeutung. Mit der motorisierten Ausf\u00fchrung der Minimal Windows Curve bietet Keller eine L\u00f6sung f\u00fcr gebogene Schiebesysteme, welche Anforderungen an Statik, Laufruhe und Antriebstechnik erf\u00fcllen. Gro\u00dfformatige...\u003C\/p\u003E\n\n\n\u003C\/div\u003E\n                        \u003Cspan class=\u0022read-more-arrow-container\u0022\u003E\n            \u003Cspan class=\u0022read-more-angled-arrow\u0022\u003E \u003C\/span\u003E\n          \u003C\/span\u003E\n                  \u003C\/div\u003E\n    \u003C\/a\u003E\n\u003Ca href=\u0022\/produkte\/efaflex-schnelllauftor-ermoeglicht-verschleissarmes-oeffnen\u0022  class=\u0022teaser teaser--standard\u0022 aria-label=\u0022Schnelllauftor erm\u00f6glicht verschlei\u00df\u00adarmes \u00d6ffnen\r\u0022\u003E\n      \u003Cdiv class=\u0022teaser-content--image\u0022\u003E\n        \u003Cfigure class=\u0022image--figure\u0022\u003E\n        \u003Cpicture\u003E\n                        \u003Csource srcset=\u0022\/sites\/default\/files\/styles\/teaser_standard__m\/public\/aurora\/2026\/03\/525833.jpeg.webp?itok=wJBVQOwF 1x\u0022 media=\u0022(min-width: 48.0625em) and (max-width: 64em)\u0022 type=\u0022image\/webp\u0022 width=\u0022323\u0022 height=\u0022229\u0022\/\u003E\n                  \u003Csource srcset=\u0022\/sites\/default\/files\/styles\/teaser_standard__l\/public\/aurora\/2026\/03\/525833.jpeg.webp?itok=phKJG1S6 1x\u0022 media=\u0022(min-width: 64.0625em)\u0022 type=\u0022image\/webp\u0022 width=\u0022203\u0022 height=\u0022144\u0022\/\u003E\n                  \u003Csource srcset=\u0022\/sites\/default\/files\/styles\/teaser_standard__m\/public\/aurora\/2026\/03\/525833.jpeg?itok=qdmC7tya 1x\u0022 media=\u0022(min-width: 48.0625em) and (max-width: 64em)\u0022 type=\u0022image\/jpeg\u0022 width=\u0022323\u0022 height=\u0022229\u0022\/\u003E\n                  \u003Csource srcset=\u0022\/sites\/default\/files\/styles\/teaser_standard__l\/public\/aurora\/2026\/03\/525833.jpeg?itok=aLyODZZv 1x\u0022 media=\u0022(min-width: 64.0625em)\u0022 type=\u0022image\/jpeg\u0022 width=\u0022203\u0022 height=\u0022144\u0022\/\u003E\n                          \u003Cimg alt=\u0022Ein Schnelllauftor von Efaflex sorgt f\u00fcr verschlei\u00dfarmes \u00d6ffnen und h\u00f6here Effizienz.\u0022 loading=\u0022eager\u0022 data-caption-hide width=\u0022562\u0022 height=\u0022398\u0022 data-zoomed=\u0022https:\/\/www.geb-info.de\/sites\/default\/files\/styles\/content__zoomed\/public\/aurora\/2026\/03\/525833.jpeg?itok=gOREynoa\u0022 src=\u0022\/sites\/default\/files\/styles\/teaser_standard__s\/public\/aurora\/2026\/03\/525833.jpeg?itok=Zqi66JOb\u0022 title=\u0022\u00a9 Bild: EEfaflex\u0022 \/\u003E\n\n    \u003C\/picture\u003E\n      \u003Cfigcaption class=\u0022image--figcaption\u0022\u003E\n          \u003Cdiv class=\u0022copyright\u0022\u003EBild: EEfaflex\u003C\/div\u003E\n          \u003C\/figcaption\u003E\n\u003C\/figure\u003E\n\n\n    \u003C\/div\u003E\n    \u003Cdiv class=\u0022teaser-content\u0022\u003E\n                    \u003Cdiv class=\u0022teaser-content--kicker\u0022\u003E\n                    Efaflex\n        \u003C\/div\u003E\n                                              \n                        \n        \u003Ch4 class=\u0022teaser-content--headline\u0022\u003E\n                                Schnelllauftor erm\u00f6glicht verschlei\u00df\u00adarmes \n                              \u003Cspan class=\u0022headline-last-word-arrow\u0022\u003E\u00d6ffnen                      \u003C\/span\u003E\n        \u003C\/h4\u003E\n            \u003Cdiv class=\u0022teaser-content--publishing-date\u0022\u003E\u003Ctime datetime=\u00222026-04-07T12:08:53Z\u0022\u003E07.04.2026\u003C\/time\u003E\n\u003C\/div\u003E\u003Cspan class=\u0022teaser-content--publishing-date-divider\u0022\u003E - \u003C\/span\u003E\u003Cdiv class=\u0022teaser-content--body\u0022\u003E  \u003Cp\u003EDas Niedrigsturztor EFA-SST N Premium von Efaflex reduziert durch seine\u0026nbsp;optimierte Konstruktion den sogenannten Polygoneffekt, der bei herk\u00f6mmlichen Niedrigsturz-Sektionaltoren h\u00e4ufig zu langsamen, unrhythmischen Bewegungen f\u00fchrt und den Verschlei\u00df erh\u00f6ht. Die Konstruktion mit zwei F\u00fchrungslinien...\u003C\/p\u003E\n\n\n\u003C\/div\u003E\n                        \u003Cspan class=\u0022read-more-arrow-container\u0022\u003E\n            \u003Cspan class=\u0022read-more-angled-arrow\u0022\u003E \u003C\/span\u003E\n          \u003C\/span\u003E\n                  \u003C\/div\u003E\n    \u003C\/a\u003E\n\u003Ca href=\u0022\/produkte\/aluhaus-aluminium-tuersystem-fuer-grossformatige-eingaenge\u0022  class=\u0022teaser teaser--standard\u0022 aria-label=\u0022Aluminium-T\u00fcrsystem f\u00fcr gro\u00dfformatige Eing\u00e4nge\r\u0022\u003E\n      \u003Cdiv class=\u0022teaser-content--image\u0022\u003E\n        \u003Cfigure class=\u0022image--figure\u0022\u003E\n        \u003Cpicture\u003E\n                        \u003Csource srcset=\u0022\/sites\/default\/files\/styles\/teaser_standard__m\/public\/aurora\/2026\/03\/525837.jpeg.webp?itok=lJcttK8f 1x\u0022 media=\u0022(min-width: 48.0625em) and (max-width: 64em)\u0022 type=\u0022image\/webp\u0022 width=\u0022169\u0022 height=\u0022242\u0022\/\u003E\n                  \u003Csource srcset=\u0022\/sites\/default\/files\/styles\/teaser_standard__l\/public\/aurora\/2026\/03\/525837.jpeg.webp?itok=tPTrLjsY 1x\u0022 media=\u0022(min-width: 64.0625em)\u0022 type=\u0022image\/webp\u0022 width=\u0022106\u0022 height=\u0022152\u0022\/\u003E\n                  \u003Csource srcset=\u0022\/sites\/default\/files\/styles\/teaser_standard__m\/public\/aurora\/2026\/03\/525837.jpeg?itok=F8eI6Fd1 1x\u0022 media=\u0022(min-width: 48.0625em) and (max-width: 64em)\u0022 type=\u0022image\/jpeg\u0022 width=\u0022169\u0022 height=\u0022242\u0022\/\u003E\n                  \u003Csource srcset=\u0022\/sites\/default\/files\/styles\/teaser_standard__l\/public\/aurora\/2026\/03\/525837.jpeg?itok=MRuqYcX1 1x\u0022 media=\u0022(min-width: 64.0625em)\u0022 type=\u0022image\/jpeg\u0022 width=\u0022106\u0022 height=\u0022152\u0022\/\u003E\n                          \u003Cimg alt=\u0022Ein neues Aluminium-T\u00fcrsystem von Aluhaus erm\u00f6glicht gro\u00dfformatige Eing\u00e4nge \u2013 mit hoher W\u00e4rmed\u00e4mmung, gepr\u00fcften Leistungswerten und vielseitigen Gestaltungsoptionen.\u0022 loading=\u0022eager\u0022 data-caption-hide width=\u0022279\u0022 height=\u0022398\u0022 data-zoomed=\u0022https:\/\/www.geb-info.de\/sites\/default\/files\/styles\/content__zoomed\/public\/aurora\/2026\/03\/525837.jpeg?itok=ApcUmNB4\u0022 src=\u0022\/sites\/default\/files\/styles\/teaser_standard__s\/public\/aurora\/2026\/03\/525837.jpeg?itok=pGycpO1c\u0022 title=\u0022\u00a9 Bild: Oknoplast\u0022 \/\u003E\n\n    \u003C\/picture\u003E\n      \u003Cfigcaption class=\u0022image--figcaption\u0022\u003E\n          \u003Cdiv class=\u0022copyright\u0022\u003EBild: Oknoplast\u003C\/div\u003E\n          \u003C\/figcaption\u003E\n\u003C\/figure\u003E\n\n\n    \u003C\/div\u003E\n    \u003Cdiv class=\u0022teaser-content\u0022\u003E\n                    \u003Cdiv class=\u0022teaser-content--kicker\u0022\u003E\n                    Aluhaus\n        \u003C\/div\u003E\n                                              \n                        \n        \u003Ch4 class=\u0022teaser-content--headline\u0022\u003E\n                                Aluminium-T\u00fcrsystem f\u00fcr gro\u00dfformatige \n                              \u003Cspan class=\u0022headline-last-word-arrow\u0022\u003EEing\u00e4nge                      \u003C\/span\u003E\n        \u003C\/h4\u003E\n            \u003Cdiv class=\u0022teaser-content--publishing-date\u0022\u003E\u003Ctime datetime=\u00222026-04-07T12:08:51Z\u0022\u003E07.04.2026\u003C\/time\u003E\n\u003C\/div\u003E\u003Cspan class=\u0022teaser-content--publishing-date-divider\u0022\u003E - \u003C\/span\u003E\u003Cdiv class=\u0022teaser-content--body\u0022\u003E  \u003Cp\u003EDas Aluminium-T\u00fcrsystem Miru Evo Door von Aluhaus eignet sich f\u00fcr stark frequentierte Zonen wie Gesch\u00e4ftseing\u00e4nge und Schaufensteranlagen sowie f\u00fcr Zug\u00e4nge von Mehrfamilienh\u00e4usern. Es ersetzt das bisherige T\u00fcrsystem AHS 75. Technisch basiert die Miru Evo Door auf einer Dreikammer-Profilkonstruktion...\u003C\/p\u003E\n\n\n\u003C\/div\u003E\n                        \u003Cspan class=\u0022read-more-arrow-container\u0022\u003E\n            \u003Cspan class=\u0022read-more-angled-arrow\u0022\u003E \u003C\/span\u003E\n          \u003C\/span\u003E\n                  \u003C\/div\u003E\n    \u003C\/a\u003E\n\u003Ca href=\u0022\/fachwissen\/algen-und-pilzbefall-hinauszoegern-2-es-den-mikroben-schwer-machen\u0022  class=\u0022teaser teaser--standard\u0022 aria-label=\u0022Es den Mikroben schwer machen\r\u0022\u003E\n      \u003Cdiv class=\u0022teaser-content--image\u0022\u003E\n        \u003Cfigure class=\u0022image--figure\u0022\u003E\n        \u003Cpicture\u003E\n                        \u003Csource srcset=\u0022\/sites\/default\/files\/styles\/teaser_standard__m\/public\/aurora\/2026\/04\/526265.jpeg.webp?itok=e4JUFVoW 1x\u0022 media=\u0022(min-width: 48.0625em) and (max-width: 64em)\u0022 type=\u0022image\/webp\u0022 width=\u0022172\u0022 height=\u0022242\u0022\/\u003E\n                  \u003Csource srcset=\u0022\/sites\/default\/files\/styles\/teaser_standard__l\/public\/aurora\/2026\/04\/526265.jpeg.webp?itok=LWI_y-DR 1x\u0022 media=\u0022(min-width: 64.0625em)\u0022 type=\u0022image\/webp\u0022 width=\u0022108\u0022 height=\u0022152\u0022\/\u003E\n                  \u003Csource srcset=\u0022\/sites\/default\/files\/styles\/teaser_standard__m\/public\/aurora\/2026\/04\/526265.jpeg?itok=3bYRMj93 1x\u0022 media=\u0022(min-width: 48.0625em) and (max-width: 64em)\u0022 type=\u0022image\/jpeg\u0022 width=\u0022172\u0022 height=\u0022242\u0022\/\u003E\n                  \u003Csource srcset=\u0022\/sites\/default\/files\/styles\/teaser_standard__l\/public\/aurora\/2026\/04\/526265.jpeg?itok=DPsYT60y 1x\u0022 media=\u0022(min-width: 64.0625em)\u0022 type=\u0022image\/jpeg\u0022 width=\u0022108\u0022 height=\u0022152\u0022\/\u003E\n                          \u003Cimg alt=\u00221 \u2002Algenbefall kann dort auftreten, wo die Fassaden einer starken Feuchte\u00adbelastung ausgesetzt sind und nicht in ausreichendem Ma\u00df austrocknen k\u00f6nnen. Wo der W\u00e4rmeschutz des Geb\u00e4udes durch W\u00e4rmebr\u00fccken unterbrochen wird, wie hier im Bild durch die D\u00fcbelungen der D\u00e4mmpackung, zeigen sich L\u00fccken.\u0022 loading=\u0022eager\u0022 data-caption-hide width=\u0022283\u0022 height=\u0022398\u0022 data-zoomed=\u0022https:\/\/www.geb-info.de\/sites\/default\/files\/styles\/content__zoomed\/public\/aurora\/2026\/04\/526265.jpeg?itok=O6n-S9qs\u0022 src=\u0022\/sites\/default\/files\/styles\/teaser_standard__s\/public\/aurora\/2026\/04\/526265.jpeg?itok=BCPMePZ-\u0022 title=\u0022\u00a9 Bild: Frank Fr\u00f6ssel\u0022 \/\u003E\n\n    \u003C\/picture\u003E\n      \u003Cfigcaption class=\u0022image--figcaption\u0022\u003E\n          \u003Cdiv class=\u0022copyright\u0022\u003EBild: Frank Fr\u00f6ssel\u003C\/div\u003E\n          \u003C\/figcaption\u003E\n\u003C\/figure\u003E\n\n\n    \u003C\/div\u003E\n    \u003Cdiv class=\u0022teaser-content\u0022\u003E\n                    \u003Cdiv class=\u0022teaser-content--kicker\u0022\u003E\n                    Algen- und Pilzbefall hinausz\u00f6gern (2)\n        \u003C\/div\u003E\n                                              \n                        \n        \u003Ch4 class=\u0022teaser-content--headline\u0022\u003E\n                                Es den Mikroben schwer \n                              \u003Cspan class=\u0022headline-last-word-arrow\u0022\u003Emachen              \u003Cspan\n                  class=\u0022permission-lock permission-lock-icon--\u0022\u003E\u003C\/span\u003E\n                                  \u003C\/span\u003E\n        \u003C\/h4\u003E\n            \u003Cdiv class=\u0022teaser-content--publishing-date\u0022\u003E\u003Ctime datetime=\u00222026-04-07T12:08:41Z\u0022\u003E07.04.2026\u003C\/time\u003E\n\u003C\/div\u003E\u003Cspan class=\u0022teaser-content--publishing-date-divider\u0022\u003E - \u003C\/span\u003E\u003Cdiv class=\u0022teaser-content--body\u0022\u003E\u003Cp\u003ENachdem sich der erste Teil dieses Beitrags mit den Ursachen f\u00fcr einen mikrobiellen Befall von Fassaden besch\u00e4ftigt hat, geht es im zweiten Teil um die Ma\u00dfnahmen, mit denen sich die Ansiedlung von Algen, Pilzen und Bakterien zumindest erschweren l\u00e4sst.\u2003Frank Fr\u00f6ssel\ufeff\u003C\/p\u003E\n\u003C\/div\u003E\n                        \u003Cspan class=\u0022read-more-arrow-container\u0022\u003E\n            \u003Cspan class=\u0022read-more-angled-arrow\u0022\u003E \u003C\/span\u003E\n          \u003C\/span\u003E\n                  \u003C\/div\u003E\n    \u003C\/a\u003E\n\u003Ca href=\u0022\/fachwissen\/mikroorganismen-gebaeudeaussenwaenden-1-nicht-schoen-aber-auch-nicht-schaedlich\u0022  class=\u0022teaser teaser--standard\u0022 aria-label=\u0022Nicht sch\u00f6n, aber auch nicht sch\u00e4dlich\r\u0022\u003E\n      \u003Cdiv class=\u0022teaser-content--image\u0022\u003E\n        \u003Cfigure class=\u0022image--figure\u0022\u003E\n        \u003Cpicture\u003E\n                        \u003Csource srcset=\u0022\/sites\/default\/files\/styles\/teaser_standard__m\/public\/aurora\/2026\/02\/517058.jpeg.webp?itok=pEBD_HJX 1x\u0022 media=\u0022(min-width: 48.0625em) and (max-width: 64em)\u0022 type=\u0022image\/webp\u0022 width=\u0022323\u0022 height=\u0022205\u0022\/\u003E\n                  \u003Csource srcset=\u0022\/sites\/default\/files\/styles\/teaser_standard__l\/public\/aurora\/2026\/02\/517058.jpeg.webp?itok=0aoJUN7B 1x\u0022 media=\u0022(min-width: 64.0625em)\u0022 type=\u0022image\/webp\u0022 width=\u0022203\u0022 height=\u0022129\u0022\/\u003E\n                  \u003Csource srcset=\u0022\/sites\/default\/files\/styles\/teaser_standard__m\/public\/aurora\/2026\/02\/517058.jpeg?itok=44YJ6sl6 1x\u0022 media=\u0022(min-width: 48.0625em) and (max-width: 64em)\u0022 type=\u0022image\/jpeg\u0022 width=\u0022323\u0022 height=\u0022205\u0022\/\u003E\n                  \u003Csource srcset=\u0022\/sites\/default\/files\/styles\/teaser_standard__l\/public\/aurora\/2026\/02\/517058.jpeg?itok=JprVgMCZ 1x\u0022 media=\u0022(min-width: 64.0625em)\u0022 type=\u0022image\/jpeg\u0022 width=\u0022203\u0022 height=\u0022129\u0022\/\u003E\n                          \u003Cimg alt=\u0022Algen an einer w\u00e4rmeged\u00e4mmten Fassade: D\u00fcbelabzeichnungen verst\u00e4rken den optischen Mangel durch mikrobiellen Befall.\u0022 loading=\u0022eager\u0022 data-caption-hide width=\u0022628\u0022 height=\u0022398\u0022 data-zoomed=\u0022https:\/\/www.geb-info.de\/sites\/default\/files\/styles\/content__zoomed\/public\/aurora\/2026\/02\/517058.jpeg?itok=b5rFqFX8\u0022 src=\u0022\/sites\/default\/files\/styles\/teaser_standard__s\/public\/aurora\/2026\/02\/517058.jpeg?itok=PIcIGlOI\u0022 title=\u0022\u00a9 Bild: Frank Fr\u00f6ssel\u0022 \/\u003E\n\n    \u003C\/picture\u003E\n      \u003Cfigcaption class=\u0022image--figcaption\u0022\u003E\n          \u003Cdiv class=\u0022copyright\u0022\u003EBild: Frank Fr\u00f6ssel\u003C\/div\u003E\n          \u003C\/figcaption\u003E\n\u003C\/figure\u003E\n\n\n    \u003C\/div\u003E\n    \u003Cdiv class=\u0022teaser-content\u0022\u003E\n                    \u003Cdiv class=\u0022teaser-content--kicker\u0022\u003E\n                    Mikroorganismen an Geb\u00e4udeau\u00dfenw\u00e4nden (1)\n        \u003C\/div\u003E\n                                              \n                        \n        \u003Ch4 class=\u0022teaser-content--headline\u0022\u003E\n                                Nicht sch\u00f6n, aber auch nicht \n                              \u003Cspan class=\u0022headline-last-word-arrow\u0022\u003Esch\u00e4dlich              \u003Cspan\n                  class=\u0022permission-lock permission-lock-icon--\u0022\u003E\u003C\/span\u003E\n                                  \u003C\/span\u003E\n        \u003C\/h4\u003E\n            \u003Cdiv class=\u0022teaser-content--publishing-date\u0022\u003E\u003Ctime datetime=\u00222026-03-03T14:26:05Z\u0022\u003E03.03.2026\u003C\/time\u003E\n\u003C\/div\u003E\u003Cspan class=\u0022teaser-content--publishing-date-divider\u0022\u003E - \u003C\/span\u003E\u003Cdiv class=\u0022teaser-content--body\u0022\u003E\u003Cp\u003EMikrobieller Befall auf Fassaden ist f\u00fcr viele Hauseigent\u00fcmer ein starkes Argument gegen D\u00e4mmma\u00dfnahmen. Algen, Pilze und Bakterien aber trifft man eben nicht nur auf W\u00e4rmed\u00e4mm-Verbundsystemen an. Die Ursachen f\u00fcr die Verbreitung sind vielf\u00e4ltig, haben sicher mit Bauweisen und Baustoffen zu tun, in h\u00f6herem Ma\u00dfe jedoch mit der Umwelt und dem unmittelbaren Umfeld von Geb\u00e4uden. Der erste Teil dieses Beitrags zu Mikroorganismen an Fassaden setzt sich mit ihren spezifischen Wachstumsbedingungen und mit den multikausalen Hintergr\u00fcnden des Ph\u00e4nomens auseinander.\u2003Frank Fr\u00f6ssel\u003C\/p\u003E\n\u003C\/div\u003E\n                        \u003Cspan class=\u0022read-more-arrow-container\u0022\u003E\n            \u003Cspan class=\u0022read-more-angled-arrow\u0022\u003E \u003C\/span\u003E\n          \u003C\/span\u003E\n                  \u003C\/div\u003E\n    \u003C\/a\u003E\n\u003Ca href=\u0022\/schwerpunkt\/oekobilanz-von-glas-und-rahmen-das-fenster-und-sein-fussabdruck\u0022  class=\u0022teaser teaser--standard\u0022 aria-label=\u0022Das Fenster und sein Fu\u00dfabdruck\r\u0022\u003E\n      \u003Cdiv class=\u0022teaser-content--image\u0022\u003E\n        \u003Cfigure class=\u0022image--figure\u0022\u003E\n        \u003Cpicture\u003E\n                        \u003Csource srcset=\u0022\/sites\/default\/files\/styles\/teaser_standard__m\/public\/aurora\/2026\/03\/516923.jpeg.webp?itok=vAxjhOt8 1x\u0022 media=\u0022(min-width: 48.0625em) and (max-width: 64em)\u0022 type=\u0022image\/webp\u0022 width=\u0022279\u0022 height=\u0022242\u0022\/\u003E\n                  \u003Csource srcset=\u0022\/sites\/default\/files\/styles\/teaser_standard__l\/public\/aurora\/2026\/03\/516923.jpeg.webp?itok=QyuqAdVK 1x\u0022 media=\u0022(min-width: 64.0625em)\u0022 type=\u0022image\/webp\u0022 width=\u0022176\u0022 height=\u0022152\u0022\/\u003E\n                  \u003Csource srcset=\u0022\/sites\/default\/files\/styles\/teaser_standard__m\/public\/aurora\/2026\/03\/516923.jpeg?itok=Za8QcTJ7 1x\u0022 media=\u0022(min-width: 48.0625em) and (max-width: 64em)\u0022 type=\u0022image\/jpeg\u0022 width=\u0022279\u0022 height=\u0022242\u0022\/\u003E\n                  \u003Csource srcset=\u0022\/sites\/default\/files\/styles\/teaser_standard__l\/public\/aurora\/2026\/03\/516923.jpeg?itok=o4QE00G7 1x\u0022 media=\u0022(min-width: 64.0625em)\u0022 type=\u0022image\/jpeg\u0022 width=\u0022176\u0022 height=\u0022152\u0022\/\u003E\n                          \u003Cimg alt=\u00221 \u2002Mit dem Sanierungsblendrahmen Sch\u00fcco AWS 75.SI+ Reno aus Aluminium lassen sich Alt-Fenster aus Aluminium, Holz oder Kunststoff mit funktionsf\u00e4higem Wandanschluss modernisieren.\ufeff\u0022 loading=\u0022eager\u0022 data-caption-hide width=\u0022460\u0022 height=\u0022398\u0022 data-zoomed=\u0022https:\/\/www.geb-info.de\/sites\/default\/files\/styles\/content__zoomed\/public\/aurora\/2026\/03\/516923.jpeg?itok=ghUs1Twd\u0022 src=\u0022\/sites\/default\/files\/styles\/teaser_standard__s\/public\/aurora\/2026\/03\/516923.jpeg?itok=sA6pPos-\u0022 title=\u0022\u00a9 Bild: Sch\u00fcco\u0022 \/\u003E\n\n    \u003C\/picture\u003E\n      \u003Cfigcaption class=\u0022image--figcaption\u0022\u003E\n          \u003Cdiv class=\u0022copyright\u0022\u003EBild: Sch\u00fcco\u003C\/div\u003E\n          \u003C\/figcaption\u003E\n\u003C\/figure\u003E\n\n\n    \u003C\/div\u003E\n    \u003Cdiv class=\u0022teaser-content\u0022\u003E\n                    \u003Cdiv class=\u0022teaser-content--kicker\u0022\u003E\n                    \u00d6kobilanz von Glas und Rahmen\n        \u003C\/div\u003E\n                                              \n                        \n        \u003Ch4 class=\u0022teaser-content--headline\u0022\u003E\n                                Das Fenster und sein \n                              \u003Cspan class=\u0022headline-last-word-arrow\u0022\u003EFu\u00dfabdruck              \u003Cspan\n                  class=\u0022permission-lock permission-lock-icon--\u0022\u003E\u003C\/span\u003E\n                                  \u003C\/span\u003E\n        \u003C\/h4\u003E\n            \u003Cdiv class=\u0022teaser-content--publishing-date\u0022\u003E\u003Ctime datetime=\u00222026-03-03T14:26:01Z\u0022\u003E03.03.2026\u003C\/time\u003E\n\u003C\/div\u003E\u003Cspan class=\u0022teaser-content--publishing-date-divider\u0022\u003E - \u003C\/span\u003E\u003Cdiv class=\u0022teaser-content--body\u0022\u003E\u003Cp\u003EFenster k\u00f6nnen f\u00fcr Energieverluste im Geb\u00e4ude sorgen oder f\u00fcr Energiegewinne \u2013 manchmal zu viel von beidem. Bei einer Lebenszyklusbetrachtung eines Bau- oder Umbauprojektes m\u00fcssen ebenso Energieaufwand und Treibhausgasemissionen bei der Herstellung mitbedacht werden, genauso wie ihre Kreislauff\u00e4higkeit. Das geht bis hin zur Frage, ob im Bestand letztlich Austausch oder Erneuerung zielf\u00fchrend sind.\u2003Alexander Borchert\u003C\/p\u003E\n\u003C\/div\u003E\n                        \u003Cspan class=\u0022read-more-arrow-container\u0022\u003E\n            \u003Cspan class=\u0022read-more-angled-arrow\u0022\u003E \u003C\/span\u003E\n          \u003C\/span\u003E\n                  \u003C\/div\u003E\n    \u003C\/a\u003E\n\u003Ca href=\u0022\/produkte\/sfs-neues-winkelsystem-gibt-es-mit-baustellenservice\u0022  class=\u0022teaser teaser--standard\u0022 aria-label=\u0022Neues Winkelsystem gibt es mit Baustellenservice\r\u0022\u003E\n      \u003Cdiv class=\u0022teaser-content--image\u0022\u003E\n        \u003Cfigure class=\u0022image--figure\u0022\u003E\n        \u003Cpicture\u003E\n                        \u003Csource srcset=\u0022\/sites\/default\/files\/styles\/teaser_standard__m\/public\/aurora\/2026\/02\/517049.jpeg.webp?itok=IQBVgHg9 1x\u0022 media=\u0022(min-width: 48.0625em) and (max-width: 64em)\u0022 type=\u0022image\/webp\u0022 width=\u0022320\u0022 height=\u0022242\u0022\/\u003E\n                  \u003Csource srcset=\u0022\/sites\/default\/files\/styles\/teaser_standard__l\/public\/aurora\/2026\/02\/517049.jpeg.webp?itok=WP35vlCu 1x\u0022 media=\u0022(min-width: 64.0625em)\u0022 type=\u0022image\/webp\u0022 width=\u0022201\u0022 height=\u0022152\u0022\/\u003E\n                  \u003Csource srcset=\u0022\/sites\/default\/files\/styles\/teaser_standard__m\/public\/aurora\/2026\/02\/517049.jpeg?itok=TCU6ayJU 1x\u0022 media=\u0022(min-width: 48.0625em) and (max-width: 64em)\u0022 type=\u0022image\/jpeg\u0022 width=\u0022320\u0022 height=\u0022242\u0022\/\u003E\n                  \u003Csource srcset=\u0022\/sites\/default\/files\/styles\/teaser_standard__l\/public\/aurora\/2026\/02\/517049.jpeg?itok=WdLlkjX4 1x\u0022 media=\u0022(min-width: 64.0625em)\u0022 type=\u0022image\/jpeg\u0022 width=\u0022201\u0022 height=\u0022152\u0022\/\u003E\n                          \u003Cimg alt=\u0022Der Direktbefestiger FB 11,5 deckt ein breites Spektrum an Untergr\u00fcnden ab und erm\u00f6glicht eine zuverl\u00e4ssige Lastabtragung auch bei breiten Montagefugen.\u0022 loading=\u0022eager\u0022 data-caption-hide width=\u0022526\u0022 height=\u0022398\u0022 data-zoomed=\u0022https:\/\/www.geb-info.de\/sites\/default\/files\/styles\/content__zoomed\/public\/aurora\/2026\/02\/517049.jpeg?itok=sGcu_os3\u0022 src=\u0022\/sites\/default\/files\/styles\/teaser_standard__s\/public\/aurora\/2026\/02\/517049.jpeg?itok=nawG153A\u0022 title=\u0022\u00a9 Bild: SFS\u0022 \/\u003E\n\n    \u003C\/picture\u003E\n      \u003Cfigcaption class=\u0022image--figcaption\u0022\u003E\n          \u003Cdiv class=\u0022copyright\u0022\u003EBild: SFS\u003C\/div\u003E\n          \u003C\/figcaption\u003E\n\u003C\/figure\u003E\n\n\n    \u003C\/div\u003E\n    \u003Cdiv class=\u0022teaser-content\u0022\u003E\n                    \u003Cdiv class=\u0022teaser-content--kicker\u0022\u003E\n                    SFS\u2002\n        \u003C\/div\u003E\n                                              \n                        \n        \u003Ch4 class=\u0022teaser-content--headline\u0022\u003E\n                                Neues Winkelsystem gibt es mit \n                              \u003Cspan class=\u0022headline-last-word-arrow\u0022\u003EBaustellenservice                      \u003C\/span\u003E\n        \u003C\/h4\u003E\n            \u003Cdiv class=\u0022teaser-content--publishing-date\u0022\u003E\u003Ctime datetime=\u00222026-03-03T14:25:41Z\u0022\u003E03.03.2026\u003C\/time\u003E\n\u003C\/div\u003E\u003Cspan class=\u0022teaser-content--publishing-date-divider\u0022\u003E - \u003C\/span\u003E\u003Cdiv class=\u0022teaser-content--body\u0022\u003E  \u003Cp\u003ESFS zeigt das weiterentwickelte Winkelsystem JB-W\/XL. Dieses erm\u00f6glicht eine sichere Vorwandmontage, auch bei absturzsichernden Anforderungen. Es ist f\u00fcr hohe Tragf\u00e4higkeiten und gro\u00dfe Auskragungen ausgelegt, was den unterschiedlichen baurechtlichen Anforderungen gerecht wird. Erg\u00e4nzend pr\u00e4sentiert...\u003C\/p\u003E\n\n\n\u003C\/div\u003E\n                        \u003Cspan class=\u0022read-more-arrow-container\u0022\u003E\n            \u003Cspan class=\u0022read-more-angled-arrow\u0022\u003E \u003C\/span\u003E\n          \u003C\/span\u003E\n                  \u003C\/div\u003E\n    \u003C\/a\u003E\n\u003Ca href=\u0022\/produkte\/gealan-tendoo-can-do\u0022  class=\u0022teaser teaser--standard\u0022 aria-label=\u0022Tendoo can do\r\u0022\u003E\n      \u003Cdiv class=\u0022teaser-content--image\u0022\u003E\n        \u003Cfigure class=\u0022image--figure\u0022\u003E\n        \u003Cpicture\u003E\n                        \u003Csource srcset=\u0022\/sites\/default\/files\/styles\/teaser_standard__m\/public\/aurora\/2026\/02\/517053.jpeg.webp?itok=fN8bMfF3 1x\u0022 media=\u0022(min-width: 48.0625em) and (max-width: 64em)\u0022 type=\u0022image\/webp\u0022 width=\u0022323\u0022 height=\u0022189\u0022\/\u003E\n                  \u003Csource srcset=\u0022\/sites\/default\/files\/styles\/teaser_standard__l\/public\/aurora\/2026\/02\/517053.jpeg.webp?itok=lvIM0Yoo 1x\u0022 media=\u0022(min-width: 64.0625em)\u0022 type=\u0022image\/webp\u0022 width=\u0022203\u0022 height=\u0022119\u0022\/\u003E\n                  \u003Csource srcset=\u0022\/sites\/default\/files\/styles\/teaser_standard__m\/public\/aurora\/2026\/02\/517053.jpeg?itok=B5xcW-n- 1x\u0022 media=\u0022(min-width: 48.0625em) and (max-width: 64em)\u0022 type=\u0022image\/jpeg\u0022 width=\u0022323\u0022 height=\u0022189\u0022\/\u003E\n                  \u003Csource srcset=\u0022\/sites\/default\/files\/styles\/teaser_standard__l\/public\/aurora\/2026\/02\/517053.jpeg?itok=6rEOuwql 1x\u0022 media=\u0022(min-width: 64.0625em)\u0022 type=\u0022image\/jpeg\u0022 width=\u0022203\u0022 height=\u0022119\u0022\/\u003E\n                          \u003Cimg alt=\u0022\ufeffGibt\u2018s in vielen Farben und ist witterungsbest\u00e4ndig: Kunststofffenster mit der Oberfl\u00e4chentechnologie Gealan Acrylcolor.\u0022 loading=\u0022eager\u0022 data-caption-hide width=\u0022679\u0022 height=\u0022398\u0022 data-zoomed=\u0022https:\/\/www.geb-info.de\/sites\/default\/files\/styles\/content__zoomed\/public\/aurora\/2026\/02\/517053.jpeg?itok=_qZGZbOd\u0022 src=\u0022\/sites\/default\/files\/styles\/teaser_standard__s\/public\/aurora\/2026\/02\/517053.jpeg?itok=luZZK91E\u0022 title=\u0022\u00a9 Bild: Gealan\u0022 \/\u003E\n\n    \u003C\/picture\u003E\n      \u003Cfigcaption class=\u0022image--figcaption\u0022\u003E\n          \u003Cdiv class=\u0022copyright\u0022\u003EBild: Gealan\u003C\/div\u003E\n          \u003C\/figcaption\u003E\n\u003C\/figure\u003E\n\n\n    \u003C\/div\u003E\n    \u003Cdiv class=\u0022teaser-content\u0022\u003E\n                    \u003Cdiv class=\u0022teaser-content--kicker\u0022\u003E\n                    Gealan\n        \u003C\/div\u003E\n                                              \n                        \n        \u003Ch4 class=\u0022teaser-content--headline\u0022\u003E\n                                Tendoo can \n                              \u003Cspan class=\u0022headline-last-word-arrow\u0022\u003Edo                      \u003C\/span\u003E\n        \u003C\/h4\u003E\n            \u003Cdiv class=\u0022teaser-content--publishing-date\u0022\u003E\u003Ctime datetime=\u00222026-03-03T14:25:40Z\u0022\u003E03.03.2026\u003C\/time\u003E\n\u003C\/div\u003E\u003Cspan class=\u0022teaser-content--publishing-date-divider\u0022\u003E - \u003C\/span\u003E\u003Cdiv class=\u0022teaser-content--body\u0022\u003E  \u003Cp\u003EGealan zeigt unter dem Motto \u201eDesigned for you\u201c Produkte f\u00fcr das moderne Wohnen, die sich f\u00fcr Neubauten und Renovierungen eignen. Die Oberfl\u00e4chentechnologie Acrylcolor, die eine kratzfeste, farbstabile und pflegeleichte Acrylglas-Beschichtung besitzt, ist in vielen Farben und Strukturen erh\u00e4ltlich...\u003C\/p\u003E\n\n\n\u003C\/div\u003E\n                        \u003Cspan class=\u0022read-more-arrow-container\u0022\u003E\n            \u003Cspan class=\u0022read-more-angled-arrow\u0022\u003E \u003C\/span\u003E\n          \u003C\/span\u003E\n                  \u003C\/div\u003E\n    \u003C\/a\u003E\n\u003Ca href=\u0022\/produkte\/koemmerling-abstandshalter-nutzt-thin-triple-glas-konzept\u0022  class=\u0022teaser teaser--standard\u0022 aria-label=\u0022Abstandshalter nutzt\u00a0Thin-Triple-Glas-Konzept\r\u0022\u003E\n      \u003Cdiv class=\u0022teaser-content--image\u0022\u003E\n        \u003Cfigure class=\u0022image--figure\u0022\u003E\n        \u003Cpicture\u003E\n                        \u003Csource srcset=\u0022\/sites\/default\/files\/styles\/teaser_standard__m\/public\/aurora\/2026\/02\/517051.jpeg.webp?itok=v8okfkIu 1x\u0022 media=\u0022(min-width: 48.0625em) and (max-width: 64em)\u0022 type=\u0022image\/webp\u0022 width=\u0022323\u0022 height=\u0022198\u0022\/\u003E\n                  \u003Csource srcset=\u0022\/sites\/default\/files\/styles\/teaser_standard__l\/public\/aurora\/2026\/02\/517051.jpeg.webp?itok=UjzD0LGN 1x\u0022 media=\u0022(min-width: 64.0625em)\u0022 type=\u0022image\/webp\u0022 width=\u0022203\u0022 height=\u0022125\u0022\/\u003E\n                  \u003Csource srcset=\u0022\/sites\/default\/files\/styles\/teaser_standard__m\/public\/aurora\/2026\/02\/517051.jpeg?itok=3BUcQbzY 1x\u0022 media=\u0022(min-width: 48.0625em) and (max-width: 64em)\u0022 type=\u0022image\/jpeg\u0022 width=\u0022323\u0022 height=\u0022198\u0022\/\u003E\n                  \u003Csource srcset=\u0022\/sites\/default\/files\/styles\/teaser_standard__l\/public\/aurora\/2026\/02\/517051.jpeg?itok=7a-9wV6Z 1x\u0022 media=\u0022(min-width: 64.0625em)\u0022 type=\u0022image\/jpeg\u0022 width=\u0022203\u0022 height=\u0022125\u0022\/\u003E\n                          \u003Cimg alt=\u0022Der reaktive TPS\u2011Abstandhalter K\u00f6dispace 4SG ersetzt vollautomatisch Abstandhalter, Trockenmittel und Prim\u00e4rversiegelung herk\u00f6mmlicher Systeme durch nur einen Dichtstoff.\u0022 loading=\u0022eager\u0022 data-caption-hide width=\u0022649\u0022 height=\u0022398\u0022 data-zoomed=\u0022https:\/\/www.geb-info.de\/sites\/default\/files\/styles\/content__zoomed\/public\/aurora\/2026\/02\/517051.jpeg?itok=Nw7zFm7U\u0022 src=\u0022\/sites\/default\/files\/styles\/teaser_standard__s\/public\/aurora\/2026\/02\/517051.jpeg?itok=LJD91QfO\u0022 title=\u0022\u00a9 Bild: K\u00f6mmerling\u0022 \/\u003E\n\n    \u003C\/picture\u003E\n      \u003Cfigcaption class=\u0022image--figcaption\u0022\u003E\n          \u003Cdiv class=\u0022copyright\u0022\u003EBild: K\u00f6mmerling\u003C\/div\u003E\n          \u003C\/figcaption\u003E\n\u003C\/figure\u003E\n\n\n    \u003C\/div\u003E\n    \u003Cdiv class=\u0022teaser-content\u0022\u003E\n                    \u003Cdiv class=\u0022teaser-content--kicker\u0022\u003E\n                    K\u00f6mmerling\n        \u003C\/div\u003E\n                                              \n                        \n        \u003Ch4 class=\u0022teaser-content--headline\u0022\u003E\n                                Abstandshalter \n                              \u003Cspan class=\u0022headline-last-word-arrow\u0022\u003Enutzt\u00a0Thin-Triple-Glas-Konzept                      \u003C\/span\u003E\n        \u003C\/h4\u003E\n            \u003Cdiv class=\u0022teaser-content--publishing-date\u0022\u003E\u003Ctime datetime=\u00222026-03-03T14:25:39Z\u0022\u003E03.03.2026\u003C\/time\u003E\n\u003C\/div\u003E\u003Cspan class=\u0022teaser-content--publishing-date-divider\u0022\u003E - \u003C\/span\u003E\u003Cdiv class=\u0022teaser-content--body\u0022\u003E  \u003Cp\u003EDer reaktive thermoplastische Abstandhalter K\u00f6dispace 4SG von K\u00f6mmerling gew\u00e4hrleistet durch eine chemische Verbindung mit Glas und Sekund\u00e4rdichtstoff einen dauerhaft gasdichten und stabilen Randverbund. Diese Technologie steigert die Energieeffizienz, Langlebigkeit und Funktionssicherheit von...\u003C\/p\u003E\n\n\n\u003C\/div\u003E\n                        \u003Cspan class=\u0022read-more-arrow-container\u0022\u003E\n            \u003Cspan class=\u0022read-more-angled-arrow\u0022\u003E \u003C\/span\u003E\n          \u003C\/span\u003E\n                  \u003C\/div\u003E\n    \u003C\/a\u003E\n\u003Ca href=\u0022\/produkte\/edgetech-europe-auf-die-warme-kante-setzen\u0022  class=\u0022teaser teaser--standard\u0022 aria-label=\u0022Auf die warme Kante setzen\u0022\u003E\n      \u003Cdiv class=\u0022teaser-content--image\u0022\u003E\n        \u003Cfigure class=\u0022image--figure\u0022\u003E\n        \u003Cpicture\u003E\n                        \u003Csource srcset=\u0022\/sites\/default\/files\/styles\/teaser_standard__m\/public\/aurora\/2026\/02\/517047.jpeg.webp?itok=T4-zO2RB 1x\u0022 media=\u0022(min-width: 48.0625em) and (max-width: 64em)\u0022 type=\u0022image\/webp\u0022 width=\u0022323\u0022 height=\u0022174\u0022\/\u003E\n                  \u003Csource srcset=\u0022\/sites\/default\/files\/styles\/teaser_standard__l\/public\/aurora\/2026\/02\/517047.jpeg.webp?itok=dTxeBptI 1x\u0022 media=\u0022(min-width: 64.0625em)\u0022 type=\u0022image\/webp\u0022 width=\u0022203\u0022 height=\u0022109\u0022\/\u003E\n                  \u003Csource srcset=\u0022\/sites\/default\/files\/styles\/teaser_standard__m\/public\/aurora\/2026\/02\/517047.jpeg?itok=sjnwwBqF 1x\u0022 media=\u0022(min-width: 48.0625em) and (max-width: 64em)\u0022 type=\u0022image\/jpeg\u0022 width=\u0022323\u0022 height=\u0022174\u0022\/\u003E\n                  \u003Csource srcset=\u0022\/sites\/default\/files\/styles\/teaser_standard__l\/public\/aurora\/2026\/02\/517047.jpeg?itok=vOHmXp4F 1x\u0022 media=\u0022(min-width: 64.0625em)\u0022 type=\u0022image\/jpeg\u0022 width=\u0022203\u0022 height=\u0022109\u0022\/\u003E\n                          \u003Cimg alt=\u0022\ufeffEdgetech Europe erweitert sein Portfolio mit dem flexiblen Super Spacer f\u00fcr Skinny Triples.\u0022 loading=\u0022eager\u0022 data-caption-hide width=\u0022708\u0022 height=\u0022380\u0022 data-zoomed=\u0022https:\/\/www.geb-info.de\/sites\/default\/files\/styles\/content__zoomed\/public\/aurora\/2026\/02\/517047.jpeg?itok=8UKivglu\u0022 src=\u0022\/sites\/default\/files\/styles\/teaser_standard__s\/public\/aurora\/2026\/02\/517047.jpeg?itok=u4AL8foa\u0022 title=\u0022\u00a9 Bild: Edgetech Europe\u0022 \/\u003E\n\n    \u003C\/picture\u003E\n      \u003Cfigcaption class=\u0022image--figcaption\u0022\u003E\n          \u003Cdiv class=\u0022copyright\u0022\u003EBild: Edgetech Europe\u003C\/div\u003E\n          \u003C\/figcaption\u003E\n\u003C\/figure\u003E\n\n\n    \u003C\/div\u003E\n    \u003Cdiv class=\u0022teaser-content\u0022\u003E\n                    \u003Cdiv class=\u0022teaser-content--kicker\u0022\u003E\n                    Edgetech Europe\n        \u003C\/div\u003E\n                                              \n                        \n        \u003Ch4 class=\u0022teaser-content--headline\u0022\u003E\n                                Auf die warme Kante \n                              \u003Cspan class=\u0022headline-last-word-arrow\u0022\u003Esetzen                      \u003C\/span\u003E\n        \u003C\/h4\u003E\n            \u003Cdiv class=\u0022teaser-content--publishing-date\u0022\u003E\u003Ctime datetime=\u00222026-03-03T14:25:27Z\u0022\u003E03.03.2026\u003C\/time\u003E\n\u003C\/div\u003E\u003Cspan class=\u0022teaser-content--publishing-date-divider\u0022\u003E - \u003C\/span\u003E\u003Cdiv class=\u0022teaser-content--body\u0022\u003E  \u003Cp\u003EDie Tochterunternehmen von Quanex, Edgetech Europe und Schlegel, pr\u00e4sentieren den flexiblen Abstandhalter Super Spacer und die Hochleistungsdichtung Q-LON. Super Spacer l\u00e4sst sich vielseitig kombinieren. So zum Beispiel mit d\u00fcnnen Dreifach-Isolierverglasungen, den Skinny Triples, die sich auf...\u003C\/p\u003E\n\n\n\u003C\/div\u003E\n                        \u003Cspan class=\u0022read-more-arrow-container\u0022\u003E\n            \u003Cspan class=\u0022read-more-angled-arrow\u0022\u003E \u003C\/span\u003E\n          \u003C\/span\u003E\n                  \u003C\/div\u003E\n    \u003C\/a\u003E\n\u003Ca href=\u0022\/produkte\/assa-abloy-schliesst-sich-eine-tuer-dann-oeffnet-der-elektrische-tueroeffner-eine-andere\u0022  class=\u0022teaser teaser--standard\u0022 aria-label=\u0022Schlie\u00dft sich eine T\u00fcr, dann \u00f6ffnet der elektrische T\u00fcr\u00f6ffner eine andere \r\u0022\u003E\n      \u003Cdiv class=\u0022teaser-content--image\u0022\u003E\n        \u003Cfigure class=\u0022image--figure\u0022\u003E\n        \u003Cpicture\u003E\n                        \u003Csource srcset=\u0022\/sites\/default\/files\/styles\/teaser_standard__m\/public\/aurora\/2026\/02\/517045.jpeg.webp?itok=ob3j4Ms_ 1x\u0022 media=\u0022(min-width: 48.0625em) and (max-width: 64em)\u0022 type=\u0022image\/webp\u0022 width=\u0022204\u0022 height=\u0022242\u0022\/\u003E\n                  \u003Csource srcset=\u0022\/sites\/default\/files\/styles\/teaser_standard__l\/public\/aurora\/2026\/02\/517045.jpeg.webp?itok=nNnk28dV 1x\u0022 media=\u0022(min-width: 64.0625em)\u0022 type=\u0022image\/webp\u0022 width=\u0022128\u0022 height=\u0022152\u0022\/\u003E\n                  \u003Csource srcset=\u0022\/sites\/default\/files\/styles\/teaser_standard__m\/public\/aurora\/2026\/02\/517045.jpeg?itok=Em50Vbr2 1x\u0022 media=\u0022(min-width: 48.0625em) and (max-width: 64em)\u0022 type=\u0022image\/jpeg\u0022 width=\u0022204\u0022 height=\u0022242\u0022\/\u003E\n                  \u003Csource srcset=\u0022\/sites\/default\/files\/styles\/teaser_standard__l\/public\/aurora\/2026\/02\/517045.jpeg?itok=RUvUjr9D 1x\u0022 media=\u0022(min-width: 64.0625em)\u0022 type=\u0022image\/jpeg\u0022 width=\u0022128\u0022 height=\u0022152\u0022\/\u003E\n                          \u003Cimg alt=\u0022\ufeffSolution Locks: Nach den Versionen f\u00fcr Vollblatt-T\u00fcren werden die Sicherheitsschl\u00f6sser mit Kippfallentechnologie 2026 auch f\u00fcr Rohrrahment\u00fcren ausgerollt.\u0022 loading=\u0022eager\u0022 data-caption-hide width=\u0022336\u0022 height=\u0022398\u0022 data-zoomed=\u0022https:\/\/www.geb-info.de\/sites\/default\/files\/styles\/content__zoomed\/public\/aurora\/2026\/02\/517045.jpeg?itok=z-0jtgZ2\u0022 src=\u0022\/sites\/default\/files\/styles\/teaser_standard__s\/public\/aurora\/2026\/02\/517045.jpeg?itok=QXw_ClHi\u0022 title=\u0022\u00a9 Bild: Assa Abloy\ufeff\u0022 \/\u003E\n\n    \u003C\/picture\u003E\n      \u003Cfigcaption class=\u0022image--figcaption\u0022\u003E\n          \u003Cdiv class=\u0022copyright\u0022\u003EBild: Assa Abloy\ufeff\u003C\/div\u003E\n          \u003C\/figcaption\u003E\n\u003C\/figure\u003E\n\n\n    \u003C\/div\u003E\n    \u003Cdiv class=\u0022teaser-content\u0022\u003E\n                    \u003Cdiv class=\u0022teaser-content--kicker\u0022\u003E\n                    Assa Abloy\n        \u003C\/div\u003E\n                                              \n                        \n        \u003Ch4 class=\u0022teaser-content--headline\u0022\u003E\n                                Schlie\u00dft sich eine T\u00fcr, dann \u00f6ffnet der elektrische T\u00fcr\u00f6ffner eine \n                              \u003Cspan class=\u0022headline-last-word-arrow\u0022\u003Eandere                      \u003C\/span\u003E\n        \u003C\/h4\u003E\n            \u003Cdiv class=\u0022teaser-content--publishing-date\u0022\u003E\u003Ctime datetime=\u00222026-03-03T14:25:26Z\u0022\u003E03.03.2026\u003C\/time\u003E\n\u003C\/div\u003E\u003Cspan class=\u0022teaser-content--publishing-date-divider\u0022\u003E - \u003C\/span\u003E\u003Cdiv class=\u0022teaser-content--body\u0022\u003E  \u003Cp\u003EDie Solution Locks von Assa Abloy schlie\u00dfen T\u00fcren mithilfe eine Kippfallentechnologie leise und m\u00fchelos, selbst bei mehreren Verriegelungspunkten oder hohen Druckunterschieden. Neu ist die Anwendung f\u00fcr Rohrrahment\u00fcren, die Architekten und Verarbeitern ein durchg\u00e4ngiges T\u00fcrsystem bietet. Die neuen...\u003C\/p\u003E\n\n\n\u003C\/div\u003E\n                        \u003Cspan class=\u0022read-more-arrow-container\u0022\u003E\n            \u003Cspan class=\u0022read-more-angled-arrow\u0022\u003E \u003C\/span\u003E\n          \u003C\/span\u003E\n                  \u003C\/div\u003E\n    \u003C\/a\u003E\n\u003Ca href=\u0022\/produkte\/geze-prasentiert-turschliesser-ts-7000\u0022  class=\u0022teaser teaser--standard\u0022 aria-label=\u0022pra\u0308sentiert Tu\u0308rschlie\u00dfer TS 7000 \u0022\u003E\n      \u003Cdiv class=\u0022teaser-content--image\u0022\u003E\n        \u003Cfigure class=\u0022image--figure\u0022\u003E\n        \u003Cpicture\u003E\n                        \u003Csource srcset=\u0022\/sites\/default\/files\/styles\/teaser_standard__m\/public\/aurora\/2026\/03\/514369.jpeg.webp?itok=qlxpZrys 1x\u0022 media=\u0022(min-width: 48.0625em) and (max-width: 64em)\u0022 type=\u0022image\/webp\u0022 width=\u0022323\u0022 height=\u0022215\u0022\/\u003E\n                  \u003Csource srcset=\u0022\/sites\/default\/files\/styles\/teaser_standard__l\/public\/aurora\/2026\/03\/514369.jpeg.webp?itok=IkiJA1Df 1x\u0022 media=\u0022(min-width: 64.0625em)\u0022 type=\u0022image\/webp\u0022 width=\u0022203\u0022 height=\u0022135\u0022\/\u003E\n                  \u003Csource srcset=\u0022\/sites\/default\/files\/styles\/teaser_standard__m\/public\/aurora\/2026\/03\/514369.jpeg?itok=i1KTHdBW 1x\u0022 media=\u0022(min-width: 48.0625em) and (max-width: 64em)\u0022 type=\u0022image\/jpeg\u0022 width=\u0022323\u0022 height=\u0022215\u0022\/\u003E\n                  \u003Csource srcset=\u0022\/sites\/default\/files\/styles\/teaser_standard__l\/public\/aurora\/2026\/03\/514369.jpeg?itok=5nnaYDhQ 1x\u0022 media=\u0022(min-width: 64.0625em)\u0022 type=\u0022image\/jpeg\u0022 width=\u0022203\u0022 height=\u0022135\u0022\/\u003E\n                          \u003Cimg alt=\u0022Mit der Vernetzungslo\u0308sung myGeze Connectivity zeigt Geze die Chancen und Anwendungsbereiche, die Geba\u0308udeautomation fu\u0308r Verarbeiter bereitha\u0308lt.\u0022 loading=\u0022eager\u0022 data-caption-hide width=\u0022597\u0022 height=\u0022398\u0022 data-zoomed=\u0022https:\/\/www.geb-info.de\/sites\/default\/files\/styles\/content__zoomed\/public\/aurora\/2026\/03\/514369.jpeg?itok=pX5sPRpe\u0022 src=\u0022\/sites\/default\/files\/styles\/teaser_standard__s\/public\/aurora\/2026\/03\/514369.jpeg?itok=bz9jCSZ2\u0022 title=\u0022\u00a9 GEZE GmbH\u0022 \/\u003E\n\n    \u003C\/picture\u003E\n      \u003Cfigcaption class=\u0022image--figcaption\u0022\u003E\n          \u003Cdiv class=\u0022copyright\u0022\u003EGEZE GmbH\u003C\/div\u003E\n          \u003C\/figcaption\u003E\n\u003C\/figure\u003E\n\n\n    \u003C\/div\u003E\n    \u003Cdiv class=\u0022teaser-content\u0022\u003E\n                    \u003Cdiv class=\u0022teaser-content--kicker\u0022\u003E\n                    Geze \n        \u003C\/div\u003E\n                                              \n                        \n        \u003Ch4 class=\u0022teaser-content--headline\u0022\u003E\n                                pra\u0308sentiert Tu\u0308rschlie\u00dfer TS \n                              \u003Cspan class=\u0022headline-last-word-arrow\u0022\u003E7000                      \u003C\/span\u003E\n        \u003C\/h4\u003E\n            \u003Cdiv class=\u0022teaser-content--publishing-date\u0022\u003E\u003Ctime datetime=\u00222026-03-03T14:15:33Z\u0022\u003E03.03.2026\u003C\/time\u003E\n\u003C\/div\u003E\u003Cspan class=\u0022teaser-content--publishing-date-divider\u0022\u003E - \u003C\/span\u003E\u003Cdiv class=\u0022teaser-content--body\u0022\u003E  \u003Cp\u003EDer G Tu\u0308rschlie\u00dfer TS 7000 von Geze ermo\u0308glicht dank Easy- flow-Technologie mu\u0308heloses O\u0308ffnen und Schlie\u00dfen, auch in si- cherheitsrelevanten Anwendungen wie Schleusen oder Flucht- wegen. Mit der Snapnfix-Montagehilfe ist der Tu\u0308rschlie\u00dfer ein- fach und schnell installiert. Das G Pivot...\u003C\/p\u003E\n\n\n\u003C\/div\u003E\n                        \u003Cspan class=\u0022read-more-arrow-container\u0022\u003E\n            \u003Cspan class=\u0022read-more-angled-arrow\u0022\u003E \u003C\/span\u003E\n          \u003C\/span\u003E\n                  \u003C\/div\u003E\n    \u003C\/a\u003E\n\u003Ca href=\u0022\/gebaeudekonzepte\/buerohaus-muenchen-graefelfing-bietet-ganzjaehrigen-komfort-ohne-heiz-und\u0022  class=\u0022teaser teaser--standard\u0022 aria-label=\u0022B\u00fcrohaus in M\u00fcnchen-Gr\u00e4felfing bietet ganzj\u00e4hrigen Komfort ohne Heiz- und Klimatechnik\u0022\u003E\n      \u003Cdiv class=\u0022teaser-content--image\u0022\u003E\n        \u003Cfigure class=\u0022image--figure\u0022\u003E\n        \u003Cpicture\u003E\n                        \u003Csource srcset=\u0022\/sites\/default\/files\/styles\/teaser_standard__m\/public\/aurora\/2026\/02\/517500.jpeg.webp?itok=-FkZdZua 1x\u0022 media=\u0022(min-width: 48.0625em) and (max-width: 64em)\u0022 type=\u0022image\/webp\u0022 width=\u0022323\u0022 height=\u0022215\u0022\/\u003E\n                  \u003Csource srcset=\u0022\/sites\/default\/files\/styles\/teaser_standard__l\/public\/aurora\/2026\/02\/517500.jpeg.webp?itok=CJ8TR3yT 1x\u0022 media=\u0022(min-width: 64.0625em)\u0022 type=\u0022image\/webp\u0022 width=\u0022203\u0022 height=\u0022135\u0022\/\u003E\n                  \u003Csource srcset=\u0022\/sites\/default\/files\/styles\/teaser_standard__m\/public\/aurora\/2026\/02\/517500.jpeg?itok=FtJueC2D 1x\u0022 media=\u0022(min-width: 48.0625em) and (max-width: 64em)\u0022 type=\u0022image\/jpeg\u0022 width=\u0022323\u0022 height=\u0022215\u0022\/\u003E\n                  \u003Csource srcset=\u0022\/sites\/default\/files\/styles\/teaser_standard__l\/public\/aurora\/2026\/02\/517500.jpeg?itok=iHS_Y3Up 1x\u0022 media=\u0022(min-width: 64.0625em)\u0022 type=\u0022image\/jpeg\u0022 width=\u0022203\u0022 height=\u0022135\u0022\/\u003E\n                          \u003Cimg alt=\u0022Der nachhaltige B\u00fcroneubau in M\u00fcnchen-Gr\u00e4felfing setzt auf eine w\u00e4rmetechnisch optimierte Geb\u00e4udeh\u00fclle und intelligente Innenraumgestaltung statt herk\u00f6mmlicher Heiz- und Klimaanlagen.\u0022 loading=\u0022eager\u0022 data-caption-hide width=\u0022597\u0022 height=\u0022398\u0022 data-zoomed=\u0022https:\/\/www.geb-info.de\/sites\/default\/files\/styles\/content__zoomed\/public\/aurora\/2026\/02\/517500.jpeg?itok=iZV6C7EY\u0022 src=\u0022\/sites\/default\/files\/styles\/teaser_standard__s\/public\/aurora\/2026\/02\/517500.jpeg?itok=zV5tvpzX\u0022 title=\u0022\u00a9 Heiko Stahl\u0022 \/\u003E\n\n    \u003C\/picture\u003E\n      \u003Cfigcaption class=\u0022image--figcaption\u0022\u003E\n          \u003Cdiv class=\u0022copyright\u0022\u003EHeiko Stahl\u003C\/div\u003E\n          \u003C\/figcaption\u003E\n\u003C\/figure\u003E\n\n\n    \u003C\/div\u003E\n    \u003Cdiv class=\u0022teaser-content\u0022\u003E\n                    \u003Cdiv class=\u0022teaser-content--kicker\u0022\u003E\n                    \n        \u003C\/div\u003E\n                                              \n                        \n        \u003Ch4 class=\u0022teaser-content--headline\u0022\u003E\n                                B\u00fcrohaus in M\u00fcnchen-Gr\u00e4felfing bietet ganzj\u00e4hrigen Komfort ohne Heiz- und \n                              \u003Cspan class=\u0022headline-last-word-arrow\u0022\u003EKlimatechnik                      \u003C\/span\u003E\n        \u003C\/h4\u003E\n            \u003Cdiv class=\u0022teaser-content--publishing-date\u0022\u003E\u003Ctime datetime=\u00222026-03-01T05:00:03Z\u0022\u003E01.03.2026\u003C\/time\u003E\n\u003C\/div\u003E\u003Cspan class=\u0022teaser-content--publishing-date-divider\u0022\u003E - \u003C\/span\u003E\u003Cdiv class=\u0022teaser-content--body\u0022\u003E\u003Cp\u003EKann ein B\u00fcrogeb\u00e4ude ohne Heizung und Klimaanlage dauerhaft komfortable Temperaturen bieten? In M\u00fcnchen-Gr\u00e4felfing wurde dies mit einer massiven Ziegelh\u00fclle erstmals umgesetzt. Wie das geht, zeigt dieser Beitrag.\u003C\/p\u003E\n\u003C\/div\u003E\n                        \u003Cspan class=\u0022read-more-arrow-container\u0022\u003E\n            \u003Cspan class=\u0022read-more-angled-arrow\u0022\u003E \u003C\/span\u003E\n          \u003C\/span\u003E\n                  \u003C\/div\u003E\n    \u003C\/a\u003E\n\u003Ca href=\u0022\/forschung\/ift-rosenheim-feiert-jubilaeum\u0022  class=\u0022teaser teaser--standard\u0022 aria-label=\u0022ift Rosenheim feiert Jubil\u00e4um\u0022\u003E\n      \u003Cdiv class=\u0022teaser-content--image\u0022\u003E\n        \u003Cfigure class=\u0022image--figure\u0022\u003E\n        \u003Cpicture\u003E\n                        \u003Csource srcset=\u0022\/sites\/default\/files\/styles\/teaser_standard__m\/public\/aurora\/2026\/02\/514454.jpeg.webp?itok=FnrSOJzL 1x\u0022 media=\u0022(min-width: 48.0625em) and (max-width: 64em)\u0022 type=\u0022image\/webp\u0022 width=\u0022323\u0022 height=\u0022215\u0022\/\u003E\n                  \u003Csource srcset=\u0022\/sites\/default\/files\/styles\/teaser_standard__l\/public\/aurora\/2026\/02\/514454.jpeg.webp?itok=XpG1uFZ4 1x\u0022 media=\u0022(min-width: 64.0625em)\u0022 type=\u0022image\/webp\u0022 width=\u0022203\u0022 height=\u0022135\u0022\/\u003E\n                  \u003Csource srcset=\u0022\/sites\/default\/files\/styles\/teaser_standard__m\/public\/aurora\/2026\/02\/514454.jpeg?itok=d35J1Sya 1x\u0022 media=\u0022(min-width: 48.0625em) and (max-width: 64em)\u0022 type=\u0022image\/jpeg\u0022 width=\u0022323\u0022 height=\u0022215\u0022\/\u003E\n                  \u003Csource srcset=\u0022\/sites\/default\/files\/styles\/teaser_standard__l\/public\/aurora\/2026\/02\/514454.jpeg?itok=YALxoeGf 1x\u0022 media=\u0022(min-width: 64.0625em)\u0022 type=\u0022image\/jpeg\u0022 width=\u0022203\u0022 height=\u0022135\u0022\/\u003E\n                          \u003Cimg alt=\u0022Die Mitarbeiterinnen und Mitarbeiter des ift Rosenheim k\u00f6nnen 60 Jahre Institutsjubil\u00e4ums feiern.\u0022 loading=\u0022eager\u0022 data-caption-hide width=\u0022597\u0022 height=\u0022398\u0022 data-zoomed=\u0022https:\/\/www.geb-info.de\/sites\/default\/files\/styles\/content__zoomed\/public\/aurora\/2026\/02\/514454.jpeg?itok=irvJ5FKe\u0022 src=\u0022\/sites\/default\/files\/styles\/teaser_standard__s\/public\/aurora\/2026\/02\/514454.jpeg?itok=Ia40jICa\u0022 title=\u0022\u00a9 ift Rosenheim\u0022 \/\u003E\n\n    \u003C\/picture\u003E\n      \u003Cfigcaption class=\u0022image--figcaption\u0022\u003E\n          \u003Cdiv class=\u0022copyright\u0022\u003Eift Rosenheim\u003C\/div\u003E\n          \u003C\/figcaption\u003E\n\u003C\/figure\u003E\n\n\n    \u003C\/div\u003E\n    \u003Cdiv class=\u0022teaser-content\u0022\u003E\n                    \u003Cdiv class=\u0022teaser-content--kicker\u0022\u003E\n                    \n        \u003C\/div\u003E\n                                              \n                        \n        \u003Ch4 class=\u0022teaser-content--headline\u0022\u003E\n                                ift Rosenheim feiert \n                              \u003Cspan class=\u0022headline-last-word-arrow\u0022\u003EJubil\u00e4um                      \u003C\/span\u003E\n        \u003C\/h4\u003E\n            \u003Cdiv class=\u0022teaser-content--publishing-date\u0022\u003E\u003Ctime datetime=\u00222026-02-15T05:00:05Z\u0022\u003E15.02.2026\u003C\/time\u003E\n\u003C\/div\u003E\u003Cspan class=\u0022teaser-content--publishing-date-divider\u0022\u003E - \u003C\/span\u003E\u003Cdiv class=\u0022teaser-content--body\u0022\u003E\u003Cp\u003E1966 gr\u00fcndete sich das Institut f\u00fcr Fenstertechnik. Seine Aufgabe: Die Qualit\u00e4t von Holzfenstern durch Forschung, Pr\u00fcfung und Zertifizierung zu verbessern. In den folgenden 60 Jahren sind viele neue Aufgabengebiete hinzugekommen.\u003C\/p\u003E\n\u003C\/div\u003E\n                        \u003Cspan class=\u0022read-more-arrow-container\u0022\u003E\n            \u003Cspan class=\u0022read-more-angled-arrow\u0022\u003E \u003C\/span\u003E\n          \u003C\/span\u003E\n                  \u003C\/div\u003E\n    \u003C\/a\u003E\n\u003Ca href=\u0022\/schwerpunkt\/neue-und-wiederentdeckte-baustoffe-zurueck-die-zukunft\u0022  class=\u0022teaser teaser--standard\u0022 aria-label=\u0022Zur\u00fcck in die Zukunft\r\u0022\u003E\n      \u003Cdiv class=\u0022teaser-content--image\u0022\u003E\n        \u003Cfigure class=\u0022image--figure\u0022\u003E\n        \u003Cpicture\u003E\n                        \u003Csource srcset=\u0022\/sites\/default\/files\/styles\/teaser_standard__m\/public\/aurora\/2026\/02\/509255.jpeg.webp?itok=c3eA8jOo 1x\u0022 media=\u0022(min-width: 48.0625em) and (max-width: 64em)\u0022 type=\u0022image\/webp\u0022 width=\u0022323\u0022 height=\u0022141\u0022\/\u003E\n                  \u003Csource srcset=\u0022\/sites\/default\/files\/styles\/teaser_standard__l\/public\/aurora\/2026\/02\/509255.jpeg.webp?itok=WvMjxu8v 1x\u0022 media=\u0022(min-width: 64.0625em)\u0022 type=\u0022image\/webp\u0022 width=\u0022203\u0022 height=\u002289\u0022\/\u003E\n                  \u003Csource srcset=\u0022\/sites\/default\/files\/styles\/teaser_standard__m\/public\/aurora\/2026\/02\/509255.jpeg?itok=Sdr6MGe7 1x\u0022 media=\u0022(min-width: 48.0625em) and (max-width: 64em)\u0022 type=\u0022image\/jpeg\u0022 width=\u0022323\u0022 height=\u0022141\u0022\/\u003E\n                  \u003Csource srcset=\u0022\/sites\/default\/files\/styles\/teaser_standard__l\/public\/aurora\/2026\/02\/509255.jpeg?itok=Zp_KclIY 1x\u0022 media=\u0022(min-width: 64.0625em)\u0022 type=\u0022image\/jpeg\u0022 width=\u0022203\u0022 height=\u002289\u0022\/\u003E\n                          \u003Cimg alt=\u0022Die mit \u00f6kologischen Baustoffen errichtete Waldorf-Kinderkrippe in Villingen-\u00adSchwenningen hat der freie Architekt\u00a0Otto Merz entworfen und geplant\u00a0(www.otto-merz.eu)\u0022 loading=\u0022eager\u0022 data-caption-hide width=\u0022708\u0022 height=\u0022310\u0022 data-zoomed=\u0022https:\/\/www.geb-info.de\/sites\/default\/files\/styles\/content__zoomed\/public\/aurora\/2026\/02\/509255.jpeg?itok=Gx3k9OEc\u0022 src=\u0022\/sites\/default\/files\/styles\/teaser_standard__s\/public\/aurora\/2026\/02\/509255.jpeg?itok=haJO6WBF\u0022 title=\u0022\u00a9 Bild: Arno Witt\u0022 \/\u003E\n\n    \u003C\/picture\u003E\n      \u003Cfigcaption class=\u0022image--figcaption\u0022\u003E\n          \u003Cdiv class=\u0022copyright\u0022\u003EBild: Arno Witt\u003C\/div\u003E\n          \u003C\/figcaption\u003E\n\u003C\/figure\u003E\n\n\n    \u003C\/div\u003E\n    \u003Cdiv class=\u0022teaser-content\u0022\u003E\n                    \u003Cdiv class=\u0022teaser-content--kicker\u0022\u003E\n                    Neue und wiederentdeckte Baustoffe\n        \u003C\/div\u003E\n                                              \n                        \n        \u003Ch4 class=\u0022teaser-content--headline\u0022\u003E\n                                Zur\u00fcck in die \n                              \u003Cspan class=\u0022headline-last-word-arrow\u0022\u003EZukunft              \u003Cspan\n                  class=\u0022permission-lock permission-lock-icon--\u0022\u003E\u003C\/span\u003E\n                                  \u003C\/span\u003E\n        \u003C\/h4\u003E\n            \u003Cdiv class=\u0022teaser-content--publishing-date\u0022\u003E\u003Ctime datetime=\u00222026-02-03T10:12:09Z\u0022\u003E03.02.2026\u003C\/time\u003E\n\u003C\/div\u003E\u003Cspan class=\u0022teaser-content--publishing-date-divider\u0022\u003E - \u003C\/span\u003E\u003Cdiv class=\u0022teaser-content--body\u0022\u003E\u003Cp\u003EAn Baustoffen gibt es mehr als Beton, Kalksandstein, Stahl oder Ziegel. Alternativen wie Holz, Lehm oder Stroh punkten fast durchweg mit CO\u2082-sparender Herstellung und Kreislauff\u00e4higkeit. Da die Lebenszyklusbilanz eines Geb\u00e4udes zuk\u00fcnftig wichtiger werden wird, sollten sich Energieberatende mit diesen Materialien besch\u00e4ftigen \u2013 auch wenn manche noch in der Entwickl\ufeffung sind.\u2003Alexander Borchert\u003C\/p\u003E\n\u003C\/div\u003E\n                        \u003Cspan class=\u0022read-more-arrow-container\u0022\u003E\n            \u003Cspan class=\u0022read-more-angled-arrow\u0022\u003E \u003C\/span\u003E\n          \u003C\/span\u003E\n                  \u003C\/div\u003E\n    \u003C\/a\u003E\n\u003Ca href=\u0022\/produkte\/swisspearl-dach-und-fassade-goes-pv\u0022  class=\u0022teaser teaser--standard\u0022 aria-label=\u0022Dach und Fassade goes PV\r\u0022\u003E\n      \u003Cdiv class=\u0022teaser-content--image\u0022\u003E\n        \u003Cfigure class=\u0022image--figure\u0022\u003E\n        \u003Cpicture\u003E\n                        \u003Csource srcset=\u0022\/sites\/default\/files\/styles\/teaser_standard__m\/public\/aurora\/2026\/02\/509399.jpeg.webp?itok=MljZHHri 1x\u0022 media=\u0022(min-width: 48.0625em) and (max-width: 64em)\u0022 type=\u0022image\/webp\u0022 width=\u0022323\u0022 height=\u0022198\u0022\/\u003E\n                  \u003Csource srcset=\u0022\/sites\/default\/files\/styles\/teaser_standard__l\/public\/aurora\/2026\/02\/509399.jpeg.webp?itok=61C47OP9 1x\u0022 media=\u0022(min-width: 64.0625em)\u0022 type=\u0022image\/webp\u0022 width=\u0022203\u0022 height=\u0022124\u0022\/\u003E\n                  \u003Csource srcset=\u0022\/sites\/default\/files\/styles\/teaser_standard__m\/public\/aurora\/2026\/02\/509399.jpeg?itok=hcOCiZhu 1x\u0022 media=\u0022(min-width: 48.0625em) and (max-width: 64em)\u0022 type=\u0022image\/jpeg\u0022 width=\u0022323\u0022 height=\u0022198\u0022\/\u003E\n                  \u003Csource srcset=\u0022\/sites\/default\/files\/styles\/teaser_standard__l\/public\/aurora\/2026\/02\/509399.jpeg?itok=saITv3PR 1x\u0022 media=\u0022(min-width: 64.0625em)\u0022 type=\u0022image\/jpeg\u0022 width=\u0022203\u0022 height=\u0022124\u0022\/\u003E\n                          \u003Cimg alt=\u0022Das System Sunskin Facade Flat erm\u00f6glicht die planebene Montage von PV-Modulen. Die im Bild sichtbare Kombination der planeben montierten PV-Module mit Wellplatten erforderte unterschiedliche Unterkonstruktionen.\u0022 loading=\u0022eager\u0022 data-caption-hide width=\u0022651\u0022 height=\u0022398\u0022 data-zoomed=\u0022https:\/\/www.geb-info.de\/sites\/default\/files\/styles\/content__zoomed\/public\/aurora\/2026\/02\/509399.jpeg?itok=TAW_F_vs\u0022 src=\u0022\/sites\/default\/files\/styles\/teaser_standard__s\/public\/aurora\/2026\/02\/509399.jpeg?itok=Ega1v76_\u0022 title=\u0022\u00a9 Bild: Swisspearl\u0022 \/\u003E\n\n    \u003C\/picture\u003E\n      \u003Cfigcaption class=\u0022image--figcaption\u0022\u003E\n          \u003Cdiv class=\u0022copyright\u0022\u003EBild: Swisspearl\u003C\/div\u003E\n          \u003C\/figcaption\u003E\n\u003C\/figure\u003E\n\n\n    \u003C\/div\u003E\n    \u003Cdiv class=\u0022teaser-content\u0022\u003E\n                    \u003Cdiv class=\u0022teaser-content--kicker\u0022\u003E\n                    Swisspearl\n        \u003C\/div\u003E\n                                              \n                        \n        \u003Ch4 class=\u0022teaser-content--headline\u0022\u003E\n                                Dach und Fassade goes \n                              \u003Cspan class=\u0022headline-last-word-arrow\u0022\u003EPV                      \u003C\/span\u003E\n        \u003C\/h4\u003E\n            \u003Cdiv class=\u0022teaser-content--publishing-date\u0022\u003E\u003Ctime datetime=\u00222026-02-03T10:11:35Z\u0022\u003E03.02.2026\u003C\/time\u003E\n\u003C\/div\u003E\u003Cspan class=\u0022teaser-content--publishing-date-divider\u0022\u003E - \u003C\/span\u003E\u003Cdiv class=\u0022teaser-content--body\u0022\u003E  \u003Cp\u003EAuf der Dach+Holz stellt Swisspearl verschiedene Dach- und Fassadensysteme vor. Das Solardachsystem Sunskin Roof Lap hilft PV ins Dach zu integrieren. Es ist in vier Standardfarben erh\u00e4ltlich. Die PV-Systeme\u0026nbsp;Sunskin Facade Lap und\u0026nbsp;Sunskin Facade Flat f\u00fcr die Fassade sch\u00fctzen das Geb\u00e4ude vor...\u003C\/p\u003E\n\n\n\u003C\/div\u003E\n                        \u003Cspan class=\u0022read-more-arrow-container\u0022\u003E\n            \u003Cspan class=\u0022read-more-angled-arrow\u0022\u003E \u003C\/span\u003E\n          \u003C\/span\u003E\n                  \u003C\/div\u003E\n    \u003C\/a\u003E\n\u003Ca href=\u0022\/produkte\/etex-neue-dach-und-fassadenplatten-erweitern-angebot\u0022  class=\u0022teaser teaser--standard\u0022 aria-label=\u0022Neue Dach- und Fassadenplatten erweitern Angebot \r\u0022\u003E\n      \u003Cdiv class=\u0022teaser-content--image\u0022\u003E\n        \u003Cfigure class=\u0022image--figure\u0022\u003E\n        \u003Cpicture\u003E\n                        \u003Csource srcset=\u0022\/sites\/default\/files\/styles\/teaser_standard__m\/public\/aurora\/2026\/02\/509397.jpeg.webp?itok=N2MMd0BW 1x\u0022 media=\u0022(min-width: 48.0625em) and (max-width: 64em)\u0022 type=\u0022image\/webp\u0022 width=\u0022323\u0022 height=\u0022214\u0022\/\u003E\n                  \u003Csource srcset=\u0022\/sites\/default\/files\/styles\/teaser_standard__l\/public\/aurora\/2026\/02\/509397.jpeg.webp?itok=1FGlaFaA 1x\u0022 media=\u0022(min-width: 64.0625em)\u0022 type=\u0022image\/webp\u0022 width=\u0022203\u0022 height=\u0022134\u0022\/\u003E\n                  \u003Csource srcset=\u0022\/sites\/default\/files\/styles\/teaser_standard__m\/public\/aurora\/2026\/02\/509397.jpeg?itok=z2OeBkAR 1x\u0022 media=\u0022(min-width: 48.0625em) and (max-width: 64em)\u0022 type=\u0022image\/jpeg\u0022 width=\u0022323\u0022 height=\u0022214\u0022\/\u003E\n                  \u003Csource srcset=\u0022\/sites\/default\/files\/styles\/teaser_standard__l\/public\/aurora\/2026\/02\/509397.jpeg?itok=q67q_RJF 1x\u0022 media=\u0022(min-width: 64.0625em)\u0022 type=\u0022image\/jpeg\u0022 width=\u0022203\u0022 height=\u0022134\u0022\/\u003E\n                          \u003Cimg alt=\u0022Die neue Farbserie der Dach- und Fassadenplatte Cedral Alterna f\u00fcr das Plattenformat 32\u00d760\u202fcm wird auf der Dach+Holz pr\u00e4sentiert.\u0022 loading=\u0022eager\u0022 data-caption-hide width=\u0022602\u0022 height=\u0022398\u0022 data-zoomed=\u0022https:\/\/www.geb-info.de\/sites\/default\/files\/styles\/content__zoomed\/public\/aurora\/2026\/02\/509397.jpeg?itok=vezmtCwM\u0022 src=\u0022\/sites\/default\/files\/styles\/teaser_standard__s\/public\/aurora\/2026\/02\/509397.jpeg?itok=AEY27IVf\u0022 title=\u0022\u00a9 Bild: Etex Germany Exteriors\u0022 \/\u003E\n\n    \u003C\/picture\u003E\n      \u003Cfigcaption class=\u0022image--figcaption\u0022\u003E\n          \u003Cdiv class=\u0022copyright\u0022\u003EBild: Etex Germany Exteriors\u003C\/div\u003E\n          \u003C\/figcaption\u003E\n\u003C\/figure\u003E\n\n\n    \u003C\/div\u003E\n    \u003Cdiv class=\u0022teaser-content\u0022\u003E\n                    \u003Cdiv class=\u0022teaser-content--kicker\u0022\u003E\n                    Etex\n        \u003C\/div\u003E\n                                              \n                        \n        \u003Ch4 class=\u0022teaser-content--headline\u0022\u003E\n                                Neue Dach- und Fassadenplatten erweitern \n                              \u003Cspan class=\u0022headline-last-word-arrow\u0022\u003EAngebot                      \u003C\/span\u003E\n        \u003C\/h4\u003E\n            \u003Cdiv class=\u0022teaser-content--publishing-date\u0022\u003E\u003Ctime datetime=\u00222026-02-03T10:11:34Z\u0022\u003E03.02.2026\u003C\/time\u003E\n\u003C\/div\u003E\u003Cspan class=\u0022teaser-content--publishing-date-divider\u0022\u003E - \u003C\/span\u003E\u003Cdiv class=\u0022teaser-content--body\u0022\u003E  \u003Cp\u003EEtex Germany Exteriors stellt auf der Dach+Holz das Sortiment Cedral Alterna vor. Die Dach- und Fassadenplatten aus Faserzement sind robust, formstabil und witterungsbest\u00e4ndig. Zudem erweiterte das Unternehmen die Farbpalette um Sandbeige, Metallgrau, Lavagrau und Schwarz. Etex pr\u00e4sentiert au\u00dferdem...\u003C\/p\u003E\n\n\n\u003C\/div\u003E\n                        \u003Cspan class=\u0022read-more-arrow-container\u0022\u003E\n            \u003Cspan class=\u0022read-more-angled-arrow\u0022\u003E \u003C\/span\u003E\n          \u003C\/span\u003E\n                  \u003C\/div\u003E\n    \u003C\/a\u003E\n\u003Ca href=\u0022\/produkte\/pro-clima-gut-geschuetzt-gegen-die-witterung\u0022  class=\u0022teaser teaser--standard\u0022 aria-label=\u0022Gut gesch\u00fctzt gegen die \u00adWitterung \r\u0022\u003E\n      \u003Cdiv class=\u0022teaser-content--image\u0022\u003E\n        \u003Cfigure class=\u0022image--figure\u0022\u003E\n        \u003Cpicture\u003E\n                        \u003Csource srcset=\u0022\/sites\/default\/files\/styles\/teaser_standard__m\/public\/aurora\/2026\/01\/509393.jpeg.webp?itok=aoOE4C-O 1x\u0022 media=\u0022(min-width: 48.0625em) and (max-width: 64em)\u0022 type=\u0022image\/webp\u0022 width=\u0022323\u0022 height=\u0022206\u0022\/\u003E\n                  \u003Csource srcset=\u0022\/sites\/default\/files\/styles\/teaser_standard__l\/public\/aurora\/2026\/01\/509393.jpeg.webp?itok=q05JCgOl 1x\u0022 media=\u0022(min-width: 64.0625em)\u0022 type=\u0022image\/webp\u0022 width=\u0022203\u0022 height=\u0022129\u0022\/\u003E\n                  \u003Csource srcset=\u0022\/sites\/default\/files\/styles\/teaser_standard__m\/public\/aurora\/2026\/01\/509393.jpeg?itok=9ecDd8A- 1x\u0022 media=\u0022(min-width: 48.0625em) and (max-width: 64em)\u0022 type=\u0022image\/jpeg\u0022 width=\u0022323\u0022 height=\u0022206\u0022\/\u003E\n                  \u003Csource srcset=\u0022\/sites\/default\/files\/styles\/teaser_standard__l\/public\/aurora\/2026\/01\/509393.jpeg?itok=4zL7mWAL 1x\u0022 media=\u0022(min-width: 64.0625em)\u0022 type=\u0022image\/jpeg\u0022 width=\u0022203\u0022 height=\u0022129\u0022\/\u003E\n                          \u003Cimg alt=\u0022Ein neues Produkt von Pro clima: Solitex Adhero Sensis ist eine vollfl\u00e4chig klebende Witterungsschutzbahn mit Feuchtesensorik.\u0022 loading=\u0022eager\u0022 data-caption-hide width=\u0022625\u0022 height=\u0022398\u0022 data-zoomed=\u0022https:\/\/www.geb-info.de\/sites\/default\/files\/styles\/content__zoomed\/public\/aurora\/2026\/01\/509393.jpeg?itok=3stwyaoU\u0022 src=\u0022\/sites\/default\/files\/styles\/teaser_standard__s\/public\/aurora\/2026\/01\/509393.jpeg?itok=ETmngPdN\u0022 title=\u0022\u00a9 Bild: Pro clima\u0022 \/\u003E\n\n    \u003C\/picture\u003E\n      \u003Cfigcaption class=\u0022image--figcaption\u0022\u003E\n          \u003Cdiv class=\u0022copyright\u0022\u003EBild: Pro clima\u003C\/div\u003E\n          \u003C\/figcaption\u003E\n\u003C\/figure\u003E\n\n\n    \u003C\/div\u003E\n    \u003Cdiv class=\u0022teaser-content\u0022\u003E\n                    \u003Cdiv class=\u0022teaser-content--kicker\u0022\u003E\n                    Pro clima\n        \u003C\/div\u003E\n                                              \n                        \n        \u003Ch4 class=\u0022teaser-content--headline\u0022\u003E\n                                Gut gesch\u00fctzt gegen die \n                              \u003Cspan class=\u0022headline-last-word-arrow\u0022\u003E\u00adWitterung                      \u003C\/span\u003E\n        \u003C\/h4\u003E\n            \u003Cdiv class=\u0022teaser-content--publishing-date\u0022\u003E\u003Ctime datetime=\u00222026-02-03T10:11:31Z\u0022\u003E03.02.2026\u003C\/time\u003E\n\u003C\/div\u003E\u003Cspan class=\u0022teaser-content--publishing-date-divider\u0022\u003E - \u003C\/span\u003E\u003Cdiv class=\u0022teaser-content--body\u0022\u003E  \u003Cp\u003EPro clima pr\u00e4sentiert auf der Dach+Holz neue Produkte f\u00fcr die sichere Luft- und Winddichtung von Dach und Fassade. Im Fokus stehen die Solitex Adhero-Membranen, die Bauzeitenschutz mit Feuchtesensorik kombinieren. Die spr\u00fchbare Luftdichtung Aerosana Visconn k\u00f6nnen Besucher live am Stand testen...\u003C\/p\u003E\n\n\n\u003C\/div\u003E\n                        \u003Cspan class=\u0022read-more-arrow-container\u0022\u003E\n            \u003Cspan class=\u0022read-more-angled-arrow\u0022\u003E \u003C\/span\u003E\n          \u003C\/span\u003E\n                  \u003C\/div\u003E\n    \u003C\/a\u003E\n","entity_type":"node","used_ids":["",257111,257073,257069,257067,257044,255253,255251,255236,255234,255232,255212,255210,255198,254909,254408,253676,253638,253636,253631],"show_more":"\u003Cdiv class=\u0022del-show-more\u0022\u003E\u003Ca href=\u0022\/ajax\/del\/00f7ec1a-6614-4312-a340-0bdf4e0d2c9d\/paragraph\/20\/19\/asc\/eyJub2RlIjp7ImlkIjoiMTg3NDAzIiwidHlwZSI6InBhZ2UifX0%3D\u0022 title=\u0022Mehr Elemente anzeigen\u0022 class=\u0022del-show-more-link use-ajax\u0022 rel=\u0022nofollow\u0022 data-target-type=\u0022node\u0022 aria-controls=\u0022del--paragraph-656964--content\u0022 aria-label=\u0022Mehr Elemente anzeigen\u0022\u003EMehr anzeigen\u003C\/a\u003E\u003C\/div\u003E\n"}]